{"id":248861,"date":"2018-11-10T09:23:53","date_gmt":"2018-11-10T08:23:53","guid":{"rendered":"https:\/\/hashtag.al\/?p=248861"},"modified":"2018-11-10T09:25:10","modified_gmt":"2018-11-10T08:25:10","slug":"urgjente-gjykata-kushtetuese-te-vihet-ne-funksion-ambasadorja-e-frances","status":"publish","type":"post","link":"https:\/\/www.hashtag.al\/index.php\/2018\/11\/10\/urgjente-gjykata-kushtetuese-te-vihet-ne-funksion-ambasadorja-e-frances\/","title":{"rendered":"\u201cUrgjente, Gjykata Kushtetuese t\u00eb vihet n\u00eb funksion\u201d \u2013 ambasadorja e Franc\u00ebs","gt_translate_keys":[{"key":"rendered","format":"text"}]},"content":{"rendered":"<p><img loading=\"lazy\" decoding=\"async\" class=\"aligncenter size-full wp-image-248862\" src=\"https:\/\/hashtag.al\/wp-content\/uploads\/2018\/11\/vasak-780x405.jpg\" alt=\"\" width=\"780\" height=\"405\" srcset=\"https:\/\/www.hashtag.al\/wp-content\/uploads\/2018\/11\/vasak-780x405.jpg 780w, https:\/\/www.hashtag.al\/wp-content\/uploads\/2018\/11\/vasak-780x405-300x156.jpg 300w, https:\/\/www.hashtag.al\/wp-content\/uploads\/2018\/11\/vasak-780x405-768x399.jpg 768w\" sizes=\"auto, (max-width: 780px) 100vw, 780px\" \/><\/p>\n<p><span style=\"color: #000000;\">Ng\u00ebr\u00e7i i krijuar mes presidentit t\u00eb Republik\u00ebs Ilir Meta dhe kryeministrit Edi Rama, p\u00ebr \u00e7\u00ebshtjen e Sand\u00ebr Lleshit, ka shkaktuar mjaft debate.<\/span><\/p>\n<p><span style=\"color: #000000;\">Lidhur me k\u00ebt\u00eb, n\u00eb nj\u00eb takim n\u00eb Kor\u00e7\u00eb ka folur ambasadorja e Franc\u00ebs, Christine Vasak.<\/span><\/p>\n<p><span style=\"color: #000000;\">Ambasadorja ka deklaruar se Kryeministri dhe Presidenti Ilir Meta duhet t\u2019i japin zgjidhje ng\u00ebr\u00e7it mes tyre p\u00ebr dekretimin e Sand\u00ebr Lleshit, megtjithat\u00eb ajo shtoi se t\u00eb dy jan\u00eb politikan\u00eb me eksperienc\u00eb dhe e din\u00eb \u00e7far\u00eb duhet t\u00eb b\u00ebjn\u00eb.<\/span><\/p>\n<p><span style=\"color: #000000;\"><em>\u201cUn\u00eb mund t\u00eb reagoj si juriste, por nuk m\u00eb takon mua dhe koleg\u00ebve t\u00eb mi t\u00eb reagojm\u00eb p\u00ebr k\u00ebt\u00eb situat\u00eb. Mendoj q\u00eb si kryeministri ashtu edhe presidenti jan\u00eb persona me eksperienc\u00eb n\u00eb politik\u00eb q\u00eb kan\u00eb shk\u00ebmbime permanente mes tyre dhe q\u00eb e din\u00eb shum\u00eb mir\u00eb se \u00e7far\u00eb duhet t\u00eb ndodh\u00eb\u201d<\/em>,\u00a0tha Vasak.<\/span><\/p>\n<p><span style=\"color: #000000;\">Nd\u00ebr t\u00eb tjera, Vasak k\u00ebrkoi q\u00eb Gjykata Kushtetuese t\u00eb jet\u00eb funksionale, duke e konsideruar k\u00ebt\u00eb si urgjente.<\/span><\/p>\n<p><span style=\"color: #000000;\"><em>\u00a0\u201cJu e drejtoni gishtin n\u00eb nj\u00eb problematik t\u00eb v\u00ebrtet\u00eb, por do duhet q\u00eb si \u00e7do vend tjet\u00ebr edhe Shqip\u00ebria t\u00eb ket\u00eb Gjykat\u00ebn Kushtetuese. \u00cbsht\u00eb e nevojshme si n\u00eb k\u00ebndv\u00ebshtrimin e politik\u00ebs s\u00eb brendshme ashtu edhe p\u00ebr politik\u00ebn e jashtme. Edhe k\u00ebtu duhet t\u00eb kemi besim tek autoritetet kompetente q\u00eb t\u00eb gjejn\u00eb nj\u00eb zgjidhje sepse v\u00ebrtet \u00ebsht\u00eb urgjente\u201d<\/em>,\u00a0tha ambasadorja e Franc\u00ebs n\u00eb Shqip\u00ebri.<\/span><\/p>\n","protected":false,"gt_translate_keys":[{"key":"rendered","format":"html"}]},"excerpt":{"rendered":"<p>Ng\u00ebr\u00e7i i krijuar mes presidentit t\u00eb Republik\u00ebs Ilir Meta dhe kryeministrit Edi Rama, p\u00ebr \u00e7\u00ebshtjen e Sand\u00ebr Lleshit, ka shkaktuar mjaft debate. Lidhur me k\u00ebt\u00eb, n\u00eb nj\u00eb takim n\u00eb Kor\u00e7\u00eb ka folur ambasadorja e Franc\u00ebs, Christine Vasak. Ambasadorja ka deklaruar se Kryeministri dhe Presidenti Ilir Meta duhet t\u2019i japin zgjidhje ng\u00ebr\u00e7it mes tyre p\u00ebr dekretimin [&hellip;]<\/p>\n","protected":false,"gt_translate_keys":[{"key":"rendered","format":"html"}]},"author":30,"featured_media":243366,"comment_status":"open","ping_status":"open","sticky":false,"template":"","format":"standard","meta":{"footnotes":""},"categories":[65],"tags":[],"class_list":["post-248861","post","type-post","status-publish","format-standard","has-post-thumbnail","hentry","category-lajme"],"gt_translate_keys":[{"key":"link","format":"url"}],"_links":{"self":[{"href":"https:\/\/www.hashtag.al\/index.php\/wp-json\/wp\/v2\/posts\/248861","targetHints":{"allow":["GET"]}}],"collection":[{"href":"https:\/\/www.hashtag.al\/index.php\/wp-json\/wp\/v2\/posts"}],"about":[{"href":"https:\/\/www.hashtag.al\/index.php\/wp-json\/wp\/v2\/types\/post"}],"author":[{"embeddable":true,"href":"https:\/\/www.hashtag.al\/index.php\/wp-json\/wp\/v2\/users\/30"}],"replies":[{"embeddable":true,"href":"https:\/\/www.hashtag.al\/index.php\/wp-json\/wp\/v2\/comments?post=248861"}],"version-history":[{"count":0,"href":"https:\/\/www.hashtag.al\/index.php\/wp-json\/wp\/v2\/posts\/248861\/revisions"}],"wp:featuredmedia":[{"embeddable":true,"href":"https:\/\/www.hashtag.al\/index.php\/wp-json\/wp\/v2\/media\/243366"}],"wp:attachment":[{"href":"https:\/\/www.hashtag.al\/index.php\/wp-json\/wp\/v2\/media?parent=248861"}],"wp:term":[{"taxonomy":"category","embeddable":true,"href":"https:\/\/www.hashtag.al\/index.php\/wp-json\/wp\/v2\/categories?post=248861"},{"taxonomy":"post_tag","embeddable":true,"href":"https:\/\/www.hashtag.al\/index.php\/wp-json\/wp\/v2\/tags?post=248861"}],"curies":[{"name":"wp","href":"https:\/\/api.w.org\/{rel}","templated":true}]}}