{"id":248561,"date":"2018-11-09T09:14:13","date_gmt":"2018-11-09T08:14:13","guid":{"rendered":"https:\/\/hashtag.al\/?p=248561"},"modified":"2018-11-09T09:21:11","modified_gmt":"2018-11-09T08:21:11","slug":"shqiptaret-ne-bruksel-i-bertasin-nga-ndertesat-vucic-vihet-ne-siklet-video","status":"publish","type":"post","link":"https:\/\/www.hashtag.al\/index.php\/2018\/11\/09\/shqiptaret-ne-bruksel-i-bertasin-nga-ndertesat-vucic-vihet-ne-siklet-video\/","title":{"rendered":"Shqiptar\u00ebt n\u00eb Bruksel i b\u00ebrtasin nga nd\u00ebrtesat, Vu\u00e7i\u00e7 vihet n\u00eb siklet (VIDEO)","gt_translate_keys":[{"key":"rendered","format":"text"}]},"content":{"rendered":"<p><img loading=\"lazy\" decoding=\"async\" class=\"aligncenter size-full wp-image-248562\" src=\"https:\/\/hashtag.al\/wp-content\/uploads\/2018\/11\/vucici.jpg\" alt=\"\" width=\"850\" height=\"512\" srcset=\"https:\/\/www.hashtag.al\/wp-content\/uploads\/2018\/11\/vucici.jpg 850w, https:\/\/www.hashtag.al\/wp-content\/uploads\/2018\/11\/vucici-300x181.jpg 300w, https:\/\/www.hashtag.al\/wp-content\/uploads\/2018\/11\/vucici-768x463.jpg 768w\" sizes=\"auto, (max-width: 850px) 100vw, 850px\" \/><\/p>\n<p><span style=\"color: #000000;\">Presidenti serb Aleksandar Vu\u00e7i\u00e7 duket se \u00ebsht\u00eb v\u00ebn\u00eb n\u00eb siklet, kur gjat\u00eb nj\u00eb prononcimi p\u00ebr mediat lidhur me takimin q\u00eb pati me homologun nga Kosova Hashim Tha\u00e7i, disa shqiptar\u00eb nis\u00ebn t\u00eb b\u00ebrtisnin nga nd\u00ebrtesat n\u00eb Bruksel.<\/span><\/p>\n<p><span style=\"color: #000000;\">Televizioni Publik i Serbis\u00eb\u00a0(RTS)\u00a0pretendon se presidenti i tyre \u00ebsht\u00eb sulmuar verbalisht nga disa shqiptar\u00eb, nd\u00ebrsa ai intervistohej lidhur me takimin, q\u00eb nuk shkoi mir\u00eb mes Tha\u00e7it dhe Vu\u00e7icit.<\/span><\/p>\n<p><span style=\"color: #000000;\">Si\u00e7 mund ta shihni n\u00eb minut\u00ebn 12:45 sekonda n\u00eb videon e m\u00ebposhtme, Vu\u00e7i\u00e7 komenton thirrjen e shqiptar\u00ebve: <em>\u201dK\u00ebta shqiptar\u00eb duan t\u00eb b\u00ebrtasin kaq shum\u00eb! Askush nuk i ka m\u00ebsuar se si t\u00eb sillen n\u00eb nj\u00eb m\u00ebnyr\u00eb t\u00eb denj\u00eb p\u00ebr t\u00eb mos i penguar fqinj\u00ebt? Nuk ka r\u00ebnd\u00ebsi, do t\u00eb m\u00ebsohen me koh\u00eb\u201d<\/em>, tha Vu\u00e7i\u00e7.<\/span><\/p>\n<p><span style=\"color: #000000;\">N\u00eb takimin e fundit q\u00eb pati n\u00eb Bruksel me Presidentin e Kosov\u00ebs, Vu\u00e7i\u00e7 sipas mediave kosovare u tha se u shfaq n\u00eb negociata me z\u00ebra agresiv\u00eb.<\/span><\/p>\n<p><span style=\"color: #000000;\">Vet\u00eb Tha\u00e7i \u00ebsht\u00eb shprehur se ishte shum\u00eb i\u00a0v\u00ebshtir\u00eb takimi q\u00eb zhvilloi n\u00eb Bruksel me homologun serb.<\/span><\/p>\n<p><span style=\"color: #000000;\"><em>\u201cDiskursi ishte agresiv dhe arrogant nga Serbia dhe Vu\u00e7i\u00e7 derisa diskursi yn\u00eb ishte i argumenteve dhe i an\u00ebs s\u00eb drejt\u00eb p\u00ebr arritjen e nj\u00eb marr\u00ebveshje t\u00eb balancuar q\u00eb do t\u00eb n\u00ebnkuptonte njohjen reciproke dhe hyrjen n\u00eb OKB dhe z\u00ebvend\u00ebsimin e rezolut\u00ebs 12\/44&#8243;,<\/em> tha Tha\u00e7i.<\/span><\/p>\n<p><span style=\"color: #000000;\">Ai u shpreh m\u00eb tej se takimi i radh\u00ebs do t\u00eb mbahet se shpejti derisa shpreson n\u00eb arritjen e nj\u00eb marr\u00ebveshje finale.<\/span><\/p>\n<p><span style=\"color: #000000;\"><em>\u201cMbes me shpres\u00eb se me nj\u00eb p\u00ebrfaq\u00ebsim me baz\u00eb edhe m\u00eb t\u00eb gjer\u00eb politike Kosova si edhe m\u00eb her\u00ebt do t\u00eb ja dal\u00eb edhe k\u00ebsaj radhe\u2019,<\/em> theksoi ai.\u00a0<\/span><\/p>\n<p><iframe loading=\"lazy\" title=\"Vu\u010di\u0107 za RTS: Kosovska vojska na severu \u2013 to se ne\u0107e dogoditi\" width=\"1170\" height=\"658\" src=\"https:\/\/www.youtube.com\/embed\/cT7Ea9josgc?feature=oembed\" frameborder=\"0\" allow=\"accelerometer; autoplay; clipboard-write; encrypted-media; gyroscope; picture-in-picture\" allowfullscreen><\/iframe><\/p>\n","protected":false,"gt_translate_keys":[{"key":"rendered","format":"html"}]},"excerpt":{"rendered":"<p>Presidenti serb Aleksandar Vu\u00e7i\u00e7 duket se \u00ebsht\u00eb v\u00ebn\u00eb n\u00eb siklet, kur gjat\u00eb nj\u00eb prononcimi p\u00ebr mediat lidhur me takimin q\u00eb pati me homologun nga Kosova Hashim Tha\u00e7i, disa shqiptar\u00eb nis\u00ebn t\u00eb b\u00ebrtisnin nga nd\u00ebrtesat n\u00eb Bruksel. Televizioni Publik i Serbis\u00eb\u00a0(RTS)\u00a0pretendon se presidenti i tyre \u00ebsht\u00eb sulmuar verbalisht nga disa shqiptar\u00eb, nd\u00ebrsa ai intervistohej lidhur me [&hellip;]<\/p>\n","protected":false,"gt_translate_keys":[{"key":"rendered","format":"html"}]},"author":30,"featured_media":248563,"comment_status":"open","ping_status":"open","sticky":false,"template":"","format":"standard","meta":{"footnotes":""},"categories":[149],"tags":[],"class_list":["post-248561","post","type-post","status-publish","format-standard","has-post-thumbnail","hentry","category-kosoverajon"],"gt_translate_keys":[{"key":"link","format":"url"}],"_links":{"self":[{"href":"https:\/\/www.hashtag.al\/index.php\/wp-json\/wp\/v2\/posts\/248561","targetHints":{"allow":["GET"]}}],"collection":[{"href":"https:\/\/www.hashtag.al\/index.php\/wp-json\/wp\/v2\/posts"}],"about":[{"href":"https:\/\/www.hashtag.al\/index.php\/wp-json\/wp\/v2\/types\/post"}],"author":[{"embeddable":true,"href":"https:\/\/www.hashtag.al\/index.php\/wp-json\/wp\/v2\/users\/30"}],"replies":[{"embeddable":true,"href":"https:\/\/www.hashtag.al\/index.php\/wp-json\/wp\/v2\/comments?post=248561"}],"version-history":[{"count":0,"href":"https:\/\/www.hashtag.al\/index.php\/wp-json\/wp\/v2\/posts\/248561\/revisions"}],"wp:featuredmedia":[{"embeddable":true,"href":"https:\/\/www.hashtag.al\/index.php\/wp-json\/wp\/v2\/media\/248563"}],"wp:attachment":[{"href":"https:\/\/www.hashtag.al\/index.php\/wp-json\/wp\/v2\/media?parent=248561"}],"wp:term":[{"taxonomy":"category","embeddable":true,"href":"https:\/\/www.hashtag.al\/index.php\/wp-json\/wp\/v2\/categories?post=248561"},{"taxonomy":"post_tag","embeddable":true,"href":"https:\/\/www.hashtag.al\/index.php\/wp-json\/wp\/v2\/tags?post=248561"}],"curies":[{"name":"wp","href":"https:\/\/api.w.org\/{rel}","templated":true}]}}