{"id":248539,"date":"2018-11-09T08:13:10","date_gmt":"2018-11-09T07:13:10","guid":{"rendered":"https:\/\/hashtag.al\/?p=248539"},"modified":"2018-11-09T09:00:05","modified_gmt":"2018-11-09T08:00:05","slug":"banoret-e-astirit-nuk-dorezohen-me-mengjes-marrin-pankartat-e-bllokojne-rrugen","status":"publish","type":"post","link":"https:\/\/www.hashtag.al\/index.php\/2018\/11\/09\/banoret-e-astirit-nuk-dorezohen-me-mengjes-marrin-pankartat-e-bllokojne-rrugen\/","title":{"rendered":"Banor\u00ebt e Astirit nuk dor\u00ebzohen: USA dhe BE, reagoni ndaj mafias shqiptare","gt_translate_keys":[{"key":"rendered","format":"text"}]},"content":{"rendered":"<p><span style=\"color: #000000;\"><img loading=\"lazy\" decoding=\"async\" class=\"aligncenter size-full wp-image-248558\" src=\"https:\/\/hashtag.al\/wp-content\/uploads\/2018\/11\/astir-1.jpg\" alt=\"\" width=\"960\" height=\"720\" srcset=\"https:\/\/www.hashtag.al\/wp-content\/uploads\/2018\/11\/astir-1.jpg 960w, https:\/\/www.hashtag.al\/wp-content\/uploads\/2018\/11\/astir-1-300x225.jpg 300w, https:\/\/www.hashtag.al\/wp-content\/uploads\/2018\/11\/astir-1-768x576.jpg 768w\" sizes=\"auto, (max-width: 960px) 100vw, 960px\" \/><\/span><\/p>\n<p><span style=\"color: #000000;\">Q\u00eb her\u00ebt n\u00eb m\u00ebngjes, banor\u00ebt e zon\u00ebs s\u00eb \u201cAstirit\u201d n\u00eb Tiran\u00eb kan\u00eb dal\u00eb edhe nj\u00ebher\u00eb tjet\u00ebr n\u00eb protest\u00eb duke bllokuar rrug\u00ebn.<\/span><\/p>\n<p><span style=\"color: #000000;\">Protestuesit kund\u00ebrshtojn\u00eb shembjen e banesave t\u00eb tyre, deri n\u00eb marrjen e nj\u00eb d\u00ebmshp\u00ebrblimi q\u00eb i kompeson plot\u00ebsisht ata.<\/span><\/p>\n<p><span style=\"color: #000000;\">Banor\u00ebt e Astirit kan\u00eb dal\u00eb me pankarta n\u00eb duar, duke z\u00ebn\u00eb t\u00eb dyja an\u00ebt e Unaz\u00ebs s\u00eb Re dhe rrjedhimisht duke bllokuar qarkullimin.<\/span><\/p>\n<p><span style=\"color: #000000;\">Policia ka mb\u00ebrritur n\u00eb vendin ku po organizohet protesta, p\u00ebr t\u00eb ndaluar protest\u00ebn e qytetar\u00ebve.<\/span><\/p>\n<p><span style=\"color: #000000;\">Q\u00eb prej dat\u00ebs tre n\u00ebntor, banor\u00ebt e Astirit kan\u00eb dal\u00eb \u00e7do dit\u00eb n\u00eb protesta, p\u00ebr shkak t\u00eb projektit t\u00eb \u201cUnaz\u00ebs s\u00eb Madhe\u201d, q\u00eb parashikon shembjen e banesave t\u00eb tyre.<\/span><\/p>\n<p><span style=\"color: #000000;\">Pjesa m\u00eb e madhe e k\u00ebtyre banor\u00ebve, nuk i kan\u00eb banesat t\u00eb legalizuara edhe pse kan\u00eb aplikuar prej shum\u00eb vitesh dhe vet\u00eb kryeministri n\u00eb fushat\u00eb u pati premtuar legalizim falas.<\/span><\/p>\n<p><span style=\"color: #000000;\">Duke mos i patur banesat t\u00eb legalizuara, k\u00ebta banor\u00eb rrezikojn\u00eb t\u00eb mos marrin d\u00ebmshp\u00ebrblim p\u00ebr shembjen e sht\u00ebpive q\u00eb i kan\u00eb nd\u00ebrtuar me parat\u00eb e shum\u00eb viteve pun\u00eb.<\/span><\/p>\n<p><span style=\"color: #000000;\">Ata thon\u00eb se jan\u00eb 600 familje q\u00eb do t\u00eb nxirren n\u00eb rrug\u00eb, nd\u00ebrsa i k\u00ebrkojn\u00eb kryeministrit Rama dhe kryebashkiakut Veliaj t\u2019u japin nj\u00eb zgjidhje sepse p\u00ebrndryshe do t\u00eb k\u00ebrkojn\u00eb strehim politik dhe do t\u00eb shkojn\u00eb te ambasada amerikane.\u00a0<\/span><\/p>\n<p><span style=\"color: #000000;\">Deputeti i Partis\u00eb Demokratike Klevis Balliu, ishte i pranish\u00ebm n\u00eb k\u00ebt\u00eb protest\u00eb, ku tha se qeveria dhe bashkia ka p\u00ebr detyr\u00eb t\u2019u p\u00ebrgjigjet qytetar\u00ebve.<\/span><\/p>\n<p><span style=\"color: #000000;\"><em>\u201cDua t\u00eb sqaroj gjith\u00eb opinionin publik sepse ka nj\u00eb ngat\u00ebrres\u00eb. Njer\u00ebzit duhet t\u00eb kuptojn\u00eb se k\u00ebtu jan\u00eb mbledhur t\u00eb majt\u00eb e t\u00eb djatht\u00eb, t\u00eb veriut dhe t\u00eb jugut.<\/em><\/span><\/p>\n<p><span style=\"color: #000000;\"><em>Kjo \u00ebsht\u00eb \u00e7\u00ebshtje halli dhe k\u00ebrkoj mir\u00ebkuptimin e atyre njer\u00ebzve q\u00eb u bllokohet sot qarkullimi, e shpresoj t\u2019u bashkohen sepse sot jan\u00eb sht\u00ebpit\u00eb e tyre e nes\u00ebr mund t\u00eb jen\u00eb t\u00eb tyre, nes\u00ebr mund t\u00eb jen\u00eb diku tjet\u00ebr. Sot n\u00eb Tiran\u00eb, nes\u00ebr n\u00eb Durr\u00ebs.<\/em><\/span><\/p>\n<p><span style=\"color: #000000;\"><em>Si deputet i PD un\u00eb vij p\u00ebr t\u2019i shprehur k\u00ebtyre banor\u00ebve solidarizimin me kauz\u00ebn.<\/em><\/span><\/p>\n<p><span style=\"color: #000000;\"><em>Si nj\u00eb qytetar i Tiran\u00ebs m\u00eb duket absurde, q\u00eb t\u00eb ngrihet nj\u00ebri n\u00eb nj\u00eb vend kandidat p\u00ebr BE, q\u00eb e quan veten kryeminist\u00ebr e sillet si diktator, t\u00eb vendos\u00eb t\u00eb shkat\u00ebrroj\u00eb banesat qytetar\u00ebve pa i dh\u00ebn\u00eb asnj\u00eb dokument, asnj\u00eb d\u00ebmshp\u00ebrblim apo konpesim. Sa p\u00ebr at\u00eb q\u00eb do u jepet 1 vit apo dy vjet qira, \u00ebsht\u00eb e papranueshme dhe absurde.<\/em><\/span><\/p>\n<p><span style=\"color: #000000;\"><em>Populli dhe qytetar\u00ebt kan\u00eb t\u00eb drejt\u00eb ta marrin fatin e tyre n\u00eb dor\u00eb. Nuk po k\u00ebrkojm\u00eb asgj\u00eb m\u00eb shum\u00eb e asgj\u00eb m\u00eb pak.<\/em><\/span><\/p>\n<p><span style=\"color: #000000;\"><em>Dikush nga qeveria t\u00eb vij\u00eb e t\u00eb jap\u00eb nj\u00eb p\u00ebrgjigje, deputet, minist\u00ebr, kryeminist\u00ebr e kryetari i bashkis\u00eb q\u00eb e shohim 24 n\u00eb televizor e nuk gjen nj\u00eb minut\u00eb koh\u00eb p\u00ebr t\u2019i dh\u00ebn\u00eb nj\u00eb p\u00ebrgjigje e nj\u00eb zgjidhje k\u00ebtyre njer\u00ebzve. E them me keqardhje q\u00eb mediat duhet t\u00eb ishin t\u00eb gjitha k\u00ebtu.\u201d,<\/em>\u00a0tha Balliu.<\/span><\/p>\n<p><span style=\"color: #000000;\"><em>\u201cE vetmja detyr\u00eb q\u00eb ka qeveria, \u00ebsht\u00eb t\u00eb vij\u00eb e t\u2019i jap\u00eb llogari njer\u00ebzve k\u00ebtu.\u201d<\/em>, vijoi m\u00eb tej Balliu.<strong>\u00a0<\/strong>T\u00eb pranish\u00ebm jan\u00eb edhe deputet\u00eb t\u00eb tjer\u00eb t\u00eb opozit\u00ebs, si Oriola Pampuri, apo kryetari i Forumit Rinor t\u00eb PD-s\u00eb, Belind K\u00eblli\u00e7i, i cili ka publikuar edhe k\u00ebto foto nga protesta.<\/span><\/p>\n<p><span style=\"color: #000000;\">N\u00eb nj\u00eb nga pankartat shkruhet <em>&#8220;USA dhe BE, reagoni ndaj mafias shqiptare&#8221;<\/em>.<strong>\/ Hashtag.al<\/strong><\/span><\/p>\n<p><img loading=\"lazy\" decoding=\"async\" class=\"aligncenter size-full wp-image-248550\" src=\"https:\/\/hashtag.al\/wp-content\/uploads\/2018\/11\/astir-9.jpg\" alt=\"\" width=\"960\" height=\"720\" srcset=\"https:\/\/www.hashtag.al\/wp-content\/uploads\/2018\/11\/astir-9.jpg 960w, https:\/\/www.hashtag.al\/wp-content\/uploads\/2018\/11\/astir-9-300x225.jpg 300w, https:\/\/www.hashtag.al\/wp-content\/uploads\/2018\/11\/astir-9-768x576.jpg 768w\" sizes=\"auto, (max-width: 960px) 100vw, 960px\" \/> <img loading=\"lazy\" decoding=\"async\" class=\"aligncenter size-full wp-image-248551\" src=\"https:\/\/hashtag.al\/wp-content\/uploads\/2018\/11\/astir-8.jpg\" alt=\"\" width=\"960\" height=\"720\" srcset=\"https:\/\/www.hashtag.al\/wp-content\/uploads\/2018\/11\/astir-8.jpg 960w, https:\/\/www.hashtag.al\/wp-content\/uploads\/2018\/11\/astir-8-300x225.jpg 300w, https:\/\/www.hashtag.al\/wp-content\/uploads\/2018\/11\/astir-8-768x576.jpg 768w\" sizes=\"auto, (max-width: 960px) 100vw, 960px\" \/> <img loading=\"lazy\" decoding=\"async\" class=\"aligncenter size-full wp-image-248552\" src=\"https:\/\/hashtag.al\/wp-content\/uploads\/2018\/11\/astir-7.jpg\" alt=\"\" width=\"960\" height=\"720\" srcset=\"https:\/\/www.hashtag.al\/wp-content\/uploads\/2018\/11\/astir-7.jpg 960w, https:\/\/www.hashtag.al\/wp-content\/uploads\/2018\/11\/astir-7-300x225.jpg 300w, https:\/\/www.hashtag.al\/wp-content\/uploads\/2018\/11\/astir-7-768x576.jpg 768w\" sizes=\"auto, (max-width: 960px) 100vw, 960px\" \/> <img loading=\"lazy\" decoding=\"async\" class=\"aligncenter size-full wp-image-248553\" src=\"https:\/\/hashtag.al\/wp-content\/uploads\/2018\/11\/astir-6.jpg\" alt=\"\" width=\"960\" height=\"720\" srcset=\"https:\/\/www.hashtag.al\/wp-content\/uploads\/2018\/11\/astir-6.jpg 960w, https:\/\/www.hashtag.al\/wp-content\/uploads\/2018\/11\/astir-6-300x225.jpg 300w, https:\/\/www.hashtag.al\/wp-content\/uploads\/2018\/11\/astir-6-768x576.jpg 768w\" sizes=\"auto, (max-width: 960px) 100vw, 960px\" \/> <img loading=\"lazy\" decoding=\"async\" class=\"aligncenter size-full wp-image-248554\" src=\"https:\/\/hashtag.al\/wp-content\/uploads\/2018\/11\/astir-5.jpg\" alt=\"\" width=\"960\" height=\"720\" srcset=\"https:\/\/www.hashtag.al\/wp-content\/uploads\/2018\/11\/astir-5.jpg 960w, https:\/\/www.hashtag.al\/wp-content\/uploads\/2018\/11\/astir-5-300x225.jpg 300w, https:\/\/www.hashtag.al\/wp-content\/uploads\/2018\/11\/astir-5-768x576.jpg 768w\" sizes=\"auto, (max-width: 960px) 100vw, 960px\" \/> <img loading=\"lazy\" decoding=\"async\" class=\"aligncenter size-full wp-image-248555\" src=\"https:\/\/hashtag.al\/wp-content\/uploads\/2018\/11\/astir-4.jpg\" alt=\"\" width=\"960\" height=\"720\" srcset=\"https:\/\/www.hashtag.al\/wp-content\/uploads\/2018\/11\/astir-4.jpg 960w, https:\/\/www.hashtag.al\/wp-content\/uploads\/2018\/11\/astir-4-300x225.jpg 300w, https:\/\/www.hashtag.al\/wp-content\/uploads\/2018\/11\/astir-4-768x576.jpg 768w\" sizes=\"auto, (max-width: 960px) 100vw, 960px\" \/> <img loading=\"lazy\" decoding=\"async\" class=\"aligncenter size-full wp-image-248556\" src=\"https:\/\/hashtag.al\/wp-content\/uploads\/2018\/11\/astir-3.jpg\" alt=\"\" width=\"960\" height=\"720\" srcset=\"https:\/\/www.hashtag.al\/wp-content\/uploads\/2018\/11\/astir-3.jpg 960w, https:\/\/www.hashtag.al\/wp-content\/uploads\/2018\/11\/astir-3-300x225.jpg 300w, https:\/\/www.hashtag.al\/wp-content\/uploads\/2018\/11\/astir-3-768x576.jpg 768w\" sizes=\"auto, (max-width: 960px) 100vw, 960px\" \/> <img loading=\"lazy\" decoding=\"async\" class=\"aligncenter size-full wp-image-248557\" src=\"https:\/\/hashtag.al\/wp-content\/uploads\/2018\/11\/astir-2.jpg\" alt=\"\" width=\"960\" height=\"720\" srcset=\"https:\/\/www.hashtag.al\/wp-content\/uploads\/2018\/11\/astir-2.jpg 960w, https:\/\/www.hashtag.al\/wp-content\/uploads\/2018\/11\/astir-2-300x225.jpg 300w, https:\/\/www.hashtag.al\/wp-content\/uploads\/2018\/11\/astir-2-768x576.jpg 768w\" sizes=\"auto, (max-width: 960px) 100vw, 960px\" \/> <img loading=\"lazy\" decoding=\"async\" class=\"aligncenter size-full wp-image-248558\" src=\"https:\/\/hashtag.al\/wp-content\/uploads\/2018\/11\/astir-1.jpg\" alt=\"\" width=\"960\" height=\"720\" srcset=\"https:\/\/www.hashtag.al\/wp-content\/uploads\/2018\/11\/astir-1.jpg 960w, https:\/\/www.hashtag.al\/wp-content\/uploads\/2018\/11\/astir-1-300x225.jpg 300w, https:\/\/www.hashtag.al\/wp-content\/uploads\/2018\/11\/astir-1-768x576.jpg 768w\" sizes=\"auto, (max-width: 960px) 100vw, 960px\" \/><\/p>\n","protected":false,"gt_translate_keys":[{"key":"rendered","format":"html"}]},"excerpt":{"rendered":"<p>Q\u00eb her\u00ebt n\u00eb m\u00ebngjes, banor\u00ebt e zon\u00ebs s\u00eb \u201cAstirit\u201d n\u00eb Tiran\u00eb kan\u00eb dal\u00eb edhe nj\u00ebher\u00eb tjet\u00ebr n\u00eb protest\u00eb duke bllokuar rrug\u00ebn. Protestuesit kund\u00ebrshtojn\u00eb shembjen e banesave t\u00eb tyre, deri n\u00eb marrjen e nj\u00eb d\u00ebmshp\u00ebrblimi q\u00eb i kompeson plot\u00ebsisht ata. Banor\u00ebt e Astirit kan\u00eb dal\u00eb me pankarta n\u00eb duar, duke z\u00ebn\u00eb t\u00eb dyja an\u00ebt e Unaz\u00ebs [&hellip;]<\/p>\n","protected":false,"gt_translate_keys":[{"key":"rendered","format":"html"}]},"author":30,"featured_media":248556,"comment_status":"open","ping_status":"open","sticky":false,"template":"","format":"standard","meta":{"footnotes":""},"categories":[22,65],"tags":[],"class_list":["post-248539","post","type-post","status-publish","format-standard","has-post-thumbnail","hentry","category-ballina","category-lajme"],"gt_translate_keys":[{"key":"link","format":"url"}],"_links":{"self":[{"href":"https:\/\/www.hashtag.al\/index.php\/wp-json\/wp\/v2\/posts\/248539","targetHints":{"allow":["GET"]}}],"collection":[{"href":"https:\/\/www.hashtag.al\/index.php\/wp-json\/wp\/v2\/posts"}],"about":[{"href":"https:\/\/www.hashtag.al\/index.php\/wp-json\/wp\/v2\/types\/post"}],"author":[{"embeddable":true,"href":"https:\/\/www.hashtag.al\/index.php\/wp-json\/wp\/v2\/users\/30"}],"replies":[{"embeddable":true,"href":"https:\/\/www.hashtag.al\/index.php\/wp-json\/wp\/v2\/comments?post=248539"}],"version-history":[{"count":0,"href":"https:\/\/www.hashtag.al\/index.php\/wp-json\/wp\/v2\/posts\/248539\/revisions"}],"wp:featuredmedia":[{"embeddable":true,"href":"https:\/\/www.hashtag.al\/index.php\/wp-json\/wp\/v2\/media\/248556"}],"wp:attachment":[{"href":"https:\/\/www.hashtag.al\/index.php\/wp-json\/wp\/v2\/media?parent=248539"}],"wp:term":[{"taxonomy":"category","embeddable":true,"href":"https:\/\/www.hashtag.al\/index.php\/wp-json\/wp\/v2\/categories?post=248539"},{"taxonomy":"post_tag","embeddable":true,"href":"https:\/\/www.hashtag.al\/index.php\/wp-json\/wp\/v2\/tags?post=248539"}],"curies":[{"name":"wp","href":"https:\/\/api.w.org\/{rel}","templated":true}]}}