{"id":248336,"date":"2018-11-08T14:12:18","date_gmt":"2018-11-08T13:12:18","guid":{"rendered":"https:\/\/hashtag.al\/?p=248336"},"modified":"2018-11-08T14:20:40","modified_gmt":"2018-11-08T13:20:40","slug":"zyrtari-i-nato-s-nga-beogradi-sjemi-kunder-krijimit-te-ushtrise-se-kosoves","status":"publish","type":"post","link":"https:\/\/www.hashtag.al\/index.php\/2018\/11\/08\/zyrtari-i-nato-s-nga-beogradi-sjemi-kunder-krijimit-te-ushtrise-se-kosoves\/","title":{"rendered":"Zyrtari i NATO-s nga Beogradi: S&#8217;jemi kund\u00ebr krijimit t\u00eb ushtris\u00eb s\u00eb Kosov\u00ebs","gt_translate_keys":[{"key":"rendered","format":"text"}]},"content":{"rendered":"<p><img loading=\"lazy\" decoding=\"async\" class=\"aligncenter size-full wp-image-248337\" src=\"https:\/\/hashtag.al\/wp-content\/uploads\/2018\/11\/beograd-8-nentor.jpg\" alt=\"\" width=\"640\" height=\"401\" srcset=\"https:\/\/www.hashtag.al\/wp-content\/uploads\/2018\/11\/beograd-8-nentor.jpg 640w, https:\/\/www.hashtag.al\/wp-content\/uploads\/2018\/11\/beograd-8-nentor-300x188.jpg 300w\" sizes=\"auto, (max-width: 640px) 100vw, 640px\" \/><\/p>\n<p><span style=\"color: #000000;\">Zyrtari i NATO-s, Robert Pszczel, ka deklaruar se aleanca nuk \u00ebsht\u00eb kund\u00ebr krijimit t\u00eb ushtris\u00eb s\u00eb Kosov\u00ebs. <\/span><\/p>\n<p><span style=\"color: #000000;\">Ai e ka shprehur k\u00ebt\u00eb gjat\u00eb nj\u00eb konfderence p\u00ebr mediat nga kryeqyteti i Serbis\u00eb, Beogradi, ku nd\u00ebr t\u00eb tjera ka theksuar se NATO nuk \u00ebsht\u00eb kund\u00ebr por krijimi i ushtris\u00eb s\u00eb Kosov\u00ebs duhet b\u00ebr\u00eb n\u00eb p\u00ebrputhje me Kushtetut\u00ebn e vendit ballkanik. <\/span><\/p>\n<p><span style=\"color: #000000;\">Pszczel ka theksuar se transformimi i forcave t\u00eb siguris\u00eb s\u00eb Kosov\u00ebs \u00ebsht\u00eb e drejt\u00eb e qeveris\u00eb nga Kosova, raporton \u201cLajmi.net\u201d.<\/span><\/p>\n<p><span style=\"color: #000000;\"><em>\u201cN\u00ebse do ua merrnim at\u00eb t\u00eb drejt\u00eb, e dim\u00eb se si do ishte situata atje dhe \u00e7far\u00eb kuptimi do kishte\u201d<\/em>, deklaroi Pszczel.<\/span><\/p>\n<p><span style=\"color: #000000;\">M\u00eb tej ai shtoi se NATO nuk planifikon zvog\u00eblimin e forcave t\u00eb KFOR-it n\u00eb Kosov\u00eb, por misioni i tyre do varet edhe nga gjendja e siguris\u00eb n\u00eb vend.<\/span><\/p>\n<p><span style=\"color: #000000;\">Kurse, k\u00ebshilltari i Ministrit t\u00eb Pun\u00ebve t\u00eb Jashtme t\u00eb Serbis\u00eb, Branimir Filipoviq ka th\u00ebn\u00eb se q\u00ebndrimi i Serbis\u00eb p\u00ebr transformimin e forcave t\u00eb siguris\u00eb s\u00eb Kosov\u00ebs n\u00eb ushtri \u00ebsht\u00eb n\u00eb kund\u00ebrshtim me Rezolut\u00ebn 1244 t\u00eb Kombeve t\u00eb Bashkuara.<\/span><\/p>\n<p><img loading=\"lazy\" decoding=\"async\" class=\"aligncenter size-full wp-image-248339\" src=\"https:\/\/hashtag.al\/wp-content\/uploads\/2018\/11\/nato-1.jpg\" alt=\"\" width=\"640\" height=\"360\" srcset=\"https:\/\/www.hashtag.al\/wp-content\/uploads\/2018\/11\/nato-1.jpg 640w, https:\/\/www.hashtag.al\/wp-content\/uploads\/2018\/11\/nato-1-300x169.jpg 300w\" sizes=\"auto, (max-width: 640px) 100vw, 640px\" \/><\/p>\n","protected":false,"gt_translate_keys":[{"key":"rendered","format":"html"}]},"excerpt":{"rendered":"<p>Zyrtari i NATO-s, Robert Pszczel, ka deklaruar se aleanca nuk \u00ebsht\u00eb kund\u00ebr krijimit t\u00eb ushtris\u00eb s\u00eb Kosov\u00ebs. Ai e ka shprehur k\u00ebt\u00eb gjat\u00eb nj\u00eb konfderence p\u00ebr mediat nga kryeqyteti i Serbis\u00eb, Beogradi, ku nd\u00ebr t\u00eb tjera ka theksuar se NATO nuk \u00ebsht\u00eb kund\u00ebr por krijimi i ushtris\u00eb s\u00eb Kosov\u00ebs duhet b\u00ebr\u00eb n\u00eb p\u00ebrputhje me Kushtetut\u00ebn [&hellip;]<\/p>\n","protected":false,"gt_translate_keys":[{"key":"rendered","format":"html"}]},"author":51,"featured_media":248338,"comment_status":"open","ping_status":"open","sticky":false,"template":"","format":"standard","meta":{"footnotes":""},"categories":[149,6],"tags":[],"class_list":["post-248336","post","type-post","status-publish","format-standard","has-post-thumbnail","hentry","category-kosoverajon","category-nderkombetare"],"gt_translate_keys":[{"key":"link","format":"url"}],"_links":{"self":[{"href":"https:\/\/www.hashtag.al\/index.php\/wp-json\/wp\/v2\/posts\/248336","targetHints":{"allow":["GET"]}}],"collection":[{"href":"https:\/\/www.hashtag.al\/index.php\/wp-json\/wp\/v2\/posts"}],"about":[{"href":"https:\/\/www.hashtag.al\/index.php\/wp-json\/wp\/v2\/types\/post"}],"author":[{"embeddable":true,"href":"https:\/\/www.hashtag.al\/index.php\/wp-json\/wp\/v2\/users\/51"}],"replies":[{"embeddable":true,"href":"https:\/\/www.hashtag.al\/index.php\/wp-json\/wp\/v2\/comments?post=248336"}],"version-history":[{"count":0,"href":"https:\/\/www.hashtag.al\/index.php\/wp-json\/wp\/v2\/posts\/248336\/revisions"}],"wp:featuredmedia":[{"embeddable":true,"href":"https:\/\/www.hashtag.al\/index.php\/wp-json\/wp\/v2\/media\/248338"}],"wp:attachment":[{"href":"https:\/\/www.hashtag.al\/index.php\/wp-json\/wp\/v2\/media?parent=248336"}],"wp:term":[{"taxonomy":"category","embeddable":true,"href":"https:\/\/www.hashtag.al\/index.php\/wp-json\/wp\/v2\/categories?post=248336"},{"taxonomy":"post_tag","embeddable":true,"href":"https:\/\/www.hashtag.al\/index.php\/wp-json\/wp\/v2\/tags?post=248336"}],"curies":[{"name":"wp","href":"https:\/\/api.w.org\/{rel}","templated":true}]}}