{"id":248100,"date":"2018-11-07T17:30:17","date_gmt":"2018-11-07T16:30:17","guid":{"rendered":"https:\/\/hashtag.al\/?p=248100"},"modified":"2018-11-07T17:36:00","modified_gmt":"2018-11-07T16:36:00","slug":"nuk-ka-bir-kuve-qe-na-largon-nga-ketu-banoret-e-astirit-protestojne-kunder-veliajt","status":"publish","type":"post","link":"https:\/\/www.hashtag.al\/index.php\/2018\/11\/07\/nuk-ka-bir-kuve-qe-na-largon-nga-ketu-banoret-e-astirit-protestojne-kunder-veliajt\/","title":{"rendered":"&#8220;Nuk ka bir ku*ve q\u00eb na largon nga k\u00ebtu&#8221;, banor\u00ebt e Astirit protestojn\u00eb kund\u00ebr Veliajt","gt_translate_keys":[{"key":"rendered","format":"text"}]},"content":{"rendered":"<p><img loading=\"lazy\" decoding=\"async\" class=\"alignnone size-full wp-image-248102\" src=\"https:\/\/hashtag.al\/wp-content\/uploads\/2018\/11\/veliaj-656666.png\" alt=\"\" width=\"652\" height=\"291\" srcset=\"https:\/\/www.hashtag.al\/wp-content\/uploads\/2018\/11\/veliaj-656666.png 652w, https:\/\/www.hashtag.al\/wp-content\/uploads\/2018\/11\/veliaj-656666-300x134.png 300w\" sizes=\"auto, (max-width: 652px) 100vw, 652px\" \/><\/p>\n<p><span style=\"color: #000000;\">Banor\u00ebt e Astirit kan\u00eb dal\u00eb s\u00ebrish n\u00eb protest\u00eb sot dhe kan\u00eb bllokuar rrug\u00ebn pasi sipas tyre shteti do ju prish\u00eb sht\u00ebpit\u00eb pa iu dh\u00ebn\u00eb d\u00ebmshp\u00ebrblim. Banor\u00ebt jan\u00eb shprehur t\u00eb vendosur p\u00ebr t\u00eb vijuar protest\u00ebn, dhe thon\u00eb se jan\u00eb 600 familje q\u00eb do t\u00eb nxirren n\u00eb rrug\u00eb. Ata deklaruan se Rama dhe Veliaj duhet t&#8217;u jap\u00eb nj\u00eb zgjidhje sepse p\u00ebrndryshe do t\u00eb k\u00ebrkojn\u00eb strehim politik dhe do t\u00eb shkojn\u00eb te ambasada amerikane.\u00a0<\/span><\/p>\n<p><span style=\"color: #000000;\">Ata sot kan\u00eb thirrur n\u00eb protest\u00eb: &#8220;Nuk ka bir ku*ve q\u00eb na largon nga k\u00ebtu, pasi ne i kemi paguar tokat dhe kemi paguar taksat n\u00eb shtet<em>\u2019.<\/em><\/span><\/p>\n<p><span style=\"color: #000000;\">Nd\u00ebrkoh\u00eb q\u00eb nj\u00eb nga qytetar\u00ebt paralajm\u00ebroi kryeministrin Rama se do ta mbroj\u00eb pron\u00ebn me jet\u00ebn e tij dhe askush t\u00eb mos guxoj\u00eb t&#8217;i prish\u00eb sht\u00ebpin\u00eb.<\/span><\/p>\n<p><span style=\"color: #000000;\">\u201cNe nuk do t\u00eb largohemi q\u00eb k\u00ebtu, do ta mbrojm\u00eb me jet\u00eb pron\u00ebn ton\u00eb. T\u00eb mos guxoj\u00eb t\u00eb vij\u00eb dikush t\u00eb prish\u00eb sht\u00ebpin\u00eb, p\u00ebr pron\u00ebn i heqim edhe kok\u00ebn.\u201c- u shpreh qytetari.<\/span><\/p>\n<p><span style=\"color: #000000;\">T\u00eb pranish\u00ebm n\u00eb k\u00ebt\u00eb protest\u00eb kan\u00eb qen\u00eb edhe deputet\u00eb Flamur Noka dhe Klevis Balliu.<\/span><\/p>\n<p><span style=\"color: #000000;\">\u201cU informuam nga banor\u00ebt e k\u00ebsaj zone q\u00eb n\u00eb m\u00ebnyr\u00eb arbitrare po u prishet prona. Po trajtohen jo si qenie njer\u00ebzore si nga Bashkia ashtu edhe qeveria. K\u00ebta njer\u00ebz po hidhen n\u00eb rrug\u00eb. Ja u dhe nj\u00eb vit apo 2 vite qira, po pastaj. Shteti duhet t\u00eb d\u00ebmshp\u00ebrblej\u00eb. A \u00ebsht\u00eb normale q\u00eb banor\u00ebt t\u00eb hidhen n\u00eb rrug\u00eb si qen rruge, e jo banor\u00eb t\u00eb k\u00ebtij shteti? Gjejeni fajin tek shteti e jo te qytetar\u00ebt. Qytetar\u00ebt kan\u00eb t\u00eb drejt\u00eb t\u00eb mbrojn\u00eb jet\u00ebn, pron\u00ebn dhe familjen e tyre.\u201d,\u00a0u shpreh Flamur Noka.<\/span><\/p>\n<p><span style=\"color: #000000;\">Nd\u00ebrsa deputeti Balliu tha: &#8220;Nuk ka bir n\u00ebne e as bir k*rve q\u00eb t&#8217;u marr\u00eb sht\u00ebpit\u00eb qytetar\u00ebve shqiptar\u00eb pa shpjegim e pa asnj\u00eb kompensim.&#8221;<\/span><\/p>\n<p><img loading=\"lazy\" decoding=\"async\" class=\"alignnone size-full wp-image-248106\" src=\"https:\/\/hashtag.al\/wp-content\/uploads\/2018\/11\/astri.jpg\" alt=\"\" width=\"575\" height=\"433\" srcset=\"https:\/\/www.hashtag.al\/wp-content\/uploads\/2018\/11\/astri.jpg 575w, https:\/\/www.hashtag.al\/wp-content\/uploads\/2018\/11\/astri-300x226.jpg 300w\" sizes=\"auto, (max-width: 575px) 100vw, 575px\" \/><\/p>\n<p>&nbsp;<\/p>\n<p>&nbsp;<\/p>\n","protected":false,"gt_translate_keys":[{"key":"rendered","format":"html"}]},"excerpt":{"rendered":"<p>Banor\u00ebt e Astirit kan\u00eb dal\u00eb s\u00ebrish n\u00eb protest\u00eb sot dhe kan\u00eb bllokuar rrug\u00ebn pasi sipas tyre shteti do ju prish\u00eb sht\u00ebpit\u00eb pa iu dh\u00ebn\u00eb d\u00ebmshp\u00ebrblim. Banor\u00ebt jan\u00eb shprehur t\u00eb vendosur p\u00ebr t\u00eb vijuar protest\u00ebn, dhe thon\u00eb se jan\u00eb 600 familje q\u00eb do t\u00eb nxirren n\u00eb rrug\u00eb. Ata deklaruan se Rama dhe Veliaj duhet t&#8217;u jap\u00eb [&hellip;]<\/p>\n","protected":false,"gt_translate_keys":[{"key":"rendered","format":"html"}]},"author":30,"featured_media":248102,"comment_status":"open","ping_status":"open","sticky":false,"template":"","format":"standard","meta":{"footnotes":""},"categories":[65],"tags":[],"class_list":["post-248100","post","type-post","status-publish","format-standard","has-post-thumbnail","hentry","category-lajme"],"gt_translate_keys":[{"key":"link","format":"url"}],"_links":{"self":[{"href":"https:\/\/www.hashtag.al\/index.php\/wp-json\/wp\/v2\/posts\/248100","targetHints":{"allow":["GET"]}}],"collection":[{"href":"https:\/\/www.hashtag.al\/index.php\/wp-json\/wp\/v2\/posts"}],"about":[{"href":"https:\/\/www.hashtag.al\/index.php\/wp-json\/wp\/v2\/types\/post"}],"author":[{"embeddable":true,"href":"https:\/\/www.hashtag.al\/index.php\/wp-json\/wp\/v2\/users\/30"}],"replies":[{"embeddable":true,"href":"https:\/\/www.hashtag.al\/index.php\/wp-json\/wp\/v2\/comments?post=248100"}],"version-history":[{"count":0,"href":"https:\/\/www.hashtag.al\/index.php\/wp-json\/wp\/v2\/posts\/248100\/revisions"}],"wp:featuredmedia":[{"embeddable":true,"href":"https:\/\/www.hashtag.al\/index.php\/wp-json\/wp\/v2\/media\/248102"}],"wp:attachment":[{"href":"https:\/\/www.hashtag.al\/index.php\/wp-json\/wp\/v2\/media?parent=248100"}],"wp:term":[{"taxonomy":"category","embeddable":true,"href":"https:\/\/www.hashtag.al\/index.php\/wp-json\/wp\/v2\/categories?post=248100"},{"taxonomy":"post_tag","embeddable":true,"href":"https:\/\/www.hashtag.al\/index.php\/wp-json\/wp\/v2\/tags?post=248100"}],"curies":[{"name":"wp","href":"https:\/\/api.w.org\/{rel}","templated":true}]}}