{"id":247662,"date":"2018-11-05T22:10:47","date_gmt":"2018-11-05T21:10:47","guid":{"rendered":"https:\/\/hashtag.al\/?p=247662"},"modified":"2018-11-05T22:12:37","modified_gmt":"2018-11-05T21:12:37","slug":"disiplina-fshf-ndeshkon-kukesin-dhe-tiranen-per-sjelljet-e-tifozeve","status":"publish","type":"post","link":"https:\/\/www.hashtag.al\/index.php\/2018\/11\/05\/disiplina-fshf-ndeshkon-kukesin-dhe-tiranen-per-sjelljet-e-tifozeve\/","title":{"rendered":"Disiplina\/ FSHF nd\u00ebshkon Kuk\u00ebsin dhe Tiran\u00ebn p\u00ebr sjelljet e tifoz\u00ebve","gt_translate_keys":[{"key":"rendered","format":"text"}]},"content":{"rendered":"<p><img loading=\"lazy\" decoding=\"async\" class=\"aligncenter size-full wp-image-247663\" src=\"https:\/\/hashtag.al\/wp-content\/uploads\/2018\/11\/tirona-fanatics.jpg\" alt=\"\" width=\"960\" height=\"640\" srcset=\"https:\/\/www.hashtag.al\/wp-content\/uploads\/2018\/11\/tirona-fanatics.jpg 960w, https:\/\/www.hashtag.al\/wp-content\/uploads\/2018\/11\/tirona-fanatics-300x200.jpg 300w, https:\/\/www.hashtag.al\/wp-content\/uploads\/2018\/11\/tirona-fanatics-768x512.jpg 768w\" sizes=\"auto, (max-width: 960px) 100vw, 960px\" \/><\/p>\n<p>Komisioni i Disiplin\u00ebs, ka publikuar dit\u00ebn e sotme edhe vendimet p\u00ebr parregullsit\u00eb n\u00eb futbollin shqiptar gjat\u00eb fundjav\u00ebs s\u00eb kaluar.<\/p>\n<p>Bie n\u00eb sy se p\u00ebr k\u00ebt\u00eb jav\u00eb jan\u00eb vet\u00ebm 4 d\u00ebnime, nd\u00ebrkoh\u00eb q\u00eb tek Tirana, jan\u00eb d\u00ebnuar me 2 ndeshje pezullim n\u00eb sektorin p\u00ebrkat\u00ebs, grupimi i tifoz\u00ebve t\u00eb Tiran\u00ebs, \u201cTirona Fanatics\u201d, p\u00ebr nj\u00eb parrull\u00eb kund\u00ebr presidentit Refik Halili n\u00eb ndeshjen e fundit ndaj Teut\u00ebs.<\/p>\n<p>Nd\u00ebrkoh\u00eb, kujtojm\u00eb se vet\u00ebm nj\u00eb jav\u00eb m\u00eb par\u00eb, p\u00ebr nj\u00eb parull\u00eb raciste t\u00eb disa tifoz\u00ebve t\u00eb Partizanit n\u00eb ndeshjen ndaj Sk\u00ebnderbeut, Komisioni i Disiplin\u00ebs vendosi t\u00eb mbyllte p\u00ebr 2 ndeshje t\u00eb gjith\u00eb stadiumin e t\u00eb kuqve.<\/p>\n<p>VENDIMET:<\/p>\n<ol>\n<li>FK \u201cKuk\u00ebsi\u201d, p\u00ebr sjellje t\u00eb gabuar t\u00eb tifozeris s\u00eb tij duke hedhur sende brenda rrethimit t\u00eb fush\u00ebs, n\u00eb baz\u00eb t\u00eb Nenit 66\/1 t\u00eb KDS, d\u00ebnohet me gjobe n\u00eb mas\u00ebn 50.000 (pes\u00ebdhjet\u00ebmij\u00eb) Lek.<\/li>\n<li>Grupimi i Tifoz\u00ebve t\u00eb KF Tirana, \u201cTirona Fanatics\u201d p\u00ebr sjellje t\u00eb gabuar duke paraqitur parulla ofenduese, n\u00eb baz\u00eb t\u00eb nenit 21 dhe 66\/3 t\u00eb KDS perjashtohet nga pjesemarrja per 2 (dy) ndeshje te nj\u00ebpasnj\u00ebshme ne sektoret perkates te stadiumeve; Urdh\u00ebrohet KF Tirana, t\u00eb ekzekutoj\u00eb vendimin duke mbyllur sektor\u00ebt p\u00ebrkat\u00ebs.<\/li>\n<li>Zyrtari i FK \u201cKamza\u201d, Andi Matraxhiu, p\u00ebr sjelle t\u00eb gabuar ndaj zyrtareve t\u00eb ndeshjes,n\u00eb baz\u00eb t\u00eb Nenit 49\/2\/a t\u00eb KDS, d\u00ebnohet 10 (dhjet\u00eb) ndeshje pezullim nga aktiviteti. N\u00eb baz\u00eb t\u00eb Nenit 21 t\u00eb KDS, zyrtarit i ndalohet hyrja n\u00eb dhomat e zhveshjes, q\u00ebndrimi n\u00eb stolin e rezervave dhe territori p\u00ebrreth fush\u00ebs s\u00eb loj\u00ebs.<\/li>\n<li>Zyrtari i KF \u201cTurbina\u201d, Engj\u00ebll Belshi, p\u00ebr protesta ndaj vendimeve t\u00eb zyrtarit t\u00eb ndeshjes, n\u00eb baz\u00eb t\u00eb Nenit 56\/1\/a t\u00eb KDS,d\u00ebnohet me 2(dy) ndeshje pezullim nga aktiviteti.<\/li>\n<\/ol>\n<p>Kund\u00ebr vendimit lejohet ankim brenda 3 (tre) dit\u00ebve p\u00ebrpara Komisionit t\u00eb Apelit.<\/p>\n<p>&nbsp;<\/p>\n","protected":false,"gt_translate_keys":[{"key":"rendered","format":"html"}]},"excerpt":{"rendered":"<p>Komisioni i Disiplin\u00ebs, ka publikuar dit\u00ebn e sotme edhe vendimet p\u00ebr parregullsit\u00eb n\u00eb futbollin shqiptar gjat\u00eb fundjav\u00ebs s\u00eb kaluar. Bie n\u00eb sy se p\u00ebr k\u00ebt\u00eb jav\u00eb jan\u00eb vet\u00ebm 4 d\u00ebnime, nd\u00ebrkoh\u00eb q\u00eb tek Tirana, jan\u00eb d\u00ebnuar me 2 ndeshje pezullim n\u00eb sektorin p\u00ebrkat\u00ebs, grupimi i tifoz\u00ebve t\u00eb Tiran\u00ebs, \u201cTirona Fanatics\u201d, p\u00ebr nj\u00eb parrull\u00eb kund\u00ebr presidentit [&hellip;]<\/p>\n","protected":false,"gt_translate_keys":[{"key":"rendered","format":"html"}]},"author":32,"featured_media":247663,"comment_status":"open","ping_status":"open","sticky":false,"template":"","format":"standard","meta":{"footnotes":""},"categories":[134],"tags":[],"class_list":["post-247662","post","type-post","status-publish","format-standard","has-post-thumbnail","hentry","category-sport"],"gt_translate_keys":[{"key":"link","format":"url"}],"_links":{"self":[{"href":"https:\/\/www.hashtag.al\/index.php\/wp-json\/wp\/v2\/posts\/247662","targetHints":{"allow":["GET"]}}],"collection":[{"href":"https:\/\/www.hashtag.al\/index.php\/wp-json\/wp\/v2\/posts"}],"about":[{"href":"https:\/\/www.hashtag.al\/index.php\/wp-json\/wp\/v2\/types\/post"}],"author":[{"embeddable":true,"href":"https:\/\/www.hashtag.al\/index.php\/wp-json\/wp\/v2\/users\/32"}],"replies":[{"embeddable":true,"href":"https:\/\/www.hashtag.al\/index.php\/wp-json\/wp\/v2\/comments?post=247662"}],"version-history":[{"count":0,"href":"https:\/\/www.hashtag.al\/index.php\/wp-json\/wp\/v2\/posts\/247662\/revisions"}],"wp:featuredmedia":[{"embeddable":true,"href":"https:\/\/www.hashtag.al\/index.php\/wp-json\/wp\/v2\/media\/247663"}],"wp:attachment":[{"href":"https:\/\/www.hashtag.al\/index.php\/wp-json\/wp\/v2\/media?parent=247662"}],"wp:term":[{"taxonomy":"category","embeddable":true,"href":"https:\/\/www.hashtag.al\/index.php\/wp-json\/wp\/v2\/categories?post=247662"},{"taxonomy":"post_tag","embeddable":true,"href":"https:\/\/www.hashtag.al\/index.php\/wp-json\/wp\/v2\/tags?post=247662"}],"curies":[{"name":"wp","href":"https:\/\/api.w.org\/{rel}","templated":true}]}}