{"id":247617,"date":"2018-11-05T19:45:29","date_gmt":"2018-11-05T18:45:29","guid":{"rendered":"https:\/\/hashtag.al\/?p=247617"},"modified":"2018-11-05T20:33:46","modified_gmt":"2018-11-05T19:33:46","slug":"247617","status":"publish","type":"post","link":"https:\/\/www.hashtag.al\/index.php\/2018\/11\/05\/247617\/","title":{"rendered":"Dyshohet se vrau t\u00eb riun, arrestohet 30-vje\u00e7ari n\u00eb Tiran\u00eb","gt_translate_keys":[{"key":"rendered","format":"text"}]},"content":{"rendered":"<p><img loading=\"lazy\" decoding=\"async\" class=\"alignnone size-full wp-image-247627\" src=\"https:\/\/hashtag.al\/wp-content\/uploads\/2018\/11\/vrasja.jpg\" alt=\"\" width=\"741\" height=\"405\" srcset=\"https:\/\/www.hashtag.al\/wp-content\/uploads\/2018\/11\/vrasja.jpg 741w, https:\/\/www.hashtag.al\/wp-content\/uploads\/2018\/11\/vrasja-300x164.jpg 300w\" sizes=\"auto, (max-width: 741px) 100vw, 741px\" \/><\/p>\n<p><span style=\"color: #000000;\">N\u00eb prangat e policis\u00eb s\u00eb Tiran\u00ebs ka r\u00ebn\u00eb nj\u00eb 30-vje\u00e7ar pasi akuzohet se m\u00eb 14 Janar\u00a0 t\u00eb 2018 n\u00eb rrug\u00ebn \u201cShefqet Musaraj\u201d ka vrar\u00eb Emiljano Bo\u00e7in.\u00a0<\/span><\/p>\n<p><span style=\"color: #000000;\">Nga policia \u00ebsht\u00eb arrestuar\u00a0 Tori (Hektor) Xhecuka.<\/span><\/p>\n<p><span style=\"color: #000000;\"><strong>Njoftimi:<\/strong><\/span><\/p>\n<p><span style=\"color: #000000;\">Policia e Tiran\u00ebs n\u00eb bashk\u00ebpunim me Prokurorin\u00eb e Rrethit Gjyq\u00ebsor Tiran\u00eb identifikojn\u00eb autorin e dyshuar t\u00eb\u00a0 ngjarjes se ndodhur m\u00eb 14 Janar 2018 ku mbeti i vrar\u00eb Emiljano Bo\u00e7i.<\/span><\/p>\n<p><span style=\"color: #000000;\">Identifikimi i autorit t\u00eb dyshuar pas nj\u00eb hetimi disa mujor me metoda speciale t\u00eb hetimit nga Seksioni p\u00ebr Krimet e R\u00ebnda n\u00eb Drejtorin\u00eb Vendore t\u00eb Policis\u00eb Tiran\u00eb n\u00eb bashk\u00ebpunim me Prokurorin\u00eb e Rrethit Gjyq\u00ebsor Tiran\u00eb.<\/span><\/p>\n<p><span style=\"color: #000000;\">Kapet dhe vihet n\u00eb pranga Tori (Hektor) Xhecuka, 30 vje\u00e7, lindur n\u00eb Burrel dhe banues n\u00eb Tiran\u00eb, p\u00ebr vepr\u00ebn penale t\u00eb \u201cVrasjes me paramendim\u201d e kryer n\u00eb bashk\u00ebpunim dhe t\u00eb \u201c Prodhimit dhe mbajtjes s\u00eb arm\u00ebve luftarake\u201d.<\/span><\/p>\n<p><span style=\"color: #000000;\">30-vje\u00e7ari \u00ebsht\u00eb autor i dyshuar i ngjarjes s\u00eb ndodhur n\u00eb dat\u00ebn 14 Janar 2018 n\u00eb rrug\u00ebn \u201cShefqet Musaraj\u201d, ku mbeti i vrar\u00eb shtetasi Emiljano Bo\u00e7i, si dhe autor i dyshuar i \u201cVrasjes s\u00eb mbetur n\u00eb Tentativ\u00eb\u201d t\u00eb shtetasit M.D.<\/span><\/p>\n<p><span style=\"color: #000000;\">P\u00ebr arsye hetimi n\u00eb funksion t\u00eb zbardhjes s\u00eb plot\u00eb t\u00eb k\u00ebsaj ngjarje, nuk b\u00ebhen me dije detaje t\u00eb tjera.<\/span><\/p>\n<p><span style=\"color: #000000;\">P\u00ebr vitin 2018 Policia e Tiran\u00ebs ka zbardhur t\u00eb gjitha ngjarjet kriminale n\u00eb fush\u00ebn e vrasjes dhe t\u00eb plagosjes.<\/span><\/p>\n<p>&nbsp;<\/p>\n<p><img loading=\"lazy\" decoding=\"async\" class=\"alignnone size-full wp-image-247641\" src=\"https:\/\/hashtag.al\/wp-content\/uploads\/2018\/11\/foto6.jpg\" alt=\"\" width=\"933\" height=\"445\" srcset=\"https:\/\/www.hashtag.al\/wp-content\/uploads\/2018\/11\/foto6.jpg 933w, https:\/\/www.hashtag.al\/wp-content\/uploads\/2018\/11\/foto6-300x143.jpg 300w, https:\/\/www.hashtag.al\/wp-content\/uploads\/2018\/11\/foto6-768x366.jpg 768w\" sizes=\"auto, (max-width: 933px) 100vw, 933px\" \/><\/p>\n","protected":false,"gt_translate_keys":[{"key":"rendered","format":"html"}]},"excerpt":{"rendered":"<p>N\u00eb prangat e policis\u00eb s\u00eb Tiran\u00ebs ka r\u00ebn\u00eb nj\u00eb 30-vje\u00e7ar pasi akuzohet se m\u00eb 14 Janar\u00a0 t\u00eb 2018 n\u00eb rrug\u00ebn \u201cShefqet Musaraj\u201d ka vrar\u00eb Emiljano Bo\u00e7in.\u00a0 Nga policia \u00ebsht\u00eb arrestuar\u00a0 Tori (Hektor) Xhecuka. Njoftimi: Policia e Tiran\u00ebs n\u00eb bashk\u00ebpunim me Prokurorin\u00eb e Rrethit Gjyq\u00ebsor Tiran\u00eb identifikojn\u00eb autorin e dyshuar t\u00eb\u00a0 ngjarjes se ndodhur m\u00eb 14 [&hellip;]<\/p>\n","protected":false,"gt_translate_keys":[{"key":"rendered","format":"html"}]},"author":30,"featured_media":247627,"comment_status":"open","ping_status":"open","sticky":false,"template":"","format":"standard","meta":{"footnotes":""},"categories":[65],"tags":[],"class_list":["post-247617","post","type-post","status-publish","format-standard","has-post-thumbnail","hentry","category-lajme"],"gt_translate_keys":[{"key":"link","format":"url"}],"_links":{"self":[{"href":"https:\/\/www.hashtag.al\/index.php\/wp-json\/wp\/v2\/posts\/247617","targetHints":{"allow":["GET"]}}],"collection":[{"href":"https:\/\/www.hashtag.al\/index.php\/wp-json\/wp\/v2\/posts"}],"about":[{"href":"https:\/\/www.hashtag.al\/index.php\/wp-json\/wp\/v2\/types\/post"}],"author":[{"embeddable":true,"href":"https:\/\/www.hashtag.al\/index.php\/wp-json\/wp\/v2\/users\/30"}],"replies":[{"embeddable":true,"href":"https:\/\/www.hashtag.al\/index.php\/wp-json\/wp\/v2\/comments?post=247617"}],"version-history":[{"count":0,"href":"https:\/\/www.hashtag.al\/index.php\/wp-json\/wp\/v2\/posts\/247617\/revisions"}],"wp:featuredmedia":[{"embeddable":true,"href":"https:\/\/www.hashtag.al\/index.php\/wp-json\/wp\/v2\/media\/247627"}],"wp:attachment":[{"href":"https:\/\/www.hashtag.al\/index.php\/wp-json\/wp\/v2\/media?parent=247617"}],"wp:term":[{"taxonomy":"category","embeddable":true,"href":"https:\/\/www.hashtag.al\/index.php\/wp-json\/wp\/v2\/categories?post=247617"},{"taxonomy":"post_tag","embeddable":true,"href":"https:\/\/www.hashtag.al\/index.php\/wp-json\/wp\/v2\/tags?post=247617"}],"curies":[{"name":"wp","href":"https:\/\/api.w.org\/{rel}","templated":true}]}}