{"id":247569,"date":"2018-11-05T17:22:36","date_gmt":"2018-11-05T16:22:36","guid":{"rendered":"https:\/\/hashtag.al\/?p=247569"},"modified":"2018-11-05T17:24:34","modified_gmt":"2018-11-05T16:24:34","slug":"rama-po-tallet-me-ne-banoret-e-astirit-serish-ne-proteste-foto","status":"publish","type":"post","link":"https:\/\/www.hashtag.al\/index.php\/2018\/11\/05\/rama-po-tallet-me-ne-banoret-e-astirit-serish-ne-proteste-foto\/","title":{"rendered":"&#8220;Rama po tallet me ne&#8221;, banor\u00ebt e \u201cAstirit\u201d s\u00ebrish n\u00eb protest\u00eb (FOTO)","gt_translate_keys":[{"key":"rendered","format":"text"}]},"content":{"rendered":"<p><span style=\"color: #000000;\"><img loading=\"lazy\" decoding=\"async\" class=\"alignnone size-full wp-image-247570\" src=\"https:\/\/hashtag.al\/wp-content\/uploads\/2018\/11\/1-1.jpg\" alt=\"\" width=\"1280\" height=\"960\" srcset=\"https:\/\/www.hashtag.al\/wp-content\/uploads\/2018\/11\/1-1.jpg 1280w, https:\/\/www.hashtag.al\/wp-content\/uploads\/2018\/11\/1-1-300x225.jpg 300w, https:\/\/www.hashtag.al\/wp-content\/uploads\/2018\/11\/1-1-768x576.jpg 768w, https:\/\/www.hashtag.al\/wp-content\/uploads\/2018\/11\/1-1-1024x768.jpg 1024w\" sizes=\"auto, (max-width: 1280px) 100vw, 1280px\" \/><\/span><\/p>\n<p><span style=\"color: #000000;\">Banor\u00ebt e \u201cAstirit\u201d edhe sot kan\u00eb dal\u00eb s\u00ebrish n\u00eb protest\u00eb pasi jan\u00eb kund\u00ebr prishjes s\u00eb banesave t\u00eb tyre\u00a0n\u00eb kuad\u00ebr t\u00eb \u201cUnaz\u00ebs s\u00eb Re\u201d.<\/span><\/p>\n<p><span style=\"color: #000000;\">Edhe n\u00eb protest\u00ebn e sotme ata kan\u00eb\u00a0paralajm\u00ebruar se nuk do t\u00eb lejojn\u00eb prishjen e sht\u00ebpive t\u00eb tyre pa i shpron\u00ebsuar qeveria.\u00a0<\/span><\/p>\n<p><span style=\"color: #000000;\">Ata kan\u00eb bllokuar s\u00ebrish sot rrug\u00ebn. &#8220;E more vesh \u00e7far\u00eb b\u00ebhet, nuk e lirojm\u00eb rrug\u00ebn deri sa ai t\u00eb na jap\u00eb p\u00ebrgjigje ne. Zoti Kryeminist\u00ebr t\u00eb na dal\u00eb n\u00eb televizor dhe t\u00eb na sqaroj\u00eb. Po tallet ai me ne. Pa na marrin sht\u00ebpit\u00eb pa na lajm\u00ebruar<em>\u201d,<\/em>\u00a0tha nj\u00ebri nga banor\u00ebt p\u00ebr mediat.<\/span><\/p>\n<p><span style=\"color: #000000;\">Nd\u00ebrsa nj\u00eb qytetar tjet\u00ebr u shpreh: \u201cKur t\u00eb na vrasin neve, at\u00ebher\u00eb le t\u00eb b\u00ebjn\u00eb at\u00eb q\u00eb kan\u00eb nisur. Do b\u00ebhemi luget\u00ebr edhe do i mbysim. Qeveria po tallet me ne. Nuk t\u00ebrhiqemi\u201d- shprehen qytetar\u00ebt.<\/span><\/p>\n<p><span style=\"color: #000000;\"> Protesta e tyre vijon prej disa dit\u00ebsh.\u00a0Banor\u00ebt e kund\u00ebrshtojn\u00eb projektin se sipas tyre \u00ebsht\u00eb zgjeruar p\u00ebrtej p\u00ebrmasave t\u00eb projektit fillestar.<\/span><\/p>\n<p><span style=\"color: #000000;\"><img loading=\"lazy\" decoding=\"async\" class=\"alignnone size-full wp-image-247571\" src=\"https:\/\/hashtag.al\/wp-content\/uploads\/2018\/11\/2-1.jpg\" alt=\"\" width=\"1280\" height=\"960\" srcset=\"https:\/\/www.hashtag.al\/wp-content\/uploads\/2018\/11\/2-1.jpg 1280w, https:\/\/www.hashtag.al\/wp-content\/uploads\/2018\/11\/2-1-300x225.jpg 300w, https:\/\/www.hashtag.al\/wp-content\/uploads\/2018\/11\/2-1-768x576.jpg 768w, https:\/\/www.hashtag.al\/wp-content\/uploads\/2018\/11\/2-1-1024x768.jpg 1024w\" sizes=\"auto, (max-width: 1280px) 100vw, 1280px\" \/><\/span><\/p>\n<p>&nbsp;<\/p>\n","protected":false,"gt_translate_keys":[{"key":"rendered","format":"html"}]},"excerpt":{"rendered":"<p>Banor\u00ebt e \u201cAstirit\u201d edhe sot kan\u00eb dal\u00eb s\u00ebrish n\u00eb protest\u00eb pasi jan\u00eb kund\u00ebr prishjes s\u00eb banesave t\u00eb tyre\u00a0n\u00eb kuad\u00ebr t\u00eb \u201cUnaz\u00ebs s\u00eb Re\u201d. Edhe n\u00eb protest\u00ebn e sotme ata kan\u00eb\u00a0paralajm\u00ebruar se nuk do t\u00eb lejojn\u00eb prishjen e sht\u00ebpive t\u00eb tyre pa i shpron\u00ebsuar qeveria.\u00a0 Ata kan\u00eb bllokuar s\u00ebrish sot rrug\u00ebn. &#8220;E more vesh \u00e7far\u00eb b\u00ebhet, [&hellip;]<\/p>\n","protected":false,"gt_translate_keys":[{"key":"rendered","format":"html"}]},"author":30,"featured_media":247570,"comment_status":"open","ping_status":"open","sticky":false,"template":"","format":"standard","meta":{"footnotes":""},"categories":[65],"tags":[],"class_list":["post-247569","post","type-post","status-publish","format-standard","has-post-thumbnail","hentry","category-lajme"],"gt_translate_keys":[{"key":"link","format":"url"}],"_links":{"self":[{"href":"https:\/\/www.hashtag.al\/index.php\/wp-json\/wp\/v2\/posts\/247569","targetHints":{"allow":["GET"]}}],"collection":[{"href":"https:\/\/www.hashtag.al\/index.php\/wp-json\/wp\/v2\/posts"}],"about":[{"href":"https:\/\/www.hashtag.al\/index.php\/wp-json\/wp\/v2\/types\/post"}],"author":[{"embeddable":true,"href":"https:\/\/www.hashtag.al\/index.php\/wp-json\/wp\/v2\/users\/30"}],"replies":[{"embeddable":true,"href":"https:\/\/www.hashtag.al\/index.php\/wp-json\/wp\/v2\/comments?post=247569"}],"version-history":[{"count":0,"href":"https:\/\/www.hashtag.al\/index.php\/wp-json\/wp\/v2\/posts\/247569\/revisions"}],"wp:featuredmedia":[{"embeddable":true,"href":"https:\/\/www.hashtag.al\/index.php\/wp-json\/wp\/v2\/media\/247570"}],"wp:attachment":[{"href":"https:\/\/www.hashtag.al\/index.php\/wp-json\/wp\/v2\/media?parent=247569"}],"wp:term":[{"taxonomy":"category","embeddable":true,"href":"https:\/\/www.hashtag.al\/index.php\/wp-json\/wp\/v2\/categories?post=247569"},{"taxonomy":"post_tag","embeddable":true,"href":"https:\/\/www.hashtag.al\/index.php\/wp-json\/wp\/v2\/tags?post=247569"}],"curies":[{"name":"wp","href":"https:\/\/api.w.org\/{rel}","templated":true}]}}