{"id":247545,"date":"2018-11-05T16:28:57","date_gmt":"2018-11-05T15:28:57","guid":{"rendered":"https:\/\/hashtag.al\/?p=247545"},"modified":"2018-11-05T16:41:47","modified_gmt":"2018-11-05T15:41:47","slug":"presidenca-zgjedh-vitore-tushen-si-kandidate-per-kreun-e-klsh-se","status":"publish","type":"post","link":"https:\/\/www.hashtag.al\/index.php\/2018\/11\/05\/presidenca-zgjedh-vitore-tushen-si-kandidate-per-kreun-e-klsh-se\/","title":{"rendered":"Presidenca zgjedh Vitore Tush\u00ebn si kandidate p\u00ebr kreun e KLSH-s\u00eb","gt_translate_keys":[{"key":"rendered","format":"text"}]},"content":{"rendered":"<p><span style=\"color: #000000;\"><img loading=\"lazy\" decoding=\"async\" class=\"alignnone size-full wp-image-247546\" src=\"https:\/\/hashtag.al\/wp-content\/uploads\/2018\/11\/vitore-tusha.jpg\" alt=\"\" width=\"1024\" height=\"667\" srcset=\"https:\/\/www.hashtag.al\/wp-content\/uploads\/2018\/11\/vitore-tusha.jpg 1024w, https:\/\/www.hashtag.al\/wp-content\/uploads\/2018\/11\/vitore-tusha-300x195.jpg 300w, https:\/\/www.hashtag.al\/wp-content\/uploads\/2018\/11\/vitore-tusha-768x500.jpg 768w\" sizes=\"auto, (max-width: 1024px) 100vw, 1024px\" \/><\/span><\/p>\n<p><span style=\"color: #000000;\">Presidenca ka p\u00ebrgjedhur p\u00ebr kreun e KLSH-s\u00eb mes 34 kandidaturave, Vitore Tush\u00ebn. Kandidatura e Vitore Tush\u00ebs do t&#8217;i d\u00ebrgohet Kuvendit p\u00ebr votim.<\/span><\/p>\n<p><span style=\"color: #000000;\">Vitore Tusha aktualisht \u00ebsht\u00eb gjyqtare n\u00eb Gjykat\u00ebn Kushtetuese. Ky vendim u morr sot pas nj\u00eb takimi mes\u00a0Presidentit Ilir Meta dhe kryeparlamentarit Gramoz Ru\u00e7i.<\/span><\/p>\n<p><span style=\"color: #000000;\">Kujtojm\u00eb se kryetari i Kontrollit t\u00eb Lart\u00eb t\u00eb Shtetit ka mandat 7-vje\u00e7ar q\u00eb votohet n\u00eb Kuvend, nd\u00ebrsa aktualisht ky post drejtohet nga Bujar Leskaj. Mandati i k\u00ebtij t\u00eb fundit mbaron n\u00eb dhjetor t\u00eb 2018-\u00ebs.<\/span><\/p>\n<p><span style=\"color: #000000;\"><strong>Njoftimi:<\/strong><\/span><\/p>\n<p><span style=\"color: #000000;\"><strong>\u00a0<\/strong>Presidenti i Republik\u00ebs, n\u00eb mb\u00ebshtetje t\u00eb nenit 162 pika 2 t\u00eb Kushtetut\u00ebs, si dhe t\u00eb nenit 19 pika 2, t\u00eb ligjit nr.154\/2014 \u201cP\u00ebr organizimin dhe funksionimin e Kontrollit t\u00eb Lart\u00eb t\u00eb Shtetit\u201d, pas shqyrtimit t\u00eb t\u00eb gjith\u00eb kandidaturave q\u00eb kan\u00eb shprehur interesin, n\u00eb p\u00ebrfundim t\u00eb procesit vler\u00ebsues me Dekretin nr. 10929, dat\u00eb 05.11.2018, ka vendosur q\u00eb zj.Vitore Tusha t\u2019i propozohet Kuvendit t\u00eb Shqip\u00ebris\u00eb p\u00ebr tu zgjedhur n\u00eb pozicionin Kushtetues t\u00eb Kryetarit t\u00eb Kontrollit t\u00eb Lart\u00eb t\u00eb Shtetit.<\/span><\/p>\n<p><span style=\"color: #000000;\">Presidenti pas realizimit t\u00eb nj\u00eb procesi transparent dhe objektiv, ka arritur n\u00eb konkluzionin se, Doktore e Shkencave Juridike znj.Vitore Tusha plot\u00ebson kushtet dhe kriteret ligjore, si dhe \u00ebsht\u00eb kandidatura m\u00eb e p\u00ebrshtatshme p\u00ebr tu zgjedhur n\u00eb k\u00ebt\u00eb pozicion kushtetues, bazuar n\u00eb eksperienc\u00ebn solide dhe kontributin e pand\u00ebrper\u00eb t\u00eb znj.Tusha, n\u00eb fush\u00ebn e jurispudenc\u00ebs, si n\u00eb sistemin gjyq\u00ebsor, ashtu dhe referuar angazhimeve t\u00eb saj akademike si pedagoge n\u00eb institucionet e arsimit t\u00eb lart\u00eb n\u00eb fush\u00ebn e s\u00eb drejt\u00ebs, trajnuese dhe pedagoge n\u00eb Shkoll\u00ebn e Magjistratur\u00ebs, apo edhe si eksperte n\u00eb fush\u00ebn e s\u00eb drejt\u00ebs kushtetuese e m\u00eb gjer\u00eb. <\/span><\/p>\n<p><span style=\"color: #000000;\">Presidenti i Republik\u00ebs, vler\u00ebson se Znj.Vitore Tusha, aktualisht an\u00ebtare n\u00eb detyr\u00eb e Gjykat\u00ebs Kushtetuese t\u00eb cil\u00ebs i ka mbaruar mandati n\u00eb k\u00ebt\u00eb funksion q\u00eb prej dat\u00ebs 10 mars 2017, g\u00ebzon nj\u00eb integritet t\u00eb lart\u00eb moral dhe profesional, e konfirmuar edhe n\u00eb rrug\u00eb istitucionale, pasi si subjekt i ligjit nr.84\/2016, ajo \u00ebsht\u00eb konfirmuar n\u00eb detyr\u00eb dhe ka kaluar me sukses dhe me vendim t\u00eb form\u00ebs s\u00eb prer\u00eb, procesin e rivler\u00ebsimit kalimtar (vettingun), p\u00ebr t\u00eb gjith\u00eb komponent\u00ebt e k\u00ebtij procesi, duke krijuar bindjen se kandidatura e saj \u00ebsht\u00eb e denj\u00eb p\u00ebr tu zgjedhur si Kryetar i Kontrollit \u00eb Lart\u00eb t\u00eb Shtetit.<\/span><\/p>\n<p><span style=\"color: #000000;\">Duke zgjedhur nj\u00eb kandidatur\u00eb si znj.Tusha larg \u00e7do angazhimi partiak n\u00eb t\u00eb kaluar\u00ebn, Presidenti beson se kontribuon p\u00ebr garantimin e pavar\u00ebsis\u00eb s\u00eb k\u00ebtij institucioni shum\u00eb t\u00eb r\u00ebnd\u00ebsish\u00ebm kushtetues.<\/span><\/p>\n<p><span style=\"color: #000000;\">Presidenti i Republik\u00ebs gjen rastin t\u00eb falenderoj\u00eb t\u00eb gjith\u00eb aplikant\u00ebt e tjer\u00eb q\u00eb kan\u00eb shprehur interesin p\u00ebr t\u00eb marr\u00eb pjes\u00eb sipas thirrjes s\u00eb hapur prej tij, disa prej t\u00eb cil\u00ebve jan\u00eb personalitete t\u00eb njohura publike dhe me kontribute t\u00eb shquara n\u00eb fushat e ekonomis\u00eb dhe drejt\u00ebsis\u00eb. <\/span><\/p>\n<p><strong>Jet\u00ebshkrimi:<\/strong><\/p>\n<p><span style=\"color: #000000;\"> VITORE TUSHA<\/span><\/p>\n<p><span style=\"color: #000000;\">T\u00cb DH\u00cbNA PERSONALE: <\/span><br \/>\n<span style=\"color: #000000;\"> Dat\u00eblindja: 26.11.1960<\/span><br \/>\n<span style=\"color: #000000;\"> Vendlindja: Tiran\u00eb<\/span><\/p>\n<p><span style=\"color: #000000;\">EDUKIMI DHE GRADA SHKENCORE:<\/span><\/p>\n<p><span style=\"color: #000000;\">1997 \u201cDoktor\u201d i Shkencave n\u00eb Drejt\u00ebsi, Fakulteti i Drejt\u00ebsis\u00eb, Universiteti i Tiran\u00ebs<\/span><br \/>\n<span style=\"color: #000000;\"> 1979-1983 Dega Drejt\u00ebsi, Fakulteti i Shkencave Politiko-Juridike, Unversiteti i Tiran\u00ebs<\/span><br \/>\n<span style=\"color: #000000;\"> 1975-1979 Shkolla e mesme e p\u00ebrgjithshme \u201cBardhork Biba\u201d, Rr\u00ebshen Mirdit\u00eb<\/span><\/p>\n<p><span style=\"color: #000000;\">EKSPERIENCA N\u00cb PUN\u00cb:<\/span><\/p>\n<p><span style=\"color: #000000;\">2008 &#8211; n\u00eb vazhdim Gjykata Kushtetuese, &#8211; Gjyqtare<\/span><br \/>\n<span style=\"color: #000000;\"> 2004 &#8211; 2008 Dhoma e Avokatis\u00eb Tiran\u00eb, &#8211; Avokate<\/span><br \/>\n<span style=\"color: #000000;\"> 1994 &#8211; 2001 Gjykata e Kasacionit, &#8211; Gjyqtare<\/span><br \/>\n<span style=\"color: #000000;\"> 1992 &#8211; 1994 Gjykata e Rrethit Tiran\u00eb, &#8211; Gjyqtare<\/span><br \/>\n<span style=\"color: #000000;\"> 1990 &#8211; 1992 Dhoma e Avokatis\u00eb Tiran\u00eb, &#8211; Avokate<\/span><br \/>\n<span style=\"color: #000000;\"> 1983 &#8211; 1990 Gjykata e Rrethit Tiran\u00eb, &#8211; P\u00ebrmbaruese Gjyq\u00ebsore<\/span><\/p>\n<p><span style=\"color: #000000;\"><img loading=\"lazy\" decoding=\"async\" class=\"alignnone size-full wp-image-247552\" src=\"https:\/\/hashtag.al\/wp-content\/uploads\/2018\/11\/vitore-tusha-44.jpg\" alt=\"\" width=\"884\" height=\"530\" srcset=\"https:\/\/www.hashtag.al\/wp-content\/uploads\/2018\/11\/vitore-tusha-44.jpg 884w, https:\/\/www.hashtag.al\/wp-content\/uploads\/2018\/11\/vitore-tusha-44-300x180.jpg 300w, https:\/\/www.hashtag.al\/wp-content\/uploads\/2018\/11\/vitore-tusha-44-768x460.jpg 768w\" sizes=\"auto, (max-width: 884px) 100vw, 884px\" \/><\/span><\/p>\n<p>&nbsp;<\/p>\n<p>&nbsp;<\/p>\n<p>&nbsp;<\/p>\n","protected":false,"gt_translate_keys":[{"key":"rendered","format":"html"}]},"excerpt":{"rendered":"<p>Presidenca ka p\u00ebrgjedhur p\u00ebr kreun e KLSH-s\u00eb mes 34 kandidaturave, Vitore Tush\u00ebn. Kandidatura e Vitore Tush\u00ebs do t&#8217;i d\u00ebrgohet Kuvendit p\u00ebr votim. Vitore Tusha aktualisht \u00ebsht\u00eb gjyqtare n\u00eb Gjykat\u00ebn Kushtetuese. Ky vendim u morr sot pas nj\u00eb takimi mes\u00a0Presidentit Ilir Meta dhe kryeparlamentarit Gramoz Ru\u00e7i. Kujtojm\u00eb se kryetari i Kontrollit t\u00eb Lart\u00eb t\u00eb Shtetit ka [&hellip;]<\/p>\n","protected":false,"gt_translate_keys":[{"key":"rendered","format":"html"}]},"author":30,"featured_media":247546,"comment_status":"open","ping_status":"open","sticky":false,"template":"","format":"standard","meta":{"footnotes":""},"categories":[22,65],"tags":[],"class_list":["post-247545","post","type-post","status-publish","format-standard","has-post-thumbnail","hentry","category-ballina","category-lajme"],"gt_translate_keys":[{"key":"link","format":"url"}],"_links":{"self":[{"href":"https:\/\/www.hashtag.al\/index.php\/wp-json\/wp\/v2\/posts\/247545","targetHints":{"allow":["GET"]}}],"collection":[{"href":"https:\/\/www.hashtag.al\/index.php\/wp-json\/wp\/v2\/posts"}],"about":[{"href":"https:\/\/www.hashtag.al\/index.php\/wp-json\/wp\/v2\/types\/post"}],"author":[{"embeddable":true,"href":"https:\/\/www.hashtag.al\/index.php\/wp-json\/wp\/v2\/users\/30"}],"replies":[{"embeddable":true,"href":"https:\/\/www.hashtag.al\/index.php\/wp-json\/wp\/v2\/comments?post=247545"}],"version-history":[{"count":0,"href":"https:\/\/www.hashtag.al\/index.php\/wp-json\/wp\/v2\/posts\/247545\/revisions"}],"wp:featuredmedia":[{"embeddable":true,"href":"https:\/\/www.hashtag.al\/index.php\/wp-json\/wp\/v2\/media\/247546"}],"wp:attachment":[{"href":"https:\/\/www.hashtag.al\/index.php\/wp-json\/wp\/v2\/media?parent=247545"}],"wp:term":[{"taxonomy":"category","embeddable":true,"href":"https:\/\/www.hashtag.al\/index.php\/wp-json\/wp\/v2\/categories?post=247545"},{"taxonomy":"post_tag","embeddable":true,"href":"https:\/\/www.hashtag.al\/index.php\/wp-json\/wp\/v2\/tags?post=247545"}],"curies":[{"name":"wp","href":"https:\/\/api.w.org\/{rel}","templated":true}]}}