{"id":247542,"date":"2018-11-05T16:26:05","date_gmt":"2018-11-05T15:26:05","guid":{"rendered":"https:\/\/hashtag.al\/?p=247542"},"modified":"2018-11-05T16:26:05","modified_gmt":"2018-11-05T15:26:05","slug":"dule-leter-metes-trupi-i-kacifas-ti-dorezohet-familjes","status":"publish","type":"post","link":"https:\/\/www.hashtag.al\/index.php\/2018\/11\/05\/dule-leter-metes-trupi-i-kacifas-ti-dorezohet-familjes\/","title":{"rendered":"Dule let\u00ebr Met\u00ebs: Trupi i Kacifas t\u2019i dor\u00ebzohet familjes","gt_translate_keys":[{"key":"rendered","format":"text"}]},"content":{"rendered":"<p><img loading=\"lazy\" decoding=\"async\" class=\"alignnone size-full wp-image-245474\" src=\"https:\/\/hashtag.al\/wp-content\/uploads\/2018\/10\/kostandin-kacifa-640x342.jpg\" alt=\"\" width=\"640\" height=\"342\" srcset=\"https:\/\/www.hashtag.al\/wp-content\/uploads\/2018\/10\/kostandin-kacifa-640x342.jpg 640w, https:\/\/www.hashtag.al\/wp-content\/uploads\/2018\/10\/kostandin-kacifa-640x342-300x160.jpg 300w, https:\/\/www.hashtag.al\/wp-content\/uploads\/2018\/10\/kostandin-kacifa-640x342-620x330.jpg 620w\" sizes=\"auto, (max-width: 640px) 100vw, 640px\" \/><\/p>\n<p><span style=\"color: #000000;\">Dit\u00ebn e sotme kreu i PBDNJ-s\u00eb Vangjel Dule i ka d\u00ebrguar nj\u00eb let\u00ebr\u00a0Presidentit t\u00eb Republik\u00ebs Ilir Meta, duke k\u00ebrkuar impenjimin e tij edhe n\u00eb cil\u00ebsin\u00eb e Kryetarit t\u00eb K\u00ebshillit t\u00eb Lart\u00eb t\u00eb Drejt\u00ebsis\u00eb, p\u00ebr \u00e7\u00ebshtjen e Konstandinos Ka\u00e7ifas dhe dor\u00ebzimin e trupit t\u00eb tij p\u00ebr varrim.<\/span><\/p>\n<p><span style=\"color: #000000;\">\u201c\u00c7\u00ebshtja e dhimbjes s\u00eb familjar\u00ebve, sensibilitetit t\u00eb Komunitetit Grek dhe dimensioni human p\u00ebr t\u00eb kryer ritet e p\u00ebrcjelljes, nuk mund t\u00eb trajtohet me indifirenc\u00eb burokratike dhe formalitete justifikuese\u201d- thuhet n\u00eb letr\u00ebn e PBDNJ drejtuar Presidentit.<\/span><\/p>\n<p><span style=\"color: #000000;\">Vrasja e 35-vje\u00e7arit n\u00eb Bularat ka ngjallur shum\u00eb debat. Trupi i t\u00eb ndjerit mbahet n\u00eb ruajtje nga Instituti i Mjek\u00ebsis\u00eb Ligjore deri n\u00eb p\u00ebrfundim t\u00eb plot\u00eb t\u00eb ekspertiz\u00ebs mjeko-ligjore.<\/span><\/p>\n<p><span style=\"color: #000000;\">Avokati i t\u00eb ndjerit ka deklaruar s\u00eb fundmi se trupi i Ka\u00e7ifas do t\u2019i kthehet familjes dit\u00ebn e mart\u00eb. Sipas tij autoritetet shqiptare kan\u00eb r\u00ebnd\u00eb dakord t\u2019i dor\u00ebzojn\u00eb trupin e t\u00eb ndjerit familjes. Avokati Efthimios Navridis tha p\u00ebr ANT1 se hetimet nga pala shqiptare kan\u00eb p\u00ebrfunduar.\u00a0<\/span><\/p>\n<p><img loading=\"lazy\" decoding=\"async\" class=\"alignnone size-full wp-image-232511\" src=\"https:\/\/hashtag.al\/wp-content\/uploads\/2018\/09\/dule.jpg\" alt=\"\" width=\"1344\" height=\"988\" \/><\/p>\n","protected":false,"gt_translate_keys":[{"key":"rendered","format":"html"}]},"excerpt":{"rendered":"<p>Dit\u00ebn e sotme kreu i PBDNJ-s\u00eb Vangjel Dule i ka d\u00ebrguar nj\u00eb let\u00ebr\u00a0Presidentit t\u00eb Republik\u00ebs Ilir Meta, duke k\u00ebrkuar impenjimin e tij edhe n\u00eb cil\u00ebsin\u00eb e Kryetarit t\u00eb K\u00ebshillit t\u00eb Lart\u00eb t\u00eb Drejt\u00ebsis\u00eb, p\u00ebr \u00e7\u00ebshtjen e Konstandinos Ka\u00e7ifas dhe dor\u00ebzimin e trupit t\u00eb tij p\u00ebr varrim. \u201c\u00c7\u00ebshtja e dhimbjes s\u00eb familjar\u00ebve, sensibilitetit t\u00eb Komunitetit Grek [&hellip;]<\/p>\n","protected":false,"gt_translate_keys":[{"key":"rendered","format":"html"}]},"author":30,"featured_media":245291,"comment_status":"open","ping_status":"open","sticky":false,"template":"","format":"standard","meta":{"footnotes":""},"categories":[65],"tags":[],"class_list":["post-247542","post","type-post","status-publish","format-standard","has-post-thumbnail","hentry","category-lajme"],"gt_translate_keys":[{"key":"link","format":"url"}],"_links":{"self":[{"href":"https:\/\/www.hashtag.al\/index.php\/wp-json\/wp\/v2\/posts\/247542","targetHints":{"allow":["GET"]}}],"collection":[{"href":"https:\/\/www.hashtag.al\/index.php\/wp-json\/wp\/v2\/posts"}],"about":[{"href":"https:\/\/www.hashtag.al\/index.php\/wp-json\/wp\/v2\/types\/post"}],"author":[{"embeddable":true,"href":"https:\/\/www.hashtag.al\/index.php\/wp-json\/wp\/v2\/users\/30"}],"replies":[{"embeddable":true,"href":"https:\/\/www.hashtag.al\/index.php\/wp-json\/wp\/v2\/comments?post=247542"}],"version-history":[{"count":0,"href":"https:\/\/www.hashtag.al\/index.php\/wp-json\/wp\/v2\/posts\/247542\/revisions"}],"wp:featuredmedia":[{"embeddable":true,"href":"https:\/\/www.hashtag.al\/index.php\/wp-json\/wp\/v2\/media\/245291"}],"wp:attachment":[{"href":"https:\/\/www.hashtag.al\/index.php\/wp-json\/wp\/v2\/media?parent=247542"}],"wp:term":[{"taxonomy":"category","embeddable":true,"href":"https:\/\/www.hashtag.al\/index.php\/wp-json\/wp\/v2\/categories?post=247542"},{"taxonomy":"post_tag","embeddable":true,"href":"https:\/\/www.hashtag.al\/index.php\/wp-json\/wp\/v2\/tags?post=247542"}],"curies":[{"name":"wp","href":"https:\/\/api.w.org\/{rel}","templated":true}]}}