{"id":247518,"date":"2018-11-05T15:19:48","date_gmt":"2018-11-05T14:19:48","guid":{"rendered":"https:\/\/hashtag.al\/?p=247518"},"modified":"2018-11-05T15:21:41","modified_gmt":"2018-11-05T14:21:41","slug":"rama-e-ka-jetike-kontrollin-e-ministrise-se-brendshme-keshtu-mbron-olsin-dakon-ballen-gjiknurin-e-ahmetajn-deklarata-e-pd-se","status":"publish","type":"post","link":"https:\/\/www.hashtag.al\/index.php\/2018\/11\/05\/rama-e-ka-jetike-kontrollin-e-ministrise-se-brendshme-keshtu-mbron-olsin-dakon-ballen-gjiknurin-e-ahmetajn-deklarata-e-pd-se\/","title":{"rendered":"&#8220;Rama e ka jetike kontrollin e Ministris\u00eb s\u00eb Brendshme, k\u00ebshtu mbron Olsin, Dakon, Ball\u00ebn, Gjiknurin e Ahmetajn&#8221; &#8211; Deklarata e PD-s\u00eb","gt_translate_keys":[{"key":"rendered","format":"text"}]},"content":{"rendered":"<p><img loading=\"lazy\" decoding=\"async\" class=\"aligncenter size-full wp-image-247519\" src=\"https:\/\/hashtag.al\/wp-content\/uploads\/2018\/11\/policiarama5nentor.jpg\" alt=\"\" width=\"2048\" height=\"1303\" srcset=\"https:\/\/www.hashtag.al\/wp-content\/uploads\/2018\/11\/policiarama5nentor.jpg 2048w, https:\/\/www.hashtag.al\/wp-content\/uploads\/2018\/11\/policiarama5nentor-300x191.jpg 300w, https:\/\/www.hashtag.al\/wp-content\/uploads\/2018\/11\/policiarama5nentor-768x489.jpg 768w, https:\/\/www.hashtag.al\/wp-content\/uploads\/2018\/11\/policiarama5nentor-1024x652.jpg 1024w\" sizes=\"auto, (max-width: 2048px) 100vw, 2048px\" \/><\/p>\n<p><span style=\"color: #000000;\"><em>\u201cRama e ka jetike kontrollin e Ministris\u00eb s\u00eb Brendshme\u201d<\/em> &#8211; ka deklaruar Partia Demokratike. <\/span><\/p>\n<p><span style=\"color: #000000;\">N\u00eb reagimin e selis\u00eb blu theksohet se Rama duke qen\u00eb vet\u00eb de facto minist\u00ebr i Brendsh\u00ebm ka m\u00eb shum\u00eb mjete p\u00ebr t\u00eb mbrojtur Olsi Ram\u00ebn, Dakon, Ball\u00ebn, Gjiknurin, Ahmetajn etj.<\/span><\/p>\n<p><span style=\"color: #000000;\"><strong>Deklarata e plot\u00eb e PD-s\u00eb<\/strong><\/span><\/p>\n<p><span style=\"color: #000000;\"><em>&#8220;K\u00ebmb\u00ebngulja e Edi Ram\u00ebs p\u00ebr em\u00ebrimin e Sand\u00ebr Lleshit n\u00eb drejtimin e Ministris\u00eb s\u00eb Brendshme, konfirmon q\u00ebndrimin e opozit\u00ebs se Rama e ka jetike kontrollin e plot\u00eb t\u00eb Ministris\u00eb s\u00eb Brendshme.<\/em><\/span><\/p>\n<p><span style=\"color: #000000;\"><em>Duke qen\u00eb vet\u00eb de facto Minist\u00ebr i Brendsh\u00ebm, Edi Rama ka m\u00eb shum\u00eb mjete p\u00ebr t\u00eb mbrojtur Olsi Ram\u00ebn, Vangjush Dakon, Taulant Ball\u00ebn, Damian Gjiknurin, Arben Ahmetaj dhe k\u00ebdo tjet\u00ebr an\u00ebtar t\u00eb band\u00ebs s\u00eb tij n\u00eb pushtet. <\/em><\/span><\/p>\n<p><span style=\"color: #000000;\"><em>Em\u00ebrimi i figur\u00ebs m\u00eb t\u00eb pap\u00ebrshtatshme p\u00ebr t\u00eb drejtuar Ministrin\u00eb e Brendshme provon q\u00eb Edi Ram\u00ebs nuk i intereson lufta kund\u00ebr krimit t\u00eb organizuar, por mbrojtja e tij me \u00e7do \u00e7mim.<\/em><\/span><\/p>\n<p><span style=\"color: #000000;\"><em>\u00cbsht\u00eb fakt q\u00eb deri m\u00eb sot asnj\u00eb em\u00ebrtes\u00eb e Edi Ram\u00ebs n\u00eb krye t\u00eb Ministris\u00eb s\u00eb Brendshme nuk e ka luftuar krimin e organizuar, por ka bashk\u00ebpunuar dhe e ka mbrojtur at\u00eb me porosi direkte t\u00eb Edi Ram\u00ebs.<\/em><\/span><\/p>\n<p><span style=\"color: #000000;\"><em> Edi Rama nuk mund ta luftoj\u00eb Edi Ram\u00ebn, prandaj i duhet nj\u00eb kukull si Sand\u00ebr Lleshi p\u00ebr t\u00eb mbrojtur veten dhe p\u00ebr t\u2019i siguruar paprekshm\u00ebri krimit.&#8221;<\/em><\/span><\/p>\n<p><img loading=\"lazy\" decoding=\"async\" class=\"aligncenter size-full wp-image-247521\" src=\"https:\/\/hashtag.al\/wp-content\/uploads\/2018\/11\/edi-rama-me-policet.jpg\" alt=\"\" width=\"800\" height=\"533\" srcset=\"https:\/\/www.hashtag.al\/wp-content\/uploads\/2018\/11\/edi-rama-me-policet.jpg 800w, https:\/\/www.hashtag.al\/wp-content\/uploads\/2018\/11\/edi-rama-me-policet-300x200.jpg 300w, https:\/\/www.hashtag.al\/wp-content\/uploads\/2018\/11\/edi-rama-me-policet-768x512.jpg 768w\" sizes=\"auto, (max-width: 800px) 100vw, 800px\" \/><\/p>\n","protected":false,"gt_translate_keys":[{"key":"rendered","format":"html"}]},"excerpt":{"rendered":"<p>\u201cRama e ka jetike kontrollin e Ministris\u00eb s\u00eb Brendshme\u201d &#8211; ka deklaruar Partia Demokratike. N\u00eb reagimin e selis\u00eb blu theksohet se Rama duke qen\u00eb vet\u00eb de facto minist\u00ebr i Brendsh\u00ebm ka m\u00eb shum\u00eb mjete p\u00ebr t\u00eb mbrojtur Olsi Ram\u00ebn, Dakon, Ball\u00ebn, Gjiknurin, Ahmetajn etj. Deklarata e plot\u00eb e PD-s\u00eb &#8220;K\u00ebmb\u00ebngulja e Edi Ram\u00ebs p\u00ebr em\u00ebrimin [&hellip;]<\/p>\n","protected":false,"gt_translate_keys":[{"key":"rendered","format":"html"}]},"author":51,"featured_media":247520,"comment_status":"open","ping_status":"open","sticky":false,"template":"","format":"standard","meta":{"footnotes":""},"categories":[65],"tags":[],"class_list":["post-247518","post","type-post","status-publish","format-standard","has-post-thumbnail","hentry","category-lajme"],"gt_translate_keys":[{"key":"link","format":"url"}],"_links":{"self":[{"href":"https:\/\/www.hashtag.al\/index.php\/wp-json\/wp\/v2\/posts\/247518","targetHints":{"allow":["GET"]}}],"collection":[{"href":"https:\/\/www.hashtag.al\/index.php\/wp-json\/wp\/v2\/posts"}],"about":[{"href":"https:\/\/www.hashtag.al\/index.php\/wp-json\/wp\/v2\/types\/post"}],"author":[{"embeddable":true,"href":"https:\/\/www.hashtag.al\/index.php\/wp-json\/wp\/v2\/users\/51"}],"replies":[{"embeddable":true,"href":"https:\/\/www.hashtag.al\/index.php\/wp-json\/wp\/v2\/comments?post=247518"}],"version-history":[{"count":0,"href":"https:\/\/www.hashtag.al\/index.php\/wp-json\/wp\/v2\/posts\/247518\/revisions"}],"wp:featuredmedia":[{"embeddable":true,"href":"https:\/\/www.hashtag.al\/index.php\/wp-json\/wp\/v2\/media\/247520"}],"wp:attachment":[{"href":"https:\/\/www.hashtag.al\/index.php\/wp-json\/wp\/v2\/media?parent=247518"}],"wp:term":[{"taxonomy":"category","embeddable":true,"href":"https:\/\/www.hashtag.al\/index.php\/wp-json\/wp\/v2\/categories?post=247518"},{"taxonomy":"post_tag","embeddable":true,"href":"https:\/\/www.hashtag.al\/index.php\/wp-json\/wp\/v2\/tags?post=247518"}],"curies":[{"name":"wp","href":"https:\/\/api.w.org\/{rel}","templated":true}]}}