{"id":247439,"date":"2018-11-05T11:47:37","date_gmt":"2018-11-05T10:47:37","guid":{"rendered":"https:\/\/hashtag.al\/?p=247439"},"modified":"2018-11-05T12:56:14","modified_gmt":"2018-11-05T11:56:14","slug":"mosdekretimi-i-lleshit-ruci-shkon-ne-zyren-e-metes","status":"publish","type":"post","link":"https:\/\/www.hashtag.al\/index.php\/2018\/11\/05\/mosdekretimi-i-lleshit-ruci-shkon-ne-zyren-e-metes\/","title":{"rendered":"Ru\u00e7i shkon n\u00eb zyr\u00ebn e Met\u00ebs","gt_translate_keys":[{"key":"rendered","format":"text"}]},"content":{"rendered":"<p><span style=\"color: #000000;\"><img loading=\"lazy\" decoding=\"async\" class=\"aligncenter size-full wp-image-247441\" src=\"https:\/\/hashtag.al\/wp-content\/uploads\/2018\/11\/metaruci.jpg\" alt=\"\" width=\"2000\" height=\"1000\" srcset=\"https:\/\/www.hashtag.al\/wp-content\/uploads\/2018\/11\/metaruci.jpg 2000w, https:\/\/www.hashtag.al\/wp-content\/uploads\/2018\/11\/metaruci-300x150.jpg 300w, https:\/\/www.hashtag.al\/wp-content\/uploads\/2018\/11\/metaruci-768x384.jpg 768w, https:\/\/www.hashtag.al\/wp-content\/uploads\/2018\/11\/metaruci-1024x512.jpg 1024w\" sizes=\"auto, (max-width: 2000px) 100vw, 2000px\" \/><\/span><\/p>\n<p><span style=\"color: #000000;\">Kreu i Kuvendit, Gramoz Ru\u00e7i, ka vajtur n\u00eb Presidenc\u00eb p\u00ebr t\u2019u takuar me kreun e Shtetit, Meta. <\/span><\/p>\n<p><span style=\"color: #000000;\">Takimi n\u00eb presidenc\u00eb po zhvillohet me k\u00ebrkes\u00ebn e kryeparlamentarit dhe\u00a0 vjen dy dit\u00eb pasi Meta nuk e dekretoi propozimin e kryeministrit Rama t\u00eb Sand\u00ebr Lleshit si minist\u00ebr i Brendsh\u00ebm dhe nj\u00eb dit\u00eb pas takimit Rama-Meta n\u00eb Presidenc\u00eb. <\/span><\/p>\n<p><span style=\"color: #000000;\"><em>&#8220;Presidenti i Republik\u00ebs Sh.T.Z. Ilir Meta, me k\u00ebrkes\u00ebn e tij, zhvilloi sot nj\u00eb takim me Kryetarin e Kuvendit, Sh.T.Z. Gramoz Ru\u00e7i.\u00a0Presidenti Meta e njohu Kryetarin Ru\u00e7i me konsultimet e zhvilluara prej tij p\u00ebr dat\u00ebn e zgjedhjeve t\u00eb ardhshme lokale.\u00a0Gjithashtu, Presidenti Meta i b\u00ebri me dije Kryetarit Ru\u00e7i zhvillimin e procedurave transparente p\u00ebr t\u00eb ftuar kandidat\u00ebt, t\u00eb cil\u00ebt kan\u00eb paraqitur interesin p\u00ebr Kreun e Kontrollit t\u00eb Lart\u00eb t\u00eb Shtetit, me q\u00ebllim p\u00ebrzgjedhjen e nj\u00eb kandidati t\u00eb p\u00ebrshtatsh\u00ebm dhe me integritet p\u00ebr k\u00ebt\u00eb pozicion t\u00eb r\u00ebnd\u00ebsish\u00ebm.&#8221;<\/em> &#8211; thuhet n\u00eb njoftimin e Presidenc\u00ebs.<\/span><\/p>\n<p><span style=\"color: #000000;\">Paralelisht me takimin Ru\u00e7i-Meta \u00ebsht\u00eb zhvilluar mbledhja e grupit parlamentar t\u00eb PS-s\u00eb ku\u00a0Rama njoftoi em\u00ebrimin e propozimit t\u00eb tij si zv.minist\u00ebr i Brendsh\u00ebm, nd\u00ebrsa e cil\u00ebsoi si anti-kushtetues q\u00ebndrimin e Met\u00ebs.<\/span><\/p>\n<p><span style=\"color: #000000;\"><em>&#8220;Dakord\u00ebsi e plot\u00eb n\u00eb Grupin Parlamentar. Kuvendi do t\u00eb miratoj\u00eb nes\u00ebr dekretin e Presidentit p\u00ebr shkarkimin e ish-ministrit t\u00eb brendsh\u00ebm. Sand\u00ebr Lleshi do t\u00eb marr\u00eb drejtimin e MB si z\u00ebvend\u00ebs minist\u00ebr. Por nuk mbaron me kaq. P\u00ebr m\u00eb shum\u00eb do t&#8217;i drejtohem Kuvendit nes\u00ebr n\u00eb 10.00.&#8221;<\/em> &#8211; shkruajti Rama n\u00eb &#8220;Twitter&#8221;.<\/span><\/p>\n<p><span style=\"color: #000000;\">Nd\u00ebr t\u00eb tjera kreu i qeveris\u00eb tha se Meta nuk i kishte dh\u00ebn\u00eb asnj\u00eb arsye p\u00ebr mosdekretimin e propozimit t\u00eb tij nd\u00ebrsa tha se situata e krijuar nuk ishte p\u00ebr p\u00ebrgjegj\u00ebsin\u00eb e qeveris\u00eb, q\u00eb duhet t\u2019i dal\u00eb zot situat\u00ebs s\u00eb krijuar. <\/span><\/p>\n<p><span style=\"color: #000000;\">Ai njoftoi gjithashtu se em\u00ebrimi i Lleshit n\u00eb krye t\u00eb Ministris\u00eb s\u00eb Brendshme do b\u00ebhej n\u00eb seanc\u00ebn e nes\u00ebrme ne Kuvend.<\/span><\/p>\n<p><span style=\"color: #000000;\"><img loading=\"lazy\" decoding=\"async\" class=\"aligncenter size-full wp-image-247443\" src=\"https:\/\/hashtag.al\/wp-content\/uploads\/2018\/11\/sander-lleshi.jpg\" alt=\"\" width=\"884\" height=\"530\" srcset=\"https:\/\/www.hashtag.al\/wp-content\/uploads\/2018\/11\/sander-lleshi.jpg 884w, https:\/\/www.hashtag.al\/wp-content\/uploads\/2018\/11\/sander-lleshi-300x180.jpg 300w, https:\/\/www.hashtag.al\/wp-content\/uploads\/2018\/11\/sander-lleshi-768x460.jpg 768w\" sizes=\"auto, (max-width: 884px) 100vw, 884px\" \/><\/span><\/p>\n","protected":false,"gt_translate_keys":[{"key":"rendered","format":"html"}]},"excerpt":{"rendered":"<p>Kreu i Kuvendit, Gramoz Ru\u00e7i, ka vajtur n\u00eb Presidenc\u00eb p\u00ebr t\u2019u takuar me kreun e Shtetit, Meta. Takimi n\u00eb presidenc\u00eb po zhvillohet me k\u00ebrkes\u00ebn e kryeparlamentarit dhe\u00a0 vjen dy dit\u00eb pasi Meta nuk e dekretoi propozimin e kryeministrit Rama t\u00eb Sand\u00ebr Lleshit si minist\u00ebr i Brendsh\u00ebm dhe nj\u00eb dit\u00eb pas takimit Rama-Meta n\u00eb Presidenc\u00eb. &#8220;Presidenti [&hellip;]<\/p>\n","protected":false,"gt_translate_keys":[{"key":"rendered","format":"html"}]},"author":51,"featured_media":247442,"comment_status":"open","ping_status":"open","sticky":false,"template":"","format":"standard","meta":{"footnotes":""},"categories":[65],"tags":[],"class_list":["post-247439","post","type-post","status-publish","format-standard","has-post-thumbnail","hentry","category-lajme"],"gt_translate_keys":[{"key":"link","format":"url"}],"_links":{"self":[{"href":"https:\/\/www.hashtag.al\/index.php\/wp-json\/wp\/v2\/posts\/247439","targetHints":{"allow":["GET"]}}],"collection":[{"href":"https:\/\/www.hashtag.al\/index.php\/wp-json\/wp\/v2\/posts"}],"about":[{"href":"https:\/\/www.hashtag.al\/index.php\/wp-json\/wp\/v2\/types\/post"}],"author":[{"embeddable":true,"href":"https:\/\/www.hashtag.al\/index.php\/wp-json\/wp\/v2\/users\/51"}],"replies":[{"embeddable":true,"href":"https:\/\/www.hashtag.al\/index.php\/wp-json\/wp\/v2\/comments?post=247439"}],"version-history":[{"count":0,"href":"https:\/\/www.hashtag.al\/index.php\/wp-json\/wp\/v2\/posts\/247439\/revisions"}],"wp:featuredmedia":[{"embeddable":true,"href":"https:\/\/www.hashtag.al\/index.php\/wp-json\/wp\/v2\/media\/247442"}],"wp:attachment":[{"href":"https:\/\/www.hashtag.al\/index.php\/wp-json\/wp\/v2\/media?parent=247439"}],"wp:term":[{"taxonomy":"category","embeddable":true,"href":"https:\/\/www.hashtag.al\/index.php\/wp-json\/wp\/v2\/categories?post=247439"},{"taxonomy":"post_tag","embeddable":true,"href":"https:\/\/www.hashtag.al\/index.php\/wp-json\/wp\/v2\/tags?post=247439"}],"curies":[{"name":"wp","href":"https:\/\/api.w.org\/{rel}","templated":true}]}}