{"id":247422,"date":"2018-11-05T11:25:34","date_gmt":"2018-11-05T10:25:34","guid":{"rendered":"https:\/\/hashtag.al\/?p=247422"},"modified":"2018-11-05T11:32:13","modified_gmt":"2018-11-05T10:32:13","slug":"kuvendi-neser-seance-te-jashtezakonshme-votohet-emerimi-i-sander-lleshit-si-zv-minister","status":"publish","type":"post","link":"https:\/\/www.hashtag.al\/index.php\/2018\/11\/05\/kuvendi-neser-seance-te-jashtezakonshme-votohet-emerimi-i-sander-lleshit-si-zv-minister\/","title":{"rendered":"Kuvendi nes\u00ebr seanc\u00eb t\u00eb jasht\u00ebzakonshme, votohet em\u00ebrimi i Lleshit si zv.minist\u00ebr","gt_translate_keys":[{"key":"rendered","format":"text"}]},"content":{"rendered":"<p><img loading=\"lazy\" decoding=\"async\" class=\"aligncenter size-full wp-image-247427\" src=\"https:\/\/hashtag.al\/wp-content\/uploads\/2018\/11\/ramasander.jpg\" alt=\"\" width=\"884\" height=\"500\" srcset=\"https:\/\/www.hashtag.al\/wp-content\/uploads\/2018\/11\/ramasander.jpg 884w, https:\/\/www.hashtag.al\/wp-content\/uploads\/2018\/11\/ramasander-300x170.jpg 300w, https:\/\/www.hashtag.al\/wp-content\/uploads\/2018\/11\/ramasander-768x434.jpg 768w\" sizes=\"auto, (max-width: 884px) 100vw, 884px\" \/><\/p>\n<p><span style=\"color: #000000;\">Kuvendi pritet t\u00eb mblidhet nes\u00ebr n\u00eb nj\u00eb seanc\u00eb t\u00eb jasht\u00ebzakonshme. <\/span><\/p>\n<p><span style=\"color: #000000;\">Arsyeja p\u00ebr k\u00ebt\u00eb \u00ebsht\u00eb miratimi i dekretit t\u00eb presidentit Meta p\u00ebr shkarkimin e Fatmir Xhafajt si minist\u00ebr i Brendsh\u00ebm si dhe vendimi p\u00ebr em\u00ebrimin e Sand\u00ebr Lleshit si zv.minist\u00ebr i Brendsh\u00ebm. <\/span><\/p>\n<p><span style=\"color: #000000;\">Kandidatura e Gjeneralit Sand\u00ebr Lleshi iu paraqit kreut t\u00eb shtetit p\u00ebr miratim para nj\u00eb jave, por presidenti nuk e dekretoi em\u00ebrimin e tij. <\/span><\/p>\n<p><span style=\"color: #000000;\">Lleshi pritet t\u00eb jet\u00eb zv.minist\u00ebr me kompetencat e ministrit, nd\u00ebrsa em\u00ebrimi i tij do b\u00ebhet me VKM t\u00eb ve\u00e7ant\u00eb. Vendimi \u00ebsht\u00eb marr\u00eb n\u00eb mbledhjen e sotme t\u00eb grupit parlamentar t\u00eb Partis\u00eb Socialiste.<\/span><\/p>\n<p><span style=\"color: #000000;\">Pas mosdekretimit t\u00eb Lleshit si minist\u00ebr, paraditen e djeshme kryeministri Rama shkoi n\u00eb zyr\u00ebn e presidentit Meta ku diskutoi p\u00ebr \u00e7\u00ebshtjen n\u00eb fjal\u00eb.<\/span><\/p>\n<p><span style=\"color: #000000;\">Kreu i qeveris\u00eb e pohoi n\u00eb \u201cTwitter\u201d em\u00ebrimin e Lleshit si zv.minist\u00ebr duke th\u00ebn\u00eb se ai do marr\u00eb drejtimin e Ministris\u00eb s\u00eb Brendshme.<\/span><\/p>\n<p><span style=\"color: #000000;\"><em>\u201cDakord\u00ebsi e plot\u00eb n\u00eb Grupin Parlamentar. Kuvendi do t\u00eb miratoj\u00eb nes\u00ebr dekretin e Presidentit p\u00ebr shkarkimin e ish-ministrit t\u00eb brendsh\u00ebm. Sand\u00ebr Lleshi do t\u00eb marr\u00eb drejtimin e MB si z\u00ebvend\u00ebs minist\u00ebr. Por nuk mbaron me kaq. P\u00ebr m\u00eb shum\u00eb do t&#8217;i drejtohem Kuvendit nes\u00ebr n\u00eb 10.00.\u201d<\/em> &#8211; shkruan Rama.<\/span><\/p>\n<p><img loading=\"lazy\" decoding=\"async\" class=\"aligncenter size-full wp-image-247429\" src=\"https:\/\/hashtag.al\/wp-content\/uploads\/2018\/11\/ramatwitter5nentor.png\" alt=\"\" width=\"624\" height=\"343\" srcset=\"https:\/\/www.hashtag.al\/wp-content\/uploads\/2018\/11\/ramatwitter5nentor.png 624w, https:\/\/www.hashtag.al\/wp-content\/uploads\/2018\/11\/ramatwitter5nentor-300x165.png 300w\" sizes=\"auto, (max-width: 624px) 100vw, 624px\" \/><\/p>\n","protected":false,"gt_translate_keys":[{"key":"rendered","format":"html"}]},"excerpt":{"rendered":"<p>Kuvendi pritet t\u00eb mblidhet nes\u00ebr n\u00eb nj\u00eb seanc\u00eb t\u00eb jasht\u00ebzakonshme. Arsyeja p\u00ebr k\u00ebt\u00eb \u00ebsht\u00eb miratimi i dekretit t\u00eb presidentit Meta p\u00ebr shkarkimin e Fatmir Xhafajt si minist\u00ebr i Brendsh\u00ebm si dhe vendimi p\u00ebr em\u00ebrimin e Sand\u00ebr Lleshit si zv.minist\u00ebr i Brendsh\u00ebm. Kandidatura e Gjeneralit Sand\u00ebr Lleshi iu paraqit kreut t\u00eb shtetit p\u00ebr miratim para nj\u00eb [&hellip;]<\/p>\n","protected":false,"gt_translate_keys":[{"key":"rendered","format":"html"}]},"author":51,"featured_media":247430,"comment_status":"open","ping_status":"open","sticky":false,"template":"","format":"standard","meta":{"footnotes":""},"categories":[22,65],"tags":[],"class_list":["post-247422","post","type-post","status-publish","format-standard","has-post-thumbnail","hentry","category-ballina","category-lajme"],"gt_translate_keys":[{"key":"link","format":"url"}],"_links":{"self":[{"href":"https:\/\/www.hashtag.al\/index.php\/wp-json\/wp\/v2\/posts\/247422","targetHints":{"allow":["GET"]}}],"collection":[{"href":"https:\/\/www.hashtag.al\/index.php\/wp-json\/wp\/v2\/posts"}],"about":[{"href":"https:\/\/www.hashtag.al\/index.php\/wp-json\/wp\/v2\/types\/post"}],"author":[{"embeddable":true,"href":"https:\/\/www.hashtag.al\/index.php\/wp-json\/wp\/v2\/users\/51"}],"replies":[{"embeddable":true,"href":"https:\/\/www.hashtag.al\/index.php\/wp-json\/wp\/v2\/comments?post=247422"}],"version-history":[{"count":0,"href":"https:\/\/www.hashtag.al\/index.php\/wp-json\/wp\/v2\/posts\/247422\/revisions"}],"wp:featuredmedia":[{"embeddable":true,"href":"https:\/\/www.hashtag.al\/index.php\/wp-json\/wp\/v2\/media\/247430"}],"wp:attachment":[{"href":"https:\/\/www.hashtag.al\/index.php\/wp-json\/wp\/v2\/media?parent=247422"}],"wp:term":[{"taxonomy":"category","embeddable":true,"href":"https:\/\/www.hashtag.al\/index.php\/wp-json\/wp\/v2\/categories?post=247422"},{"taxonomy":"post_tag","embeddable":true,"href":"https:\/\/www.hashtag.al\/index.php\/wp-json\/wp\/v2\/tags?post=247422"}],"curies":[{"name":"wp","href":"https:\/\/api.w.org\/{rel}","templated":true}]}}