{"id":247408,"date":"2018-11-05T10:38:33","date_gmt":"2018-11-05T09:38:33","guid":{"rendered":"https:\/\/hashtag.al\/?p=247408"},"modified":"2018-11-05T10:39:14","modified_gmt":"2018-11-05T09:39:14","slug":"steven-gerrard-vlereson-sulmuesin-e-kombetares-shqiptare-beme-mire-qe-e-bleme","status":"publish","type":"post","link":"https:\/\/www.hashtag.al\/index.php\/2018\/11\/05\/steven-gerrard-vlereson-sulmuesin-e-kombetares-shqiptare-beme-mire-qe-e-bleme\/","title":{"rendered":"Steven Gerrard vler\u00ebson sulmuesin e komb\u00ebtares shqiptare: B\u00ebm\u00eb mir\u00eb q\u00eb e blem\u00eb","gt_translate_keys":[{"key":"rendered","format":"text"}]},"content":{"rendered":"<p><img loading=\"lazy\" decoding=\"async\" class=\"aligncenter size-full wp-image-247409\" src=\"https:\/\/hashtag.al\/wp-content\/uploads\/2018\/11\/eros-2.jpg\" alt=\"\" width=\"660\" height=\"1024\" srcset=\"https:\/\/www.hashtag.al\/wp-content\/uploads\/2018\/11\/eros-2.jpg 660w, https:\/\/www.hashtag.al\/wp-content\/uploads\/2018\/11\/eros-2-193x300.jpg 193w\" sizes=\"auto, (max-width: 660px) 100vw, 660px\" \/><\/p>\n<p><span style=\"color: #000000;\">Sulmuesi shqiptar i Rangers-it n\u00eb Skoci, Eros Grezda, \u00ebsht\u00eb rikthyer n\u00eb formacionin e drejtuar nga ish-lojtari i komb\u00ebtares angleze t\u00eb futbollit, Steven Gerrard. <\/span><\/p>\n<p><span style=\"color: #000000;\">Ai u kthye n\u00eb loj\u00eb pas nj\u00eb d\u00ebmtimi q\u00eb e kishte l\u00ebn\u00eb jasht\u00eb fush\u00ebs p\u00ebr shum\u00eb koh\u00eb. 23-vje\u00e7ari b\u00ebri nj\u00eb paraqitje t\u00eb mir\u00eb nd\u00ebrsa ka premtuar se do rikthehet edhe m\u00eb i fort\u00eb tani q\u00eb d\u00ebmtimi ka kaluar.<\/span><\/p>\n<p><span style=\"color: #000000;\"><em>&#8220;A jam i m\u00ebrzitur ngaq\u00eb kam q\u00ebndruar n\u00eb stol p\u00ebr shum\u00eb koh\u00eb? Jo, sepse jam p\u00ebrqendruar tek st\u00ebrvitja. Isha duke pritur p\u00ebr mund\u00ebsin\u00eb time dhe tani mendoj se jam gati t\u00eb kthehem.\u201d<\/em> \u2013 tha Grezda. \u00a0<\/span><br \/>\n<span style=\"color: #000000;\"> Trajneri Gerrard \u00ebsht\u00eb shprehur i k\u00ebnaqur me paraqitjen e Grezd\u00ebs dhe beson se sulmuesi shqiptar do p\u00ebrmir\u00ebsohet edhe m\u00eb shum\u00eb n\u00eb vijim.<\/span><\/p>\n<p><span style=\"color: #000000;\"><em>&#8220;Mendoj se do p\u00ebrmir\u00ebsohet edhe m\u00eb shum\u00eb n\u00eb vijim. Jam i k\u00ebnaqur q\u00eb Grezda u afrua n\u00eb merkaton e ver\u00ebs n\u00eb ekip. \u00cbsht\u00eb nj\u00eb blerje shum\u00eb e mir\u00eb.\u201d<\/em> &#8211; tha tekniku.<\/span><\/p>\n<p><span style=\"color: #000000;\">Aktualisht Rangers mban vendin e tret\u00eb n\u00eb renditje, 5 pik\u00eb larg kreut duke qen\u00eb nj\u00eb nga ekipet q\u00eb luftojn\u00eb p\u00ebr titullin kampion, p\u00ebr t\u00eb cilin duhet t\u00eb p\u00ebrballen me rival\u00ebt e Celtic-ut dhe ndoshta edhe m\u00eb Hearts.<\/span><\/p>\n<p><img loading=\"lazy\" decoding=\"async\" class=\"aligncenter size-full wp-image-247410\" src=\"https:\/\/hashtag.al\/wp-content\/uploads\/2018\/11\/Eros.jpg\" alt=\"\" width=\"1000\" height=\"750\" srcset=\"https:\/\/www.hashtag.al\/wp-content\/uploads\/2018\/11\/Eros.jpg 1000w, https:\/\/www.hashtag.al\/wp-content\/uploads\/2018\/11\/Eros-300x225.jpg 300w, https:\/\/www.hashtag.al\/wp-content\/uploads\/2018\/11\/Eros-768x576.jpg 768w\" sizes=\"auto, (max-width: 1000px) 100vw, 1000px\" \/><\/p>\n","protected":false,"gt_translate_keys":[{"key":"rendered","format":"html"}]},"excerpt":{"rendered":"<p>Sulmuesi shqiptar i Rangers-it n\u00eb Skoci, Eros Grezda, \u00ebsht\u00eb rikthyer n\u00eb formacionin e drejtuar nga ish-lojtari i komb\u00ebtares angleze t\u00eb futbollit, Steven Gerrard. Ai u kthye n\u00eb loj\u00eb pas nj\u00eb d\u00ebmtimi q\u00eb e kishte l\u00ebn\u00eb jasht\u00eb fush\u00ebs p\u00ebr shum\u00eb koh\u00eb. 23-vje\u00e7ari b\u00ebri nj\u00eb paraqitje t\u00eb mir\u00eb nd\u00ebrsa ka premtuar se do rikthehet edhe m\u00eb i [&hellip;]<\/p>\n","protected":false,"gt_translate_keys":[{"key":"rendered","format":"html"}]},"author":51,"featured_media":247411,"comment_status":"open","ping_status":"open","sticky":false,"template":"","format":"standard","meta":{"footnotes":""},"categories":[134],"tags":[],"class_list":["post-247408","post","type-post","status-publish","format-standard","has-post-thumbnail","hentry","category-sport"],"gt_translate_keys":[{"key":"link","format":"url"}],"_links":{"self":[{"href":"https:\/\/www.hashtag.al\/index.php\/wp-json\/wp\/v2\/posts\/247408","targetHints":{"allow":["GET"]}}],"collection":[{"href":"https:\/\/www.hashtag.al\/index.php\/wp-json\/wp\/v2\/posts"}],"about":[{"href":"https:\/\/www.hashtag.al\/index.php\/wp-json\/wp\/v2\/types\/post"}],"author":[{"embeddable":true,"href":"https:\/\/www.hashtag.al\/index.php\/wp-json\/wp\/v2\/users\/51"}],"replies":[{"embeddable":true,"href":"https:\/\/www.hashtag.al\/index.php\/wp-json\/wp\/v2\/comments?post=247408"}],"version-history":[{"count":0,"href":"https:\/\/www.hashtag.al\/index.php\/wp-json\/wp\/v2\/posts\/247408\/revisions"}],"wp:featuredmedia":[{"embeddable":true,"href":"https:\/\/www.hashtag.al\/index.php\/wp-json\/wp\/v2\/media\/247411"}],"wp:attachment":[{"href":"https:\/\/www.hashtag.al\/index.php\/wp-json\/wp\/v2\/media?parent=247408"}],"wp:term":[{"taxonomy":"category","embeddable":true,"href":"https:\/\/www.hashtag.al\/index.php\/wp-json\/wp\/v2\/categories?post=247408"},{"taxonomy":"post_tag","embeddable":true,"href":"https:\/\/www.hashtag.al\/index.php\/wp-json\/wp\/v2\/tags?post=247408"}],"curies":[{"name":"wp","href":"https:\/\/api.w.org\/{rel}","templated":true}]}}