{"id":247398,"date":"2018-11-05T09:23:55","date_gmt":"2018-11-05T08:23:55","guid":{"rendered":"https:\/\/hashtag.al\/?p=247398"},"modified":"2018-11-05T09:26:09","modified_gmt":"2018-11-05T08:26:09","slug":"gjermania-nuk-ndryshon-politiken-per-ballkanin-por-cndodh-me-be-vitin-e-ardhshem","status":"publish","type":"post","link":"https:\/\/www.hashtag.al\/index.php\/2018\/11\/05\/gjermania-nuk-ndryshon-politiken-per-ballkanin-por-cndodh-me-be-vitin-e-ardhshem\/","title":{"rendered":"Gjermania nuk ndryshon politik\u00ebn p\u00ebr Ballkanin, por \u00e7&#8217;ndodh me BE vitin e ardhsh\u00ebm&#8230;","gt_translate_keys":[{"key":"rendered","format":"text"}]},"content":{"rendered":"<p><span style=\"color: #000000;\"><img loading=\"lazy\" decoding=\"async\" class=\"aligncenter wp-image-247399\" src=\"https:\/\/hashtag.al\/wp-content\/uploads\/2018\/11\/merkel-21.jpg\" alt=\"\" width=\"887\" height=\"499\" srcset=\"https:\/\/www.hashtag.al\/wp-content\/uploads\/2018\/11\/merkel-21.jpg 700w, https:\/\/www.hashtag.al\/wp-content\/uploads\/2018\/11\/merkel-21-300x169.jpg 300w\" sizes=\"auto, (max-width: 887px) 100vw, 887px\" \/><\/span><\/p>\n<p><span style=\"color: #000000;\">T\u00ebrheqja e Angela Merkelit nga politika do t\u00eb thot\u00eb edhe largim i lideres jo zyrtare t\u00eb BE-s\u00eb, ajo e cila zgjidhte kontradiktat e dilemat n\u00eb Bruksel. Por a mund t\u00eb ndryshoj\u00eb politika e BE p\u00ebr Ballkanin Per\u00ebndimor<\/span><\/p>\n<p><span style=\"color: #000000;\">Jo vet\u00ebm p\u00ebr BE, edhe p\u00ebr shum\u00eb politikan\u00eb n\u00eb vendet e Ballkanit Per\u00ebndimor kancelarja, Angela Merkel ishte lidere dhe mentore p\u00ebr politikat e tyre dhe p\u00ebrkrah\u00ebse e madhe n\u00eb procesin e integrimeve n\u00eb BE. Q\u00eb nga deklarimi i kancelares Merkel, se ajo nuk do t\u00eb kandidoj\u00eb p\u00ebrs\u00ebri p\u00ebr postin e kryetares s\u00eb partis\u00eb n\u00eb CDU, n\u00eb Evrop\u00eb u krijua nj\u00eb gjendje pothuajse e jasht\u00ebzakonshme dhe pasigurie. Kjo pasiguri u reflektua n\u00eb t\u00eb gjith\u00eb BE-n\u00eb por edhe n\u00eb Ballkanin Per\u00ebndimor.<\/span><\/p>\n<p><span style=\"color: #000000;\">Zyrtar\u00eb, analist\u00eb dhe qytetar\u00eb nga rajoni n\u00eb dit\u00ebt e fundit diskutojn\u00eb p\u00ebr pasojat e mundshme, pas t\u00ebrheqjes s\u00eb figur\u00ebs, e cila ka mb\u00ebshtetur personalisht dhe angazhohej p\u00ebr integrimin e Ballkanin Per\u00ebndimor n\u00eb BE. &#8220;Kancelarja Angela Merkel nuk \u00ebsht\u00eb larguar nga pozita e kancelares, por vet\u00ebm ka lajm\u00ebruar se do t\u00eb largohet nga posti i kryetares s\u00eb CDU-s\u00eb. Kjo do t\u00eb thot\u00eb se p\u00ebr aq koh\u00eb sa \u00ebsht\u00eb kancelare, un\u00eb nuk pres q\u00eb t\u00eb ket\u00eb ndonj\u00eb ndryshim t\u00eb madh n\u00eb politik\u00ebn gjermane drejt Europ\u00ebs Juglindore dhe politik\u00ebs s\u00eb BE p\u00ebr zgjerimin &#8220;, thot\u00eb p\u00ebr D\u00cb drejtori i zyr\u00ebs s\u00eb Brukselit t\u00eb Institutit Gjerman p\u00ebr \u00c7\u00ebshtje Nd\u00ebrkomb\u00ebtare dhe Siguris\u00eb Dushan Reljiq.<\/span><\/p>\n<p><span style=\"color: #000000;\"><strong>Angela Merkel n\u00eb takimin me presidentin e Kosov\u00ebs, 9 Maj 2018<\/strong><\/span><\/p>\n<p><span style=\"color: #000000;\">Analist\u00ebt nga Brukseli q\u00eb merren me \u00e7\u00ebshtjen e zgjerimit n\u00eb p\u00ebrgjith\u00ebsi dhe politik\u00ebn e BE-s\u00eb ndaj Ballkanit Per\u00ebndimor, pajtohen me k\u00ebt\u00eb vler\u00ebsim,\u00a0se ky veprim i kancelares gjermane nuk do t\u00eb ndryshoj\u00eb politik\u00ebn e Gjermanis\u00eb p\u00ebr integrimet e rajonit. &#8220;Ekziston nj\u00eb vazhdim\u00ebsi afatgjat\u00eb n\u00eb politik\u00ebn gjermane drejt Europ\u00ebs Juglindore, e cila \u00ebsht\u00eb arritur kryesisht p\u00ebrmes politik\u00ebs s\u00eb zgjerimit n\u00eb Bruksel dhe p\u00ebrmes NATO-s. \u00cbsht\u00eb e vetmja politik\u00eb q\u00eb p\u00ebrfaq\u00ebsohet n\u00eb kontekst nd\u00ebrkomb\u00ebtar dhe nuk mund t\u00eb ket\u00eb ndryshime t\u00eb shpejta n\u00eb k\u00ebt\u00eb drejtim&#8221;, shpjegon Reljiq p\u00ebr D\u00cb.<\/span><\/p>\n<p><span style=\"color: #000000;\">Nga Fondi Gjerman Marshall thuhet se politika e Gjermanis\u00eb ndaj Ballkanit Per\u00ebndimor \u00ebsht\u00eb e lidhur me stabilitetin dhe ekonomin\u00eb dhe se ky interes &#8220;nuk do t\u00eb ndryshoj\u00eb pavar\u00ebsisht nga lidershipi n\u00eb Berlin&#8221;. Gjermania e udh\u00ebhequr nga Angela Merkel filloi procesin dhe m\u00eb pas planin &#8220;Berlin Plus&#8221;, me q\u00ebllim p\u00ebr t\u00eb forcuar rajonin ekonomikisht duke krijuar mund\u00ebsi bashk\u00ebpunimi midis shteteve t\u00eb Ballkanit dhe p\u00ebrforcimin e lidhjeve me BE-n\u00eb. &#8220;Angela Merkel ka udh\u00ebhequr personalisht politik\u00ebn e zgjerimit t\u00eb BE-s\u00eb, n\u00eb koh\u00ebn, kur Komisioni Evropian l\u00ebshoi dor\u00eb nga udh\u00ebheqja e k\u00ebtij procesi&#8221;, shpjegon Rosa Balfour nga Fondi Gjerman Marshall.<\/span><\/p>\n<p><span style=\"color: #000000;\"><strong>Por t\u00ebheqja e Merkelit nuk \u00ebsht\u00eb problemi kryesor i Ballkanit&#8230;<\/strong><\/span><\/p>\n<p><span style=\"color: #000000;\">Jan\u00eb faktor\u00eb t\u00eb tjer\u00eb ata q\u00eb mund sjellin nj\u00eb ngadal\u00ebsim t\u00eb ri t\u00eb procesit t\u00eb zgjerimit.\u00a0Sfidat me qeverit\u00eb e reja t\u00eb vendeve an\u00ebtare t\u00eb BE-s\u00eb dhe dalja e Britanis\u00eb s\u00eb Madhe nga Bashkimi Evropian\u00a0do t\u00eb ngadal\u00ebsojn\u00eb proceset e zgjerimit. Nj\u00eb\u00a0faktor tjet\u00ebr ky\u00e7 jan\u00eb zgjedhjet p\u00ebr Komisionin e ri t\u00eb BE-s\u00eb, t\u00eb cilat do mbahen vitin e ardhsh\u00ebm. &#8220;Duhet t\u00eb theksohet se zgjedhjet q\u00eb do t\u00eb mbahen vitin e ardhsh\u00ebm p\u00ebr Parlamentin Evropian e p\u00ebr formimin e Komisionit t\u00eb ri t\u00eb BE-s\u00eb, si edhe em\u00ebrimin e Komisionerit t\u00eb ri p\u00ebr politik\u00ebn e zgjerimit, jan\u00eb procese q\u00eb mund t\u00eb \u00e7ojn\u00eb n\u00eb nj\u00eb lloj ngadal\u00ebsimi dhe ng\u00ebr\u00e7i t\u00eb proceseve politike q\u00eb kan\u00eb t\u00eb b\u00ebjn\u00eb me Brukselin dhe Komisionin Evropian.&#8221;, thot\u00eb Dushan Reljiq, drejtor i zyr\u00ebs s\u00eb Brukselit t\u00eb Institutit Gjerman p\u00ebr \u00c7\u00ebshtjet Nd\u00ebrkomb\u00ebtare dhe t\u00eb Siguris\u00eb.<\/span><\/p>\n<p><span style=\"color: #000000;\"><strong>Eksperti Dushan Reljic<\/strong><\/span><\/p>\n<p><span style=\"color: #000000;\">Ai shton se k\u00ebto jan\u00eb procese p\u00ebr t\u00eb cil\u00ebt mund t\u00eb flitet n\u00eb k\u00ebt\u00eb moment, dhe se do t\u00eb ishte ndoshta edhe e pap\u00ebrgjegjshme p\u00ebr t\u00eb parashikuar, se \u00e7far\u00eb mund t\u00eb ndodh\u00eb deri n\u00eb vitin 2021, kur Angela Merkel do t\u00eb mbyll\u00eb mandatin e kancelares.<\/span><\/p>\n<p><span style=\"color: #000000;\">\u00c7far\u00eb mund\u00eb t\u00eb presin vendet e Ballkanit Per\u00ebndimor nga Berlini, nd\u00ebrkoh\u00eb q\u00eb Angela Merkel \u00ebsht\u00eb kancelare?<\/span><\/p>\n<p><span style=\"color: #000000;\">Edhe pse mandati i Angela Merkel n\u00eb krye t\u00eb Gjermanis\u00eb \u00ebsht\u00eb deri n\u00eb vitin 2021, analist\u00ebt tashm\u00eb kan\u00eb filluar studimin e analizat e t\u00eb gjitha partive t\u00eb m\u00ebdha gjermane dhe biografit\u00eb e pasuesve t\u00eb mundsh\u00ebm t\u00eb Merkelit dhe politikat e tyre ndaj zgjerimit t\u00eb BE-s\u00eb. Dushan Reljiq p\u00ebr D\u00cb megjithat\u00eb k\u00ebmb\u00ebngul se tani seriozisht mund t\u00eb flasim vet\u00ebm p\u00ebr at\u00eb q\u00eb \u00ebsht\u00eb &#8220;e qart\u00eb para nesh&#8221;, n\u00eb lidhje me politik\u00ebn gjermane ndaj Ballkanit Per\u00ebndimor.<\/span><\/p>\n<p><span style=\"color: #000000;\"><strong>Merkel me kryeministrin shqiptar, Edi Rama, 25 Prill 2018<\/strong><\/span><\/p>\n<p><span style=\"color: #000000;\">&#8220;Pika e par\u00eb \u00ebsht\u00eb se Merkel nuk beson n\u00eb pranimin e mundsh\u00ebm t\u00eb Serbis\u00eb dhe Malit t\u00eb Zi n\u00eb BE, n\u00eb vitin 2025. Integrimet e vendeve do t\u00eb vendosen sipas pun\u00ebs n\u00eb vendet e tyre, por jo me nj\u00eb dat\u00eb t\u00eb caktuar nga Brukseli &#8220;, thot\u00eb Reljiq. Pika e dyt\u00eb \u00ebsht\u00eb pozicioni i Berlinit rreth tentativave t\u00eb Aleksandar Vu\u00e7iqit dhe Hashim Tha\u00e7it. Kancelarja gjermane ka b\u00ebr\u00eb t\u00eb ditur se nuk \u00ebsht\u00eb e prirur q\u00eb t\u00eb mb\u00ebshtes\u00eb ndryshim t\u00eb kufijve n\u00eb Ballkan. &#8220;<em>Tani kjo pyetje q\u00ebndron n\u00eb mes t\u00eb aleat\u00ebve per\u00ebndimor\u00eb, sipas mendimit tim Shtetet e Bashkuara dhe disa partner\u00eb tjer\u00eb per\u00ebndimor\u00eb, kan\u00eb nj\u00eb tendenc\u00eb p\u00ebr t&#8217;i shqyrtuar k\u00ebto ide m\u00eb hapur sesa n\u00eb Berlin&#8221;<\/em>, thekson Reljiq. Mbi spekulimet rreth organizimit t\u00eb nj\u00eb takimi t\u00eb mundsh\u00ebm t\u00eb Presidentit t\u00eb Serbis\u00eb dhe t\u00eb Kosov\u00ebs me drejtuesit e BE-s\u00eb n\u00eb Paris m\u00eb 11 n\u00ebntor, sipas Dushan Reljiq nuk do t\u00eb ket\u00eb &#8220;as koh\u00eb e as hap\u00ebsir\u00eb&#8221; p\u00ebr nj\u00eb diskutim mbi situat\u00ebn n\u00eb Evrop\u00ebn Juglindore.<\/span><\/p>\n<p><span style=\"color: #000000;\"><strong><span style=\"color: #ff0000;\">VINI RE:<\/span> Ky artikull \u00ebsht\u00eb pron\u00eb intelektuale nga <span style=\"color: #0000ff;\"><a style=\"color: #0000ff;\" href=\"https:\/\/www.dw.com\/sq\/gjermania-nuk-ndryshon-politik%C3%ABn-p%C3%ABr-ballkanin-por-%C3%A7ndodh-me-be-vitin-e-ardhsh%C3%ABm\/a-46145135\">DW<\/a><\/span><\/strong><\/span><\/p>\n","protected":false,"gt_translate_keys":[{"key":"rendered","format":"html"}]},"excerpt":{"rendered":"<p>T\u00ebrheqja e Angela Merkelit nga politika do t\u00eb thot\u00eb edhe largim i lideres jo zyrtare t\u00eb BE-s\u00eb, ajo e cila zgjidhte kontradiktat e dilemat n\u00eb Bruksel. Por a mund t\u00eb ndryshoj\u00eb politika e BE p\u00ebr Ballkanin Per\u00ebndimor Jo vet\u00ebm p\u00ebr BE, edhe p\u00ebr shum\u00eb politikan\u00eb n\u00eb vendet e Ballkanit Per\u00ebndimor kancelarja, Angela Merkel ishte lidere [&hellip;]<\/p>\n","protected":false,"gt_translate_keys":[{"key":"rendered","format":"html"}]},"author":30,"featured_media":247400,"comment_status":"open","ping_status":"open","sticky":false,"template":"","format":"standard","meta":{"footnotes":""},"categories":[149],"tags":[],"class_list":["post-247398","post","type-post","status-publish","format-standard","has-post-thumbnail","hentry","category-kosoverajon"],"gt_translate_keys":[{"key":"link","format":"url"}],"_links":{"self":[{"href":"https:\/\/www.hashtag.al\/index.php\/wp-json\/wp\/v2\/posts\/247398","targetHints":{"allow":["GET"]}}],"collection":[{"href":"https:\/\/www.hashtag.al\/index.php\/wp-json\/wp\/v2\/posts"}],"about":[{"href":"https:\/\/www.hashtag.al\/index.php\/wp-json\/wp\/v2\/types\/post"}],"author":[{"embeddable":true,"href":"https:\/\/www.hashtag.al\/index.php\/wp-json\/wp\/v2\/users\/30"}],"replies":[{"embeddable":true,"href":"https:\/\/www.hashtag.al\/index.php\/wp-json\/wp\/v2\/comments?post=247398"}],"version-history":[{"count":0,"href":"https:\/\/www.hashtag.al\/index.php\/wp-json\/wp\/v2\/posts\/247398\/revisions"}],"wp:featuredmedia":[{"embeddable":true,"href":"https:\/\/www.hashtag.al\/index.php\/wp-json\/wp\/v2\/media\/247400"}],"wp:attachment":[{"href":"https:\/\/www.hashtag.al\/index.php\/wp-json\/wp\/v2\/media?parent=247398"}],"wp:term":[{"taxonomy":"category","embeddable":true,"href":"https:\/\/www.hashtag.al\/index.php\/wp-json\/wp\/v2\/categories?post=247398"},{"taxonomy":"post_tag","embeddable":true,"href":"https:\/\/www.hashtag.al\/index.php\/wp-json\/wp\/v2\/tags?post=247398"}],"curies":[{"name":"wp","href":"https:\/\/api.w.org\/{rel}","templated":true}]}}