{"id":247161,"date":"2018-11-04T12:05:24","date_gmt":"2018-11-04T11:05:24","guid":{"rendered":"https:\/\/hashtag.al\/?p=247161"},"modified":"2018-11-04T12:08:56","modified_gmt":"2018-11-04T11:08:56","slug":"gjykata-jep-vendimin-per-ervis-martinajn-ne-burg-edhe-30-dite","status":"publish","type":"post","link":"https:\/\/www.hashtag.al\/index.php\/2018\/11\/04\/gjykata-jep-vendimin-per-ervis-martinajn-ne-burg-edhe-30-dite\/","title":{"rendered":"Gjykata jep vendimin p\u00ebr Ervis Martinajn, n\u00eb burg edhe 30 dit\u00eb","gt_translate_keys":[{"key":"rendered","format":"text"}]},"content":{"rendered":"<p><span style=\"color: #000000;\"><img loading=\"lazy\" decoding=\"async\" class=\"aligncenter  wp-image-238498\" src=\"https:\/\/hashtag.al\/wp-content\/uploads\/2018\/10\/ervis-martinaj.jpg\" alt=\"\" width=\"857\" height=\"482\" \/><\/span><\/p>\n<p>&nbsp;<\/p>\n<p><span style=\"color: #000000;\">Gjykata e Tiran\u00ebs ka marr\u00eb vendimin p\u00ebr mas\u00ebn e siguris\u00eb p\u00ebr Ervis Martinajn, nj\u00eb nga personat e p\u00ebrfshir\u00eb n\u00eb vrasjen e ish-Bllokut, q\u00eb mbeti i plagosur.<\/span><\/p>\n<p><span style=\"color: #000000;\">Gjyqtari Artan Gjermeni i cili i dha afro 1 muaj koh\u00eb prokuroris\u00eb p\u00ebr t\u00eb sjell\u00eb prova t\u00eb tjera, dha vendimin p\u00ebr t\u2019a l\u00ebn\u00eb Martinajn \u201c30 dit\u00eb arrest me burg\u201d, duke i konsideruar provat e paraqitura dje nga prokuroria si t\u00eb pavlefshme.\u00a0<\/span><\/p>\n<p><span style=\"color: #000000;\">Provat q\u00eb Prokuroria d\u00ebrgoi n\u00eb Gjykat\u00eb, ishin fakti se n\u00eb duart e Ervis Martinajt kishte gjurm\u00eb baruti, dhe komunikimet n\u00eb Telegram, ku ai k\u00ebrkonte shok\u00ebve t\u00eb tij q\u00eb t\u00eb vinin me arm\u00eb.<\/span><\/p>\n<p><span style=\"color: #000000;\">Prokuroria k\u00ebmb\u00ebnguli n\u00eb k\u00ebrkes\u00ebn p\u00ebr arrest me burg pa afat, me\u00a0 argumentin se Martinaj p\u00ebrdor nj\u00eb pasaport\u00eb kosovare dhe n\u00ebse lihet i lir\u00eb arratiset.<\/span><\/p>\n<p><span style=\"color: #000000;\">Por gjyqtari Gjermeni i konsideroi k\u00ebto prova si t\u00eb pavlefshme.\u00a0<\/span><\/p>\n<p><span style=\"color: #000000;\">Martinajt i mbaronte sot afati p\u00ebr mas\u00ebn e siguris\u00eb prej 30 dit\u00ebsh q\u00ebndrimi n\u00eb burg dhe gjykata la n\u00eb fuqi t\u00eb nj\u00ebjt\u00ebn mas\u00eb sigurie.<\/span><\/p>\n<p><span style=\"color: #000000;\">Mbr\u00ebmjen e 5 tetorit, mbeti i vrar\u00eb Fabian Gaxha, nd\u00ebrsa u plagos\u00ebn Ervis Martinaj dhe Elion Hate.\u00a0Ngjarja e r\u00ebnd\u00eb ndodhi rreth or\u00ebs 21:50, brenda mjediseve t\u00eb lokalit \u201cMonopol\u201d, n\u00eb pron\u00ebsi t\u00eb Redi Popeskut.\u00a0<\/span><\/p>\n<p><span style=\"color: #000000;\">N\u00eb k\u00ebrkim u shpall\u00ebn grupi tjet\u00ebr, Ervin Mata ( i dashuri i Elvana Gjat\u00ebs), Fabio Allushi, Mevjol Bilo, (Komando dhe truproj\u00eb i Elvana Gjat\u00ebs, autor i dyshuar i vrasjes s\u00eb Fabian Gaxh\u00ebs).<\/span><\/p>\n<p><span style=\"color: #000000;\">Edhe pse n\u00eb fillim u p\u00ebrfol se sherri ndodhi p\u00ebr k\u00ebng\u00ebtaren Elvana Gjata, i dashuri i s\u00eb cil\u00ebs Ervin Mata mori hak pasi e ngacmuan, m\u00eb von\u00eb n\u00eb hetime u p\u00ebrfshi edhe pista e konflikteve t\u00eb m\u00ebparshme p\u00ebr \u00e7\u00ebshtje droge.<\/span><\/p>\n","protected":false,"gt_translate_keys":[{"key":"rendered","format":"html"}]},"excerpt":{"rendered":"<p>&nbsp; Gjykata e Tiran\u00ebs ka marr\u00eb vendimin p\u00ebr mas\u00ebn e siguris\u00eb p\u00ebr Ervis Martinajn, nj\u00eb nga personat e p\u00ebrfshir\u00eb n\u00eb vrasjen e ish-Bllokut, q\u00eb mbeti i plagosur. Gjyqtari Artan Gjermeni i cili i dha afro 1 muaj koh\u00eb prokuroris\u00eb p\u00ebr t\u00eb sjell\u00eb prova t\u00eb tjera, dha vendimin p\u00ebr t\u2019a l\u00ebn\u00eb Martinajn \u201c30 dit\u00eb arrest me [&hellip;]<\/p>\n","protected":false,"gt_translate_keys":[{"key":"rendered","format":"html"}]},"author":30,"featured_media":238588,"comment_status":"open","ping_status":"open","sticky":false,"template":"","format":"standard","meta":{"footnotes":""},"categories":[65],"tags":[],"class_list":["post-247161","post","type-post","status-publish","format-standard","has-post-thumbnail","hentry","category-lajme"],"gt_translate_keys":[{"key":"link","format":"url"}],"_links":{"self":[{"href":"https:\/\/www.hashtag.al\/index.php\/wp-json\/wp\/v2\/posts\/247161","targetHints":{"allow":["GET"]}}],"collection":[{"href":"https:\/\/www.hashtag.al\/index.php\/wp-json\/wp\/v2\/posts"}],"about":[{"href":"https:\/\/www.hashtag.al\/index.php\/wp-json\/wp\/v2\/types\/post"}],"author":[{"embeddable":true,"href":"https:\/\/www.hashtag.al\/index.php\/wp-json\/wp\/v2\/users\/30"}],"replies":[{"embeddable":true,"href":"https:\/\/www.hashtag.al\/index.php\/wp-json\/wp\/v2\/comments?post=247161"}],"version-history":[{"count":0,"href":"https:\/\/www.hashtag.al\/index.php\/wp-json\/wp\/v2\/posts\/247161\/revisions"}],"wp:featuredmedia":[{"embeddable":true,"href":"https:\/\/www.hashtag.al\/index.php\/wp-json\/"}],"wp:attachment":[{"href":"https:\/\/www.hashtag.al\/index.php\/wp-json\/wp\/v2\/media?parent=247161"}],"wp:term":[{"taxonomy":"category","embeddable":true,"href":"https:\/\/www.hashtag.al\/index.php\/wp-json\/wp\/v2\/categories?post=247161"},{"taxonomy":"post_tag","embeddable":true,"href":"https:\/\/www.hashtag.al\/index.php\/wp-json\/wp\/v2\/tags?post=247161"}],"curies":[{"name":"wp","href":"https:\/\/api.w.org\/{rel}","templated":true}]}}