{"id":247045,"date":"2018-11-03T21:27:45","date_gmt":"2018-11-03T20:27:45","guid":{"rendered":"https:\/\/hashtag.al\/?p=247045"},"modified":"2018-11-03T21:30:43","modified_gmt":"2018-11-03T20:30:43","slug":"i-bie-ministri-i-trete-asnje-reagim-nga-rama-deri-me-tani","status":"publish","type":"post","link":"https:\/\/www.hashtag.al\/index.php\/2018\/11\/03\/i-bie-ministri-i-trete-asnje-reagim-nga-rama-deri-me-tani\/","title":{"rendered":"I bie ministri i tret\u00eb, asnj\u00eb reagim nga Rama deri m\u00eb tani","gt_translate_keys":[{"key":"rendered","format":"text"}]},"content":{"rendered":"<p>&nbsp;<\/p>\n<p><img loading=\"lazy\" decoding=\"async\" class=\"aligncenter size-full wp-image-247049\" src=\"https:\/\/hashtag.al\/wp-content\/uploads\/2018\/11\/treshja-e-brendshme.jpg\" alt=\"\" width=\"2000\" height=\"1000\" srcset=\"https:\/\/www.hashtag.al\/wp-content\/uploads\/2018\/11\/treshja-e-brendshme.jpg 2000w, https:\/\/www.hashtag.al\/wp-content\/uploads\/2018\/11\/treshja-e-brendshme-300x150.jpg 300w, https:\/\/www.hashtag.al\/wp-content\/uploads\/2018\/11\/treshja-e-brendshme-768x384.jpg 768w, https:\/\/www.hashtag.al\/wp-content\/uploads\/2018\/11\/treshja-e-brendshme-1024x512.jpg 1024w\" sizes=\"auto, (max-width: 2000px) 100vw, 2000px\" \/><\/p>\n<p>Mos dekretimi i emrit t\u00eb Sand\u00ebr Lleshit\u00a0 nga Presidenti Ilir Meta sh\u00ebnon rr\u00ebzimin e tret\u00eb t\u00eb ministrit t\u00eb Brendsh\u00ebm p\u00ebr Kryeministrin Rama pas largimit t\u00eb Saimir Tahirit dhe dor\u00ebheqjes s\u00eb Fatmir Xhafajt.<\/p>\n<p>N\u00eb rastin e Tahirit dhe Xhafajt kemi dor\u00ebheqjen e tyre nd\u00ebrsa p\u00ebr Lleshin kemi rr\u00ebzimin me nj\u00eb dekret presidencial.<\/p>\n<p>Por deri m\u00eb tani pas vendimit t\u00eb Presidentit p\u00ebr mosdekretimin e Lleshit nuk kemi nj\u00eb reagim nga Kryeministri Rama.<\/p>\n<p>Duket se mos-dekretimi nga Meta i propozimit t\u00eb Ram\u00ebs p\u00ebr Minist\u00ebr t\u00eb Brendsh\u00ebm e ka l\u00ebn\u00eb pa fjal\u00eb kryeministrin.<\/p>\n<p>&nbsp;<\/p>\n<p><img loading=\"lazy\" decoding=\"async\" class=\"aligncenter size-full wp-image-247046\" src=\"https:\/\/hashtag.al\/wp-content\/uploads\/2018\/11\/rama-lleshi-meta.jpg\" alt=\"\" width=\"2000\" height=\"1175\" \/><\/p>\n","protected":false,"gt_translate_keys":[{"key":"rendered","format":"html"}]},"excerpt":{"rendered":"<p>&nbsp; Mos dekretimi i emrit t\u00eb Sand\u00ebr Lleshit\u00a0 nga Presidenti Ilir Meta sh\u00ebnon rr\u00ebzimin e tret\u00eb t\u00eb ministrit t\u00eb Brendsh\u00ebm p\u00ebr Kryeministrin Rama pas largimit t\u00eb Saimir Tahirit dhe dor\u00ebheqjes s\u00eb Fatmir Xhafajt. N\u00eb rastin e Tahirit dhe Xhafajt kemi dor\u00ebheqjen e tyre nd\u00ebrsa p\u00ebr Lleshin kemi rr\u00ebzimin me nj\u00eb dekret presidencial. Por deri m\u00eb [&hellip;]<\/p>\n","protected":false,"gt_translate_keys":[{"key":"rendered","format":"html"}]},"author":32,"featured_media":247049,"comment_status":"open","ping_status":"open","sticky":false,"template":"","format":"standard","meta":{"footnotes":""},"categories":[65],"tags":[],"class_list":["post-247045","post","type-post","status-publish","format-standard","has-post-thumbnail","hentry","category-lajme"],"gt_translate_keys":[{"key":"link","format":"url"}],"_links":{"self":[{"href":"https:\/\/www.hashtag.al\/index.php\/wp-json\/wp\/v2\/posts\/247045","targetHints":{"allow":["GET"]}}],"collection":[{"href":"https:\/\/www.hashtag.al\/index.php\/wp-json\/wp\/v2\/posts"}],"about":[{"href":"https:\/\/www.hashtag.al\/index.php\/wp-json\/wp\/v2\/types\/post"}],"author":[{"embeddable":true,"href":"https:\/\/www.hashtag.al\/index.php\/wp-json\/wp\/v2\/users\/32"}],"replies":[{"embeddable":true,"href":"https:\/\/www.hashtag.al\/index.php\/wp-json\/wp\/v2\/comments?post=247045"}],"version-history":[{"count":0,"href":"https:\/\/www.hashtag.al\/index.php\/wp-json\/wp\/v2\/posts\/247045\/revisions"}],"wp:featuredmedia":[{"embeddable":true,"href":"https:\/\/www.hashtag.al\/index.php\/wp-json\/wp\/v2\/media\/247049"}],"wp:attachment":[{"href":"https:\/\/www.hashtag.al\/index.php\/wp-json\/wp\/v2\/media?parent=247045"}],"wp:term":[{"taxonomy":"category","embeddable":true,"href":"https:\/\/www.hashtag.al\/index.php\/wp-json\/wp\/v2\/categories?post=247045"},{"taxonomy":"post_tag","embeddable":true,"href":"https:\/\/www.hashtag.al\/index.php\/wp-json\/wp\/v2\/tags?post=247045"}],"curies":[{"name":"wp","href":"https:\/\/api.w.org\/{rel}","templated":true}]}}