{"id":247022,"date":"2018-11-03T18:59:48","date_gmt":"2018-11-03T17:59:48","guid":{"rendered":"https:\/\/hashtag.al\/?p=247022"},"modified":"2018-11-03T20:58:47","modified_gmt":"2018-11-03T19:58:47","slug":"presidenti-meta-nuk-dekreton-sander-lleshin-per-minister-te-brendshem","status":"publish","type":"post","link":"https:\/\/www.hashtag.al\/index.php\/2018\/11\/03\/presidenti-meta-nuk-dekreton-sander-lleshin-per-minister-te-brendshem\/","title":{"rendered":"Presidenti Meta nuk dekreton\u00a0 Sand\u00ebr Lleshin p\u00ebr minist\u00ebr t\u00eb Brendsh\u00ebm","gt_translate_keys":[{"key":"rendered","format":"text"}]},"content":{"rendered":"<p><img loading=\"lazy\" decoding=\"async\" class=\"aligncenter size-full wp-image-246865\" src=\"https:\/\/hashtag.al\/wp-content\/uploads\/2018\/11\/meta-lleshi.jpg\" alt=\"\" width=\"770\" height=\"437\" srcset=\"https:\/\/www.hashtag.al\/wp-content\/uploads\/2018\/11\/meta-lleshi.jpg 770w, https:\/\/www.hashtag.al\/wp-content\/uploads\/2018\/11\/meta-lleshi-300x170.jpg 300w, https:\/\/www.hashtag.al\/wp-content\/uploads\/2018\/11\/meta-lleshi-768x436.jpg 768w\" sizes=\"auto, (max-width: 770px) 100vw, 770px\" \/><\/p>\n<p>Presidenti i Republik\u00ebs Ilir Meta ka vendosur t\u00eb mos dekretoj\u00eb Sand\u00ebr Lleshin si propozim t\u00eb Kryeministrit Rama p\u00ebr Ministr\u00ebr t\u00eb Brendsh\u00ebm pas dor\u00ebheqjes s\u00eb Fatmir Xhafajt.<\/p>\n<p>N\u00eb njoftimin e shkurt\u00ebr t\u00eb dh\u00ebn\u00eb nga presidenca thuh\u00ebt se Meta nuk ka krijuar bindjen e plot\u00eb p\u00ebr t\u2019i dh\u00ebn\u00eb besimin kandidatur\u00ebs s\u00eb Lleshajt si minist\u00ebr i Brendsh\u00ebm<\/p>\n<p>\u201cPresidenti i Republik\u00ebs, Sh.T.Z Ilir Meta nuk ka krijuar bindjen e plot\u00eb p\u00ebr t&#8217;i dh\u00ebn\u00eb besimin kandidatur\u00ebs s\u00eb Z.Sand\u00ebr Lleshaj si minist\u00ebr i Brendsh\u00ebm\u201d- thuhet ne deklaraten e shkurter te zyres per mediat ne Presidence.<\/p>\n<p>\u00cbsht\u00eb e paqart\u00eb se ccfar\u00eb ndodh n\u00eb rastin kur Presidenti nuk dekreton em\u00ebrimin e nj\u00eb ministri pasi neni 98 i Kushtetut\u00ebs, pika 1, thekson se ministri em\u00ebrohet dhe shkarkohet nga kryetari i shtetit me propozim nga kryeministri brenda 7 dit\u00ebve.<\/p>\n<p>Nd\u00ebrkoh\u00eb n\u00eb munges\u00eb t\u00eb Gjykat\u00ebs Kushtetuese e cila mund t\u00eb shprehej p\u00ebr zgjidhjen e k\u00ebtij ng\u00ebr\u00e7i, ministria e brendshme mund t\u00eb vazhdoj\u00eb t\u00eb drejtohet nga zv.ministrat.<\/p>\n<p>Ky \u00ebsht\u00eb rasti i dyt\u00eb kur Presidenti nuk dekreton nj\u00eb propozim t\u00eb Kryeministrit pas atij t\u00eb kreut t\u00eb Sh\u00ebrbimit Informativ Shqiptar institucion i cili drejtohet nga zv.drejtori pas largimit nga detyra t\u00eb ish drejtorit Visho Ajazi.<\/p>\n<p>&nbsp;<\/p>\n","protected":false,"gt_translate_keys":[{"key":"rendered","format":"html"}]},"excerpt":{"rendered":"<p>Presidenti i Republik\u00ebs Ilir Meta ka vendosur t\u00eb mos dekretoj\u00eb Sand\u00ebr Lleshin si propozim t\u00eb Kryeministrit Rama p\u00ebr Ministr\u00ebr t\u00eb Brendsh\u00ebm pas dor\u00ebheqjes s\u00eb Fatmir Xhafajt. N\u00eb njoftimin e shkurt\u00ebr t\u00eb dh\u00ebn\u00eb nga presidenca thuh\u00ebt se Meta nuk ka krijuar bindjen e plot\u00eb p\u00ebr t\u2019i dh\u00ebn\u00eb besimin kandidatur\u00ebs s\u00eb Lleshajt si minist\u00ebr i Brendsh\u00ebm \u201cPresidenti [&hellip;]<\/p>\n","protected":false,"gt_translate_keys":[{"key":"rendered","format":"html"}]},"author":32,"featured_media":246865,"comment_status":"open","ping_status":"open","sticky":false,"template":"","format":"standard","meta":{"footnotes":""},"categories":[22],"tags":[],"class_list":["post-247022","post","type-post","status-publish","format-standard","has-post-thumbnail","hentry","category-ballina"],"gt_translate_keys":[{"key":"link","format":"url"}],"_links":{"self":[{"href":"https:\/\/www.hashtag.al\/index.php\/wp-json\/wp\/v2\/posts\/247022","targetHints":{"allow":["GET"]}}],"collection":[{"href":"https:\/\/www.hashtag.al\/index.php\/wp-json\/wp\/v2\/posts"}],"about":[{"href":"https:\/\/www.hashtag.al\/index.php\/wp-json\/wp\/v2\/types\/post"}],"author":[{"embeddable":true,"href":"https:\/\/www.hashtag.al\/index.php\/wp-json\/wp\/v2\/users\/32"}],"replies":[{"embeddable":true,"href":"https:\/\/www.hashtag.al\/index.php\/wp-json\/wp\/v2\/comments?post=247022"}],"version-history":[{"count":0,"href":"https:\/\/www.hashtag.al\/index.php\/wp-json\/wp\/v2\/posts\/247022\/revisions"}],"wp:featuredmedia":[{"embeddable":true,"href":"https:\/\/www.hashtag.al\/index.php\/wp-json\/wp\/v2\/media\/246865"}],"wp:attachment":[{"href":"https:\/\/www.hashtag.al\/index.php\/wp-json\/wp\/v2\/media?parent=247022"}],"wp:term":[{"taxonomy":"category","embeddable":true,"href":"https:\/\/www.hashtag.al\/index.php\/wp-json\/wp\/v2\/categories?post=247022"},{"taxonomy":"post_tag","embeddable":true,"href":"https:\/\/www.hashtag.al\/index.php\/wp-json\/wp\/v2\/tags?post=247022"}],"curies":[{"name":"wp","href":"https:\/\/api.w.org\/{rel}","templated":true}]}}