{"id":246862,"date":"2018-11-03T09:12:40","date_gmt":"2018-11-03T08:12:40","guid":{"rendered":"https:\/\/hashtag.al\/?p=246862"},"modified":"2018-11-03T09:51:27","modified_gmt":"2018-11-03T08:51:27","slug":"cdo-te-ndodhe-me-dekretimin-e-sander-lleshit-sot-dita-e-fundit","status":"publish","type":"post","link":"https:\/\/www.hashtag.al\/index.php\/2018\/11\/03\/cdo-te-ndodhe-me-dekretimin-e-sander-lleshit-sot-dita-e-fundit\/","title":{"rendered":"\u00c7&#8217;do t\u00eb ndodh\u00eb me dekretimin e Sand\u00ebr Lleshit? Sot dita e fundit","gt_translate_keys":[{"key":"rendered","format":"text"}]},"content":{"rendered":"<p><span style=\"color: #000000;\"><img loading=\"lazy\" decoding=\"async\" class=\"alignnone size-full wp-image-246865\" src=\"https:\/\/hashtag.al\/wp-content\/uploads\/2018\/11\/meta-lleshi.jpg\" alt=\"\" width=\"770\" height=\"437\" srcset=\"https:\/\/www.hashtag.al\/wp-content\/uploads\/2018\/11\/meta-lleshi.jpg 770w, https:\/\/www.hashtag.al\/wp-content\/uploads\/2018\/11\/meta-lleshi-300x170.jpg 300w, https:\/\/www.hashtag.al\/wp-content\/uploads\/2018\/11\/meta-lleshi-768x436.jpg 768w\" sizes=\"auto, (max-width: 770px) 100vw, 770px\" \/><\/span><\/p>\n<p><span style=\"color: #000000;\">Para nj\u00eb jave dha dor\u00ebheqjen nga detyra Fatmir Xhafaj dhe qeveria Rama si minist\u00ebr t\u00eb ri t\u00eb Brendsh\u00ebm ka propozuar Sand\u00ebr Lleshin. Por ky i fundit p\u00ebr k\u00ebt\u00eb post shtet\u00ebror ende nuk \u00ebsht\u00eb dekretuar nga presidenti Ilir Meta.<\/span><\/p>\n<p><span style=\"color: #000000;\">Sipas Kushtetut\u00ebs &#8220;ministri em\u00ebrohet dhe shkarkohet nga presidenti i republik\u00ebs me propozim t\u00eb kryeministrit brenda 7 dit\u00ebve.&#8221;<\/span><\/p>\n<p><span style=\"color: #000000;\">Sot \u00ebsht\u00eb dita e 7 dit\u00eb edhe ende nuk \u00ebsht\u00eb marr\u00eb nj\u00eb vendim nga Meta p\u00ebr Sand\u00ebr Lleshin.\u00a0 Si ng\u00ebr\u00e7 kushtetues nga ana e ekspert\u00ebve ligjor n\u00eb presidenc\u00eb \u00ebsht\u00eb par\u00eb dhe fakti i grad\u00ebs gjeneral q\u00eb mban Lleshi, pasi Kushtetuta e thot\u00eb qart\u00eb se ministri nuk duhet t\u00eb mbaj\u00eb asnj\u00eb post tjet\u00ebr publik, apo t\u00eb jet\u00eb pjes\u00eb e Forcave t\u00eb Armatosura.<\/span><\/p>\n<p><span style=\"color: #000000;\">P\u00ebr k\u00ebt\u00eb dekretim\u00a0 Presidenca ka njoftuar se afati nuk ka mbaruar ende por \u00ebsht\u00eb deri n\u00eb or\u00ebn 24:00 t\u00eb dit\u00ebs s\u00eb sotme.\u00a0<\/span><\/p>\n<p><span style=\"color: #000000;\">N\u00eb lidhje me k\u00ebt\u00eb \u00e7\u00ebshtje Meta nj\u00eb dit\u00eb m\u00eb par\u00eb deklaroi:\u00a0\u00a0&#8220;Nuk \u00ebsht\u00eb \u00e7\u00ebshtje shpatullash, por \u00ebsht\u00eb \u00e7\u00ebshtje bindjesh, n\u00ebse nuk m\u00eb bindin nuk do t&#8217;i dekretoj.\u00a0Kemi rastin e Italis\u00eb ku presidenti ka t\u00eb nj\u00ebjtat kompetenca, ku ai mendoi se nj\u00eb em\u00ebr i propozuar si minist\u00ebr ekonomie nuk e firmosi, pasi mendoi se rrezikonte ekonomin\u00eb e Italis\u00eb. Askush nuk e detyron presidentit t\u00eb firmos\u00eb nj\u00eb em\u00ebr jasht\u00eb bindjes s\u00eb tij\u2019.<strong>\/Hashtag.al<\/strong><\/span><\/p>\n<p>&nbsp;<\/p>\n<p><span style=\"color: #000000;\"><img loading=\"lazy\" decoding=\"async\" class=\"alignnone size-full wp-image-246864\" src=\"https:\/\/hashtag.al\/wp-content\/uploads\/2018\/11\/lajmi.png\" alt=\"\" width=\"709\" height=\"200\" srcset=\"https:\/\/www.hashtag.al\/wp-content\/uploads\/2018\/11\/lajmi.png 709w, https:\/\/www.hashtag.al\/wp-content\/uploads\/2018\/11\/lajmi-300x85.png 300w\" sizes=\"auto, (max-width: 709px) 100vw, 709px\" \/><\/span><\/p>\n","protected":false,"gt_translate_keys":[{"key":"rendered","format":"html"}]},"excerpt":{"rendered":"<p>Para nj\u00eb jave dha dor\u00ebheqjen nga detyra Fatmir Xhafaj dhe qeveria Rama si minist\u00ebr t\u00eb ri t\u00eb Brendsh\u00ebm ka propozuar Sand\u00ebr Lleshin. Por ky i fundit p\u00ebr k\u00ebt\u00eb post shtet\u00ebror ende nuk \u00ebsht\u00eb dekretuar nga presidenti Ilir Meta. Sipas Kushtetut\u00ebs &#8220;ministri em\u00ebrohet dhe shkarkohet nga presidenti i republik\u00ebs me propozim t\u00eb kryeministrit brenda 7 dit\u00ebve.&#8221; [&hellip;]<\/p>\n","protected":false,"gt_translate_keys":[{"key":"rendered","format":"html"}]},"author":30,"featured_media":246865,"comment_status":"open","ping_status":"open","sticky":false,"template":"","format":"standard","meta":{"footnotes":""},"categories":[22,65],"tags":[],"class_list":["post-246862","post","type-post","status-publish","format-standard","has-post-thumbnail","hentry","category-ballina","category-lajme"],"gt_translate_keys":[{"key":"link","format":"url"}],"_links":{"self":[{"href":"https:\/\/www.hashtag.al\/index.php\/wp-json\/wp\/v2\/posts\/246862","targetHints":{"allow":["GET"]}}],"collection":[{"href":"https:\/\/www.hashtag.al\/index.php\/wp-json\/wp\/v2\/posts"}],"about":[{"href":"https:\/\/www.hashtag.al\/index.php\/wp-json\/wp\/v2\/types\/post"}],"author":[{"embeddable":true,"href":"https:\/\/www.hashtag.al\/index.php\/wp-json\/wp\/v2\/users\/30"}],"replies":[{"embeddable":true,"href":"https:\/\/www.hashtag.al\/index.php\/wp-json\/wp\/v2\/comments?post=246862"}],"version-history":[{"count":0,"href":"https:\/\/www.hashtag.al\/index.php\/wp-json\/wp\/v2\/posts\/246862\/revisions"}],"wp:featuredmedia":[{"embeddable":true,"href":"https:\/\/www.hashtag.al\/index.php\/wp-json\/wp\/v2\/media\/246865"}],"wp:attachment":[{"href":"https:\/\/www.hashtag.al\/index.php\/wp-json\/wp\/v2\/media?parent=246862"}],"wp:term":[{"taxonomy":"category","embeddable":true,"href":"https:\/\/www.hashtag.al\/index.php\/wp-json\/wp\/v2\/categories?post=246862"},{"taxonomy":"post_tag","embeddable":true,"href":"https:\/\/www.hashtag.al\/index.php\/wp-json\/wp\/v2\/tags?post=246862"}],"curies":[{"name":"wp","href":"https:\/\/api.w.org\/{rel}","templated":true}]}}