{"id":246820,"date":"2018-11-02T23:19:40","date_gmt":"2018-11-02T22:19:40","guid":{"rendered":"https:\/\/hashtag.al\/?p=246820"},"modified":"2018-11-02T23:02:29","modified_gmt":"2018-11-02T22:02:29","slug":"vrasja-e-khashoggi-erdogan-akuzon-kreret-e-qeverise-saudite","status":"publish","type":"post","link":"https:\/\/www.hashtag.al\/index.php\/2018\/11\/02\/vrasja-e-khashoggi-erdogan-akuzon-kreret-e-qeverise-saudite\/","title":{"rendered":"Vrasja e Khashoggi, Erdogan akuzon krer\u00ebt e qeveris\u00eb saudite","gt_translate_keys":[{"key":"rendered","format":"text"}]},"content":{"rendered":"<p><img loading=\"lazy\" decoding=\"async\" class=\"aligncenter size-full wp-image-243629\" src=\"https:\/\/hashtag.al\/wp-content\/uploads\/2018\/10\/erdogankhashoggi.jpg22tetor2.jpg\" alt=\"\" width=\"1280\" height=\"850\" srcset=\"https:\/\/www.hashtag.al\/wp-content\/uploads\/2018\/10\/erdogankhashoggi.jpg22tetor2.jpg 1280w, https:\/\/www.hashtag.al\/wp-content\/uploads\/2018\/10\/erdogankhashoggi.jpg22tetor2-300x199.jpg 300w, https:\/\/www.hashtag.al\/wp-content\/uploads\/2018\/10\/erdogankhashoggi.jpg22tetor2-1024x680.jpg 1024w, https:\/\/www.hashtag.al\/wp-content\/uploads\/2018\/10\/erdogankhashoggi.jpg22tetor2-768x510.jpg 768w\" sizes=\"auto, (max-width: 1280px) 100vw, 1280px\" \/><\/p>\n<p>Urdhri p\u00ebr vrasjen e gazetarit saudit, nj\u00ebherazi kritik i ashp\u00ebr i regjimit, Jamal Khashoggi, ka ardhur nga \u201cnivelet m\u00eb t\u00eb larta\u201d t\u00eb qeveris\u00eb s\u00eb Rijadit. Kjo \u00ebsht\u00eb akuza m\u00eb e fort\u00eb e l\u00ebshuar nga presidenti turk, Recep Tayyip Erdogan, k\u00ebt\u00eb t\u00eb premte, gjat\u00eb nj\u00eb shkrimi n\u00eb \u201cWashington Post\u201d.<\/p>\n<p>\u201cNe e dim\u00eb se autor\u00ebt e krimit jan\u00eb mes 18 t\u00eb dyshuarve t\u00eb burgosur n\u00eb Arabin\u00eb Saudite. Ne dim\u00eb gjithashtu se ata individ\u00eb erdh\u00ebn t\u00eb p\u00ebrmbushnin urdhrat e tyre: vrisni Khashoggin dhe ikni\u201d, shkruan Erdogan.<\/p>\n<p>\u201cM\u00eb n\u00eb fund, ne e dim\u00eb se urdhri p\u00ebr t\u00eb vrar\u00eb Khashoggin erdhi nga nivelet m\u00eb t\u00eb larta t\u00eb qeveris\u00eb saudite\u201d.<\/p>\n<p>Erdogan shtoi se ai \u201cnuk do t\u00eb donte ta besonte\u201d se Mbreti saudit Salman ka urdh\u00ebruar vrasjen e Khashoggit, i cili mbeti i vrar\u00eb brenda Konsullat\u00ebs arabe n\u00eb Stamboll, m\u00eb 2 tetor.<\/p>\n<p>&nbsp;<\/p>\n","protected":false,"gt_translate_keys":[{"key":"rendered","format":"html"}]},"excerpt":{"rendered":"<p>Urdhri p\u00ebr vrasjen e gazetarit saudit, nj\u00ebherazi kritik i ashp\u00ebr i regjimit, Jamal Khashoggi, ka ardhur nga \u201cnivelet m\u00eb t\u00eb larta\u201d t\u00eb qeveris\u00eb s\u00eb Rijadit. Kjo \u00ebsht\u00eb akuza m\u00eb e fort\u00eb e l\u00ebshuar nga presidenti turk, Recep Tayyip Erdogan, k\u00ebt\u00eb t\u00eb premte, gjat\u00eb nj\u00eb shkrimi n\u00eb \u201cWashington Post\u201d. \u201cNe e dim\u00eb se autor\u00ebt e krimit [&hellip;]<\/p>\n","protected":false,"gt_translate_keys":[{"key":"rendered","format":"html"}]},"author":32,"featured_media":243628,"comment_status":"open","ping_status":"open","sticky":false,"template":"","format":"standard","meta":{"footnotes":""},"categories":[6],"tags":[],"class_list":["post-246820","post","type-post","status-publish","format-standard","has-post-thumbnail","hentry","category-nderkombetare"],"gt_translate_keys":[{"key":"link","format":"url"}],"_links":{"self":[{"href":"https:\/\/www.hashtag.al\/index.php\/wp-json\/wp\/v2\/posts\/246820","targetHints":{"allow":["GET"]}}],"collection":[{"href":"https:\/\/www.hashtag.al\/index.php\/wp-json\/wp\/v2\/posts"}],"about":[{"href":"https:\/\/www.hashtag.al\/index.php\/wp-json\/wp\/v2\/types\/post"}],"author":[{"embeddable":true,"href":"https:\/\/www.hashtag.al\/index.php\/wp-json\/wp\/v2\/users\/32"}],"replies":[{"embeddable":true,"href":"https:\/\/www.hashtag.al\/index.php\/wp-json\/wp\/v2\/comments?post=246820"}],"version-history":[{"count":0,"href":"https:\/\/www.hashtag.al\/index.php\/wp-json\/wp\/v2\/posts\/246820\/revisions"}],"wp:featuredmedia":[{"embeddable":true,"href":"https:\/\/www.hashtag.al\/index.php\/wp-json\/wp\/v2\/media\/243628"}],"wp:attachment":[{"href":"https:\/\/www.hashtag.al\/index.php\/wp-json\/wp\/v2\/media?parent=246820"}],"wp:term":[{"taxonomy":"category","embeddable":true,"href":"https:\/\/www.hashtag.al\/index.php\/wp-json\/wp\/v2\/categories?post=246820"},{"taxonomy":"post_tag","embeddable":true,"href":"https:\/\/www.hashtag.al\/index.php\/wp-json\/wp\/v2\/tags?post=246820"}],"curies":[{"name":"wp","href":"https:\/\/api.w.org\/{rel}","templated":true}]}}