{"id":246770,"date":"2018-11-02T20:18:10","date_gmt":"2018-11-02T19:18:10","guid":{"rendered":"https:\/\/hashtag.al\/?p=246770"},"modified":"2018-11-02T20:47:58","modified_gmt":"2018-11-02T19:47:58","slug":"meta-per-dekretimin-e-lleshit-ne-ministrine-e-brendshme-di-ti-marr-vendimet-pa-u-ndikuar-nga-askush","status":"publish","type":"post","link":"https:\/\/www.hashtag.al\/index.php\/2018\/11\/02\/meta-per-dekretimin-e-lleshit-ne-ministrine-e-brendshme-di-ti-marr-vendimet-pa-u-ndikuar-nga-askush\/","title":{"rendered":"Meta p\u00ebr dekretimin e Lleshit n\u00eb Ministrin\u00eb e Brendshme: Di t&#8217;i marr vendimet pa u ndikuar nga askush","gt_translate_keys":[{"key":"rendered","format":"text"}]},"content":{"rendered":"<p><img loading=\"lazy\" decoding=\"async\" class=\"aligncenter size-full wp-image-246771\" src=\"https:\/\/hashtag.al\/wp-content\/uploads\/2018\/11\/meta-1-1.jpg\" alt=\"\" width=\"780\" height=\"461\" srcset=\"https:\/\/www.hashtag.al\/wp-content\/uploads\/2018\/11\/meta-1-1.jpg 780w, https:\/\/www.hashtag.al\/wp-content\/uploads\/2018\/11\/meta-1-1-300x177.jpg 300w, https:\/\/www.hashtag.al\/wp-content\/uploads\/2018\/11\/meta-1-1-768x454.jpg 768w\" sizes=\"auto, (max-width: 780px) 100vw, 780px\" \/><\/p>\n<p>Presidenti i Republik\u00ebs Ilir Meta ka folur rreth propozimit p\u00ebr Minist\u00ebrin e Brendsh\u00ebm t\u00eb propozuar nga kryeministri Edi Rama pas dor\u00ebheqjes s\u00eb Fatmir Xhafajt.<\/p>\n<p>I pyetur n\u00eb lidhje me vendimin e presidentit p\u00ebr t\u00eb dekretuar Sand\u00ebr Lleshin si minist\u00ebr t\u00eb ri t\u00eb Brendsh\u00ebm, Presidenti \u00ebsht\u00eb shprehur se do t\u00eb marr\u00eb koh\u00ebn e duhur.<\/p>\n<p>\u201c<em>Do gjej koh\u00ebn e duhur, p\u00ebr t\u00eb marr\u00eb vendimin e duhur.<\/em><\/p>\n<p><em>Presidenti ka p\u00ebr detyr\u00eb p\u00ebr t\u00eb ushtruar t\u00eb gjitha detyrimet kushtetuese p\u00ebr \u00e7do propozim q\u00eb i b\u00ebhet.Nuk mund t\u00eb hedh firm\u00eb p\u00ebr dekrete formale e aq m\u00eb tep\u00ebr p\u00ebr nj\u00eb detyr\u00eb t\u00eb till\u00eb q\u00eb n\u00eb momentin aktual, k\u00ebrkon p\u00ebrgjegjshm\u00ebri.Di t\u00eb marr vendimet e mua, pa u ndikuar nga askush, as nga or\u00ebt dhe sekondat.<\/em><\/p>\n<p><em>Kushtetuta \u00ebsht\u00eb shum\u00eb e qart\u00eb, presidenti ka p\u00ebrgjegj\u00ebsi p\u00ebr \u00e7do firm\u00eb q\u00eb hedh.<\/em><\/p>\n<p><em>Ua kam th\u00ebn\u00eb t\u00eb qart\u00eb kam b\u00ebr\u00eb pun\u00ebn time institucionale, kam b\u00ebr\u00eb p\u00ebrpjekjet e mia, kam qen\u00eb mjaft bashk\u00ebpunues me institucionet dhe personat e interesuar p\u00ebr k\u00ebt\u00eb \u00e7\u00ebshtja, dhe un\u00eb i marr vendimet e mia pa i ndikuar nga askush<\/em>\u201d- u shpreh Meta.<\/p>\n","protected":false,"gt_translate_keys":[{"key":"rendered","format":"html"}]},"excerpt":{"rendered":"<p>Presidenti i Republik\u00ebs Ilir Meta ka folur rreth propozimit p\u00ebr Minist\u00ebrin e Brendsh\u00ebm t\u00eb propozuar nga kryeministri Edi Rama pas dor\u00ebheqjes s\u00eb Fatmir Xhafajt. I pyetur n\u00eb lidhje me vendimin e presidentit p\u00ebr t\u00eb dekretuar Sand\u00ebr Lleshin si minist\u00ebr t\u00eb ri t\u00eb Brendsh\u00ebm, Presidenti \u00ebsht\u00eb shprehur se do t\u00eb marr\u00eb koh\u00ebn e duhur. \u201cDo gjej [&hellip;]<\/p>\n","protected":false,"gt_translate_keys":[{"key":"rendered","format":"html"}]},"author":32,"featured_media":246781,"comment_status":"open","ping_status":"open","sticky":false,"template":"","format":"standard","meta":{"footnotes":""},"categories":[65],"tags":[],"class_list":["post-246770","post","type-post","status-publish","format-standard","has-post-thumbnail","hentry","category-lajme"],"gt_translate_keys":[{"key":"link","format":"url"}],"_links":{"self":[{"href":"https:\/\/www.hashtag.al\/index.php\/wp-json\/wp\/v2\/posts\/246770","targetHints":{"allow":["GET"]}}],"collection":[{"href":"https:\/\/www.hashtag.al\/index.php\/wp-json\/wp\/v2\/posts"}],"about":[{"href":"https:\/\/www.hashtag.al\/index.php\/wp-json\/wp\/v2\/types\/post"}],"author":[{"embeddable":true,"href":"https:\/\/www.hashtag.al\/index.php\/wp-json\/wp\/v2\/users\/32"}],"replies":[{"embeddable":true,"href":"https:\/\/www.hashtag.al\/index.php\/wp-json\/wp\/v2\/comments?post=246770"}],"version-history":[{"count":0,"href":"https:\/\/www.hashtag.al\/index.php\/wp-json\/wp\/v2\/posts\/246770\/revisions"}],"wp:featuredmedia":[{"embeddable":true,"href":"https:\/\/www.hashtag.al\/index.php\/wp-json\/wp\/v2\/media\/246781"}],"wp:attachment":[{"href":"https:\/\/www.hashtag.al\/index.php\/wp-json\/wp\/v2\/media?parent=246770"}],"wp:term":[{"taxonomy":"category","embeddable":true,"href":"https:\/\/www.hashtag.al\/index.php\/wp-json\/wp\/v2\/categories?post=246770"},{"taxonomy":"post_tag","embeddable":true,"href":"https:\/\/www.hashtag.al\/index.php\/wp-json\/wp\/v2\/tags?post=246770"}],"curies":[{"name":"wp","href":"https:\/\/api.w.org\/{rel}","templated":true}]}}