{"id":246740,"date":"2018-11-02T19:07:24","date_gmt":"2018-11-02T18:07:24","guid":{"rendered":"https:\/\/hashtag.al\/?p=246740"},"modified":"2018-11-02T19:12:33","modified_gmt":"2018-11-02T18:12:33","slug":"246740","status":"publish","type":"post","link":"https:\/\/www.hashtag.al\/index.php\/2018\/11\/02\/246740\/","title":{"rendered":"Ekzekutohet &#8220;babai i taliban\u00ebve&#8221; n\u00eb Pakistan","gt_translate_keys":[{"key":"rendered","format":"text"}]},"content":{"rendered":"<p><img loading=\"lazy\" decoding=\"async\" class=\"alignnone size-full wp-image-246742\" src=\"https:\/\/hashtag.al\/wp-content\/uploads\/2018\/11\/taleban.jpg\" alt=\"\" width=\"1023\" height=\"575\" srcset=\"https:\/\/www.hashtag.al\/wp-content\/uploads\/2018\/11\/taleban.jpg 1023w, https:\/\/www.hashtag.al\/wp-content\/uploads\/2018\/11\/taleban-300x169.jpg 300w, https:\/\/www.hashtag.al\/wp-content\/uploads\/2018\/11\/taleban-768x432.jpg 768w\" sizes=\"auto, (max-width: 1023px) 100vw, 1023px\" \/><\/p>\n<p><span style=\"color: #000000;\">Mediat\u00a0 pakistaneze raportojn\u00eb se kleriku i njohur fetar, Maulana Samiul Haq, i cil\u00ebsuar edhe si \u201cbabai i taliban\u00ebve\u201d, \u00ebsht\u00eb vrar\u00eb n\u00eb nj\u00eb sulm me thik\u00eb.<\/span><\/p>\n<p><span style=\"color: #000000;\">Djali i klerikut, Hamidul Haq ka deklaruar se ai \u00ebsht\u00eb vrar\u00eb me thik\u00eb nga nj\u00eb sulmues i paidentifikuar n\u00eb sht\u00ebpin\u00eb e tij m\u00eb 2 n\u00ebntor.<\/span><\/p>\n<p><span style=\"color: #000000;\">\u201cBabai im ka qen\u00eb duke shkuar n\u00eb protes\u00eb. Ai \u00ebsht\u00eb kthyer n\u00eb sht\u00ebpi p\u00ebr shkak t\u00eb mbylljes s\u00eb rrug\u00ebve dhe ka shkuar n\u00eb shtrat. M\u00eb von\u00eb ai \u00ebsht\u00eb gjetur i vdekur n\u00eb nj\u00eb lum\u00eb gjaku\u201d, ka th\u00ebn\u00eb Hamidul Haq p\u00ebr Geo News.<\/span><\/p>\n<p><span style=\"color: #000000;\">Megjithat\u00eb, agjencia e lajmeve, Reuters ka cituar disa familjar\u00eb t\u00eb klerikut q\u00eb kan\u00eb th\u00ebn\u00eb se ai \u00ebsht\u00eb q\u00eblluar me arm\u00eb zjarri nga disa sulmues t\u00eb panjohur.<\/span><\/p>\n<p><span style=\"color: #000000;\">Samiul Haq, i cili ka qen\u00eb n\u00eb t\u00eb 80-at e tij, ka udh\u00ebhequr nj\u00eb shkoll\u00eb islamike n\u00eb Provinc\u00ebn Khyber Pakhtunkhwa n\u00eb Pakistan. Koh\u00ebt e fundit presidenti i vendit i kishte k\u00ebrkuar bashk\u00ebpunim\u00a0p\u00ebr t\u00eb zbatuar nj\u00eb varg reformash n\u00eb kuad\u00ebr t\u00eb edukimit fetar.<\/span><\/p>\n<p><strong>Burimi<\/strong>:<a href=\"https:\/\/www.aljazeera.com\/news\/2018\/11\/pakistani-political-religious-leader-sami-ul-haq-killed-181102160125812.html\"> Al Jazera\u00a0<\/a><\/p>\n<p><img loading=\"lazy\" decoding=\"async\" class=\"alignnone size-full wp-image-246743\" src=\"https:\/\/hashtag.al\/wp-content\/uploads\/2018\/11\/pakstan.jpg\" alt=\"\" width=\"800\" height=\"450\" srcset=\"https:\/\/www.hashtag.al\/wp-content\/uploads\/2018\/11\/pakstan.jpg 800w, https:\/\/www.hashtag.al\/wp-content\/uploads\/2018\/11\/pakstan-300x169.jpg 300w, https:\/\/www.hashtag.al\/wp-content\/uploads\/2018\/11\/pakstan-768x432.jpg 768w\" sizes=\"auto, (max-width: 800px) 100vw, 800px\" \/><\/p>\n<p>&nbsp;<\/p>\n","protected":false,"gt_translate_keys":[{"key":"rendered","format":"html"}]},"excerpt":{"rendered":"<p>Mediat\u00a0 pakistaneze raportojn\u00eb se kleriku i njohur fetar, Maulana Samiul Haq, i cil\u00ebsuar edhe si \u201cbabai i taliban\u00ebve\u201d, \u00ebsht\u00eb vrar\u00eb n\u00eb nj\u00eb sulm me thik\u00eb. Djali i klerikut, Hamidul Haq ka deklaruar se ai \u00ebsht\u00eb vrar\u00eb me thik\u00eb nga nj\u00eb sulmues i paidentifikuar n\u00eb sht\u00ebpin\u00eb e tij m\u00eb 2 n\u00ebntor. \u201cBabai im ka qen\u00eb duke [&hellip;]<\/p>\n","protected":false,"gt_translate_keys":[{"key":"rendered","format":"html"}]},"author":30,"featured_media":246742,"comment_status":"open","ping_status":"open","sticky":false,"template":"","format":"standard","meta":{"footnotes":""},"categories":[6],"tags":[],"class_list":["post-246740","post","type-post","status-publish","format-standard","has-post-thumbnail","hentry","category-nderkombetare"],"gt_translate_keys":[{"key":"link","format":"url"}],"_links":{"self":[{"href":"https:\/\/www.hashtag.al\/index.php\/wp-json\/wp\/v2\/posts\/246740","targetHints":{"allow":["GET"]}}],"collection":[{"href":"https:\/\/www.hashtag.al\/index.php\/wp-json\/wp\/v2\/posts"}],"about":[{"href":"https:\/\/www.hashtag.al\/index.php\/wp-json\/wp\/v2\/types\/post"}],"author":[{"embeddable":true,"href":"https:\/\/www.hashtag.al\/index.php\/wp-json\/wp\/v2\/users\/30"}],"replies":[{"embeddable":true,"href":"https:\/\/www.hashtag.al\/index.php\/wp-json\/wp\/v2\/comments?post=246740"}],"version-history":[{"count":0,"href":"https:\/\/www.hashtag.al\/index.php\/wp-json\/wp\/v2\/posts\/246740\/revisions"}],"wp:featuredmedia":[{"embeddable":true,"href":"https:\/\/www.hashtag.al\/index.php\/wp-json\/wp\/v2\/media\/246742"}],"wp:attachment":[{"href":"https:\/\/www.hashtag.al\/index.php\/wp-json\/wp\/v2\/media?parent=246740"}],"wp:term":[{"taxonomy":"category","embeddable":true,"href":"https:\/\/www.hashtag.al\/index.php\/wp-json\/wp\/v2\/categories?post=246740"},{"taxonomy":"post_tag","embeddable":true,"href":"https:\/\/www.hashtag.al\/index.php\/wp-json\/wp\/v2\/tags?post=246740"}],"curies":[{"name":"wp","href":"https:\/\/api.w.org\/{rel}","templated":true}]}}