{"id":246596,"date":"2018-11-02T12:13:22","date_gmt":"2018-11-02T11:13:22","guid":{"rendered":"https:\/\/hashtag.al\/?p=246596"},"modified":"2018-11-02T11:53:41","modified_gmt":"2018-11-02T10:53:41","slug":"me-pistolete-pa-leje-ne-brez-kapet-i-riu-ne-durres-video","status":"publish","type":"post","link":"https:\/\/www.hashtag.al\/index.php\/2018\/11\/02\/me-pistolete-pa-leje-ne-brez-kapet-i-riu-ne-durres-video\/","title":{"rendered":"Me pistolet\u00eb pa leje n\u00eb brez, kapet i riu n\u00eb Durr\u00ebs (Video)","gt_translate_keys":[{"key":"rendered","format":"text"}]},"content":{"rendered":"<p><img loading=\"lazy\" decoding=\"async\" class=\"aligncenter size-full wp-image-246597\" src=\"https:\/\/hashtag.al\/wp-content\/uploads\/2018\/11\/armedurres2nentor.jpg\" alt=\"\" width=\"900\" height=\"675\" srcset=\"https:\/\/www.hashtag.al\/wp-content\/uploads\/2018\/11\/armedurres2nentor.jpg 900w, https:\/\/www.hashtag.al\/wp-content\/uploads\/2018\/11\/armedurres2nentor-300x225.jpg 300w, https:\/\/www.hashtag.al\/wp-content\/uploads\/2018\/11\/armedurres2nentor-768x576.jpg 768w\" sizes=\"auto, (max-width: 900px) 100vw, 900px\" \/><\/p>\n<p><span style=\"color: #000000;\">Nj\u00eb i ri \u00ebsht\u00eb arrestuar n\u00eb Durr\u00ebs pasi qarkullonte iu armatosur me arm\u00eb pa leje. <\/span><\/p>\n<p><span style=\"color: #000000;\">N\u00eb pranga ka r\u00ebn\u00eb 27-vje\u00e7ari Artan Dema, pasi gjat\u00eb nj\u00eb sherri banal me nj\u00eb person tjet\u00ebr ka tentuar t\u00eb p\u00ebrdor\u00eb arm\u00ebn pa leje q\u00eb \u00ebsht\u00eb sekuestruar n\u00eb cil\u00ebsin\u00eb e prov\u00ebs materiale.<\/span><\/p>\n<p><span style=\"color: #000000;\"><em>\u201cVihet n\u00eb pranga nj\u00eb shtetas, i cili qarkullonte me arm\u00eb n\u00eb ambiente publike.<\/em><\/span><\/p>\n<p><span style=\"color: #000000;\"><em>Sekuestrohet nj\u00eb arm\u00eb zjarri pistolet\u00eb.<\/em><\/span><\/p>\n<p><span style=\"color: #000000;\"><em>Specialist\u00ebt p\u00ebr Krimet n\u00eb Komisariatin e Policis\u00eb Durr\u00ebs kan\u00eb arrestuar n\u00eb flagranc\u00eb shtetasin:<\/em><\/span><\/p>\n<p><span style=\"color: #000000;\"><em>Artan Dema 27 vje\u00e7, banues n\u00eb Durr\u00ebs.<\/em><\/span><\/p>\n<p><span style=\"color: #000000;\"><em>Uniformat blu\u00a0 kan\u00eb marr\u00eb informacion p\u00ebr nj\u00eb konflikt n\u00eb nj\u00eb lokal n\u00eb lagjen nr.14 Durr\u00ebs, ku kan\u00eb nd\u00ebrhyr\u00eb menj\u00ebher\u00eb dhe gjat\u00eb kontrollit \u00ebsht\u00eb konstatuar se shtetasi A.Dema ishte konfliktuar p\u00ebr motive t\u00eb dob\u00ebta me shtetasin S.B. dhe dispononte nj\u00eb arm\u00eb zjarri tip pistolet\u00eb pa leje, e cila \u00ebsht\u00eb sekuestruar n\u00eb cil\u00ebsin\u00eb e prov\u00ebs materiale.<\/em><\/span><\/p>\n<p><span style=\"color: #000000;\"><em>Materialet i kaluan Prokuroris\u00eb s\u00eb Rrethit Gjyq\u00ebsor Durr\u00ebs p\u00ebr veprime t\u00eb m\u00ebtejshme p\u00ebr vepr\u00ebn penale &#8220;Prodhimi dhe mbajtja pa leje e arm\u00ebve luftarake dhe e municionit , n\u00eb ambiente publike&#8221; n\u00eb ngarkim t\u00eb shtetasit A.Dema parashikuar n\u00eb nenin 278\/5 t\u00eb Kodit Penal dhe &#8221; Plagosja e leht\u00eb me dashje&#8221; n\u00eb ngarkim t\u00eb shtetasit S.B. parashikuar n\u00eb nenin 89 t\u00eb Kodit Penal.\u201d<\/em> &#8211; thuhet n\u00eb njoftimin e policis\u00eb.<\/span><\/p>\n<div style=\"width: 1170px;\" class=\"wp-video\"><video class=\"wp-video-shortcode\" id=\"video-246596-1\" width=\"1170\" height=\"658\" preload=\"metadata\" controls=\"controls\"><source type=\"video\/mp4\" src=\"https:\/\/hashtag.al\/wp-content\/uploads\/2018\/11\/Durres2nentor.mp4?_=1\" \/><a href=\"https:\/\/hashtag.al\/wp-content\/uploads\/2018\/11\/Durres2nentor.mp4\">https:\/\/hashtag.al\/wp-content\/uploads\/2018\/11\/Durres2nentor.mp4<\/a><\/video><\/div>\n","protected":false,"gt_translate_keys":[{"key":"rendered","format":"html"}]},"excerpt":{"rendered":"<p>Nj\u00eb i ri \u00ebsht\u00eb arrestuar n\u00eb Durr\u00ebs pasi qarkullonte iu armatosur me arm\u00eb pa leje. N\u00eb pranga ka r\u00ebn\u00eb 27-vje\u00e7ari Artan Dema, pasi gjat\u00eb nj\u00eb sherri banal me nj\u00eb person tjet\u00ebr ka tentuar t\u00eb p\u00ebrdor\u00eb arm\u00ebn pa leje q\u00eb \u00ebsht\u00eb sekuestruar n\u00eb cil\u00ebsin\u00eb e prov\u00ebs materiale. \u201cVihet n\u00eb pranga nj\u00eb shtetas, i cili qarkullonte me [&hellip;]<\/p>\n","protected":false,"gt_translate_keys":[{"key":"rendered","format":"html"}]},"author":51,"featured_media":246598,"comment_status":"open","ping_status":"open","sticky":false,"template":"","format":"standard","meta":{"footnotes":""},"categories":[65],"tags":[],"class_list":["post-246596","post","type-post","status-publish","format-standard","has-post-thumbnail","hentry","category-lajme"],"gt_translate_keys":[{"key":"link","format":"url"}],"_links":{"self":[{"href":"https:\/\/www.hashtag.al\/index.php\/wp-json\/wp\/v2\/posts\/246596","targetHints":{"allow":["GET"]}}],"collection":[{"href":"https:\/\/www.hashtag.al\/index.php\/wp-json\/wp\/v2\/posts"}],"about":[{"href":"https:\/\/www.hashtag.al\/index.php\/wp-json\/wp\/v2\/types\/post"}],"author":[{"embeddable":true,"href":"https:\/\/www.hashtag.al\/index.php\/wp-json\/wp\/v2\/users\/51"}],"replies":[{"embeddable":true,"href":"https:\/\/www.hashtag.al\/index.php\/wp-json\/wp\/v2\/comments?post=246596"}],"version-history":[{"count":0,"href":"https:\/\/www.hashtag.al\/index.php\/wp-json\/wp\/v2\/posts\/246596\/revisions"}],"wp:featuredmedia":[{"embeddable":true,"href":"https:\/\/www.hashtag.al\/index.php\/wp-json\/wp\/v2\/media\/246598"}],"wp:attachment":[{"href":"https:\/\/www.hashtag.al\/index.php\/wp-json\/wp\/v2\/media?parent=246596"}],"wp:term":[{"taxonomy":"category","embeddable":true,"href":"https:\/\/www.hashtag.al\/index.php\/wp-json\/wp\/v2\/categories?post=246596"},{"taxonomy":"post_tag","embeddable":true,"href":"https:\/\/www.hashtag.al\/index.php\/wp-json\/wp\/v2\/tags?post=246596"}],"curies":[{"name":"wp","href":"https:\/\/api.w.org\/{rel}","templated":true}]}}