{"id":246085,"date":"2018-10-31T20:30:11","date_gmt":"2018-10-31T19:30:11","guid":{"rendered":"https:\/\/hashtag.al\/?p=246085"},"modified":"2018-10-31T20:32:51","modified_gmt":"2018-10-31T19:32:51","slug":"turqia-nis-ndertimin-e-sistemit-raketor-te-mbrojtjes-ajerore","status":"publish","type":"post","link":"https:\/\/www.hashtag.al\/index.php\/2018\/10\/31\/turqia-nis-ndertimin-e-sistemit-raketor-te-mbrojtjes-ajerore\/","title":{"rendered":"Turqia nis nd\u00ebrtimin e sistemit raketor t\u00eb mbrojtjes aj\u00ebrore","gt_translate_keys":[{"key":"rendered","format":"text"}]},"content":{"rendered":"<p><img loading=\"lazy\" decoding=\"async\" class=\"aligncenter size-full wp-image-246086\" src=\"https:\/\/hashtag.al\/wp-content\/uploads\/2018\/10\/erdogan-sistemi-i-mbrojtjes-ajeror.jpg\" alt=\"\" width=\"770\" height=\"434\" srcset=\"https:\/\/www.hashtag.al\/wp-content\/uploads\/2018\/10\/erdogan-sistemi-i-mbrojtjes-ajeror.jpg 770w, https:\/\/www.hashtag.al\/wp-content\/uploads\/2018\/10\/erdogan-sistemi-i-mbrojtjes-ajeror-300x169.jpg 300w, https:\/\/www.hashtag.al\/wp-content\/uploads\/2018\/10\/erdogan-sistemi-i-mbrojtjes-ajeror-768x433.jpg 768w\" sizes=\"auto, (max-width: 770px) 100vw, 770px\" \/><\/p>\n<p>Presidenti i Turqis\u00eb, Recep Tayyip Erdogan, deklaroi se \u201cTurqia ka\u00a0nisur punimet p\u00ebr formimin e sistemit komb\u00ebtar t\u00eb mbrojtjes aj\u00ebrore nga raketat me rreze t\u00eb gjat\u00eb\u201d,\u00a0raporton Anadolu Agency (AA).<\/p>\n<p>\u201cKan\u00eb filluar punimet p\u00ebr formimin e sistemit komb\u00ebtar t\u00eb mbrojtjes aj\u00ebrore nga raketat me rreze t\u00eb gjat\u00eb. D\u00ebshiroj q\u00eb sistemi komb\u00ebtar i mbrojtjes ajrore ndaj raketave me rreze t\u00eb gjat\u00eb, t\u00eb cil\u00ebn e kemi nisur me emrin \u2018Siper\u2018 t\u00eb sh\u00ebrbej\u00eb p\u00ebr mir\u00eb\u201d,\u00a0tha presidenti Erdogan gjat\u00eb nj\u00eb fjalimi duke iu drejtuar pjes\u00ebmarr\u00ebsve n\u00eb ceremonin\u00eb e hapjes s\u00eb infrastruktur\u00ebs s\u00eb zhvillimit t\u00eb teknologjis\u00eb komb\u00ebtare t\u00eb organizuar n\u00eb nd\u00ebrtes\u00ebn e T\u00dcB\u0130TAK SAGE n\u00eb Ankara.<\/p>\n<p>\u201cTurqia po p\u00ebrparon me shpejt\u00ebsi drejt arritjes s\u00eb niveleve t\u00eb larta n\u00eb t\u00eb gjitha fushat e teknologjive t\u00eb mbrojtjes, aviacionit dhe asaj hap\u00ebsinore.\u00a0Pjesa e prodhimit vendor n\u00eb industrin\u00eb e mbrojtjes s\u00eb Turqis\u00eb \u00ebsht\u00eb 65 p\u00ebr qind dhe ne do ta rrisim gjithashtu at\u00eb\u201d, tha\u00a0Erdogan.<\/p>\n<p>N\u00eb vijim presidenti turk tha se, \u201cNe e dim\u00eb se nj\u00eb nga arsyet q\u00eb q\u00ebndrojn\u00eb pas sulmeve q\u00eb jan\u00eb intensifikuar n\u00eb vitet e fundit kund\u00ebr Turqis\u00eb \u00ebsht\u00eb reagimi ndaj politikave t\u00eb pavarura q\u00eb ne kemi zbatuar\u201d.<\/p>\n<p>\u201cMund ta arrijm\u00eb dhe do t\u00eb arrijm\u00eb objektivin e Turqis\u00eb s\u00eb pavarur dhe t\u00eb fort\u00eb duke vazhduar pa nd\u00ebrprer\u00eb veprimet komb\u00ebtare q\u00eb i kemi filluar n\u00eb industrin\u00eb ton\u00eb t\u00eb mbrojtjes\u201d, shtoi ai.<\/p>\n<p>\u201cN\u00eb koh\u00ebn aktuale duhet t\u00eb zhvillojm\u00eb teknologjin\u00eb vendase n\u00eb t\u00eb gjith\u00eb fushat p\u00ebr t\u00eb patur baza t\u00eb forta t\u00eb pavar\u00ebsis\u00eb. Ashtu sikurse n\u00eb industrin\u00eb e mbrojtjes, nuk kemi alternativ\u00eb tjet\u00ebr p\u00ebrpos se t\u00eb b\u00ebhemi nj\u00eb vend q\u00eb zhvillon, prodhon dhe eksporton teknologji t\u00eb mjaftueshme edhe n\u00eb fusha t\u00eb tjera. Deri tani kemi prodhuar dron\u00eb t\u00eb paarmatosur (IHA) dhe ato t\u00eb armatosur (SIHA) dhe shpresojm\u00eb se do t\u00eb p\u00ebrparojm\u00eb edhe m\u00eb tej. Ne po nxitim n\u00ebp\u00ebrmjet programeve t\u00eb ndryshme kthimin e\u00a0shkenc\u00ebtar\u00ebve dhe ekspert\u00ebve n\u00eb vend n\u00eb m\u00ebnyr\u00eb q\u00eb t\u00eb ofrojn\u00eb kontribute n\u00eb projektet q\u00eb kan\u00eb vlera strategjike p\u00ebr vendin ton\u00eb\u201d, tha Erdogan.<\/p>\n<p>N\u00eb lidhje me p\u00ebrparimet q\u00eb Turqia ka sh\u00ebnuar n\u00eb zhvillimin e\u00a0infrastruktur\u00ebs s\u00eb teknologjis\u00eb komb\u00ebtare,\u00a0Erdogan tha\u00a0se kan\u00eb arritur rezultate t\u00eb r\u00ebnd\u00ebsishme kryesisht n\u00eb sistemin v\u00ebzhgues me rezulucion t\u00eb lart\u00eb, sistemet\u00a0satelitore dhe n\u00ebnsistemet e komunikimit, sistemet e l\u00ebshimit t\u00eb satelit\u00ebve, si dhe n\u00eb sistemet\u00a0e p\u00ebrpunimit t\u00eb t\u00eb dh\u00ebnave satelitore, ruajtjen dhe sistemet e mb\u00ebshtetjes s\u00eb informacionit.<\/p>\n<p>&nbsp;<\/p>\n","protected":false,"gt_translate_keys":[{"key":"rendered","format":"html"}]},"excerpt":{"rendered":"<p>Presidenti i Turqis\u00eb, Recep Tayyip Erdogan, deklaroi se \u201cTurqia ka\u00a0nisur punimet p\u00ebr formimin e sistemit komb\u00ebtar t\u00eb mbrojtjes aj\u00ebrore nga raketat me rreze t\u00eb gjat\u00eb\u201d,\u00a0raporton Anadolu Agency (AA). \u201cKan\u00eb filluar punimet p\u00ebr formimin e sistemit komb\u00ebtar t\u00eb mbrojtjes aj\u00ebrore nga raketat me rreze t\u00eb gjat\u00eb. D\u00ebshiroj q\u00eb sistemi komb\u00ebtar i mbrojtjes ajrore ndaj raketave me [&hellip;]<\/p>\n","protected":false,"gt_translate_keys":[{"key":"rendered","format":"html"}]},"author":32,"featured_media":246086,"comment_status":"open","ping_status":"open","sticky":false,"template":"","format":"standard","meta":{"footnotes":""},"categories":[6],"tags":[],"class_list":["post-246085","post","type-post","status-publish","format-standard","has-post-thumbnail","hentry","category-nderkombetare"],"gt_translate_keys":[{"key":"link","format":"url"}],"_links":{"self":[{"href":"https:\/\/www.hashtag.al\/index.php\/wp-json\/wp\/v2\/posts\/246085","targetHints":{"allow":["GET"]}}],"collection":[{"href":"https:\/\/www.hashtag.al\/index.php\/wp-json\/wp\/v2\/posts"}],"about":[{"href":"https:\/\/www.hashtag.al\/index.php\/wp-json\/wp\/v2\/types\/post"}],"author":[{"embeddable":true,"href":"https:\/\/www.hashtag.al\/index.php\/wp-json\/wp\/v2\/users\/32"}],"replies":[{"embeddable":true,"href":"https:\/\/www.hashtag.al\/index.php\/wp-json\/wp\/v2\/comments?post=246085"}],"version-history":[{"count":0,"href":"https:\/\/www.hashtag.al\/index.php\/wp-json\/wp\/v2\/posts\/246085\/revisions"}],"wp:featuredmedia":[{"embeddable":true,"href":"https:\/\/www.hashtag.al\/index.php\/wp-json\/wp\/v2\/media\/246086"}],"wp:attachment":[{"href":"https:\/\/www.hashtag.al\/index.php\/wp-json\/wp\/v2\/media?parent=246085"}],"wp:term":[{"taxonomy":"category","embeddable":true,"href":"https:\/\/www.hashtag.al\/index.php\/wp-json\/wp\/v2\/categories?post=246085"},{"taxonomy":"post_tag","embeddable":true,"href":"https:\/\/www.hashtag.al\/index.php\/wp-json\/wp\/v2\/tags?post=246085"}],"curies":[{"name":"wp","href":"https:\/\/api.w.org\/{rel}","templated":true}]}}