{"id":246080,"date":"2018-10-31T20:19:34","date_gmt":"2018-10-31T19:19:34","guid":{"rendered":"https:\/\/hashtag.al\/?p=246080"},"modified":"2018-10-31T20:22:58","modified_gmt":"2018-10-31T19:22:58","slug":"zaev-cfare-kam-bere-une-per-shqiptaret","status":"publish","type":"post","link":"https:\/\/www.hashtag.al\/index.php\/2018\/10\/31\/zaev-cfare-kam-bere-une-per-shqiptaret\/","title":{"rendered":"Zaev: \u00c7far\u00eb kam b\u00ebr\u00eb un\u00eb p\u00ebr shqiptar\u00ebt","gt_translate_keys":[{"key":"rendered","format":"text"}]},"content":{"rendered":"<p><span style=\"color: #000000;\"><img loading=\"lazy\" decoding=\"async\" class=\"alignnone size-full wp-image-237106\" src=\"https:\/\/hashtag.al\/wp-content\/uploads\/2018\/09\/zaev.jpg\" alt=\"\" width=\"640\" height=\"430\" \/><\/span><\/p>\n<p><span style=\"color: #000000;\">Deputet\u00ebt e opozit\u00ebs sot e pyet\u00ebn kryeminsitrin Zaev\u00a0 q\u00eb t\u00eb tregoj\u00eb p\u00ebr pun\u00ebn e deritanishme, konkretisht se \u00e7far\u00eb ka b\u00ebr\u00eb p\u00ebr qytetar\u00ebt shqiptar\u00eb.<\/span><\/p>\n<p><span style=\"color: #000000;\">N\u00eb lidhje me k\u00ebt\u00eb me pyetje Zaev \u00ebsht\u00eb shprehur se qeveria e tij nuk punon n\u00eb p\u00ebrzgjedhjen sipas etnive, \u201cpor sipas realizimit t\u00eb projekteve p\u00ebr t\u00eb gjith\u00eb qytetar\u00ebt n\u00eb Maqedoni dhe ndjesin\u00eb e t\u00eb qenit t\u00eb barabart\u00eb n\u00eb k\u00ebt\u00eb shtet dhe jo t\u00eb ndar\u00eb, si\u00e7 punoi p\u00ebr 11 vite radhazi qeveria e m\u00ebparshme\u201d.<\/span><\/p>\n<p><span style=\"color: #000000;\">\u201c\u00c7far\u00eb kam b\u00ebr\u00eb un\u00eb si kryeminist\u00ebr i Qeveris\u00eb p\u00ebr shqiptar\u00ebt e Maqedonis\u00eb. Pun\u00ebn e par\u00eb m\u00eb t\u00eb r\u00ebnd\u00ebsishme q\u00eb kam b\u00ebr\u00eb \u00ebsht\u00eb barabar\u00ebsia e t\u00eb drejtave t\u00eb shqiptar\u00ebve me maqedonasit. Dhe kjo d\u00ebshmon se p\u00ebr k\u00ebt\u00eb Qeveri, edhe shqiptar\u00ebt jan\u00eb t\u00eb barabart\u00eb dhe aspak nuk i ndajm\u00eb n\u00eb maqedonas, shqiptar\u00eb, rom\u00eb, serb, turq, vlleh apo boshnjak\u00eb. I shohim n\u00eb baz\u00eb t\u00eb parimit t\u00eb s\u00eb drejt\u00ebs, p\u00ebr p\u00ebrfaq\u00ebsim t\u00eb drejt\u00eb n\u00eb institucione, n\u00eb intensitetin e pun\u00ebsimeve n\u00ebp\u00ebr institucione shtet\u00ebrore. Dhe sa p\u00ebr krahasim me 10 vitet e fundit, intensiteti i p\u00ebrfaq\u00ebsimit t\u00eb shqiptar\u00ebve n\u00eb institucionet shtet\u00ebror\u00eb \u00ebsht\u00eb shum\u00eb m\u00eb i madh.<\/span><\/p>\n<p><span style=\"color: #000000;\">Do t\u00eb investojm\u00eb n\u00eb projektet infrastrukturore, rrug\u00eb rajonale, magjistrale dhe lokale. Po punojm\u00eb q\u00eb kapitali shtet\u00ebror t\u00eb shp\u00ebrndahet nj\u00ebjt\u00eb n\u00eb t\u00eb gjith\u00eb territorin e Maqedonis\u00eb ku shumic\u00eb jan\u00eb edhe shqiptar\u00ebt. Po b\u00ebjm\u00eb brenda nj\u00eb viti q\u00eb Qeveria juaj e m\u00ebparshme p\u00ebr 11 vite radhazi qeverisje nuk arriti t\u00eb b\u00ebj\u00eb p\u00ebr shqiptar\u00ebt e Maqedonis\u00eb q\u00eb gjithmon\u00eb kan\u00eb qen\u00eb qytetar lojal t\u00eb k\u00ebtij shtetit dhe vazhdojn\u00eb t\u00eb jen\u00eb edhe n\u00eb t\u00eb ardhmen\u201d, tha Zoran Zaev.<\/span><\/p>\n<p><span style=\"color: #000000;\"><img loading=\"lazy\" decoding=\"async\" class=\"alignnone size-full wp-image-164290\" src=\"https:\/\/hashtag.al\/wp-content\/uploads\/2018\/02\/zaev.jpg\" alt=\"\" width=\"672\" height=\"468\" \/><\/span><\/p>\n","protected":false,"gt_translate_keys":[{"key":"rendered","format":"html"}]},"excerpt":{"rendered":"<p>Deputet\u00ebt e opozit\u00ebs sot e pyet\u00ebn kryeminsitrin Zaev\u00a0 q\u00eb t\u00eb tregoj\u00eb p\u00ebr pun\u00ebn e deritanishme, konkretisht se \u00e7far\u00eb ka b\u00ebr\u00eb p\u00ebr qytetar\u00ebt shqiptar\u00eb. N\u00eb lidhje me k\u00ebt\u00eb me pyetje Zaev \u00ebsht\u00eb shprehur se qeveria e tij nuk punon n\u00eb p\u00ebrzgjedhjen sipas etnive, \u201cpor sipas realizimit t\u00eb projekteve p\u00ebr t\u00eb gjith\u00eb qytetar\u00ebt n\u00eb Maqedoni dhe ndjesin\u00eb [&hellip;]<\/p>\n","protected":false,"gt_translate_keys":[{"key":"rendered","format":"html"}]},"author":30,"featured_media":237106,"comment_status":"open","ping_status":"open","sticky":false,"template":"","format":"standard","meta":{"footnotes":""},"categories":[149],"tags":[],"class_list":["post-246080","post","type-post","status-publish","format-standard","has-post-thumbnail","hentry","category-kosoverajon"],"gt_translate_keys":[{"key":"link","format":"url"}],"_links":{"self":[{"href":"https:\/\/www.hashtag.al\/index.php\/wp-json\/wp\/v2\/posts\/246080","targetHints":{"allow":["GET"]}}],"collection":[{"href":"https:\/\/www.hashtag.al\/index.php\/wp-json\/wp\/v2\/posts"}],"about":[{"href":"https:\/\/www.hashtag.al\/index.php\/wp-json\/wp\/v2\/types\/post"}],"author":[{"embeddable":true,"href":"https:\/\/www.hashtag.al\/index.php\/wp-json\/wp\/v2\/users\/30"}],"replies":[{"embeddable":true,"href":"https:\/\/www.hashtag.al\/index.php\/wp-json\/wp\/v2\/comments?post=246080"}],"version-history":[{"count":0,"href":"https:\/\/www.hashtag.al\/index.php\/wp-json\/wp\/v2\/posts\/246080\/revisions"}],"wp:featuredmedia":[{"embeddable":true,"href":"https:\/\/www.hashtag.al\/index.php\/wp-json\/"}],"wp:attachment":[{"href":"https:\/\/www.hashtag.al\/index.php\/wp-json\/wp\/v2\/media?parent=246080"}],"wp:term":[{"taxonomy":"category","embeddable":true,"href":"https:\/\/www.hashtag.al\/index.php\/wp-json\/wp\/v2\/categories?post=246080"},{"taxonomy":"post_tag","embeddable":true,"href":"https:\/\/www.hashtag.al\/index.php\/wp-json\/wp\/v2\/tags?post=246080"}],"curies":[{"name":"wp","href":"https:\/\/api.w.org\/{rel}","templated":true}]}}