{"id":246060,"date":"2018-10-31T19:44:43","date_gmt":"2018-10-31T18:44:43","guid":{"rendered":"https:\/\/hashtag.al\/?p=246060"},"modified":"2018-10-31T20:05:30","modified_gmt":"2018-10-31T19:05:30","slug":"bularati-pas-athines-greket-proteste-edhe-ne-selanik-video","status":"publish","type":"post","link":"https:\/\/www.hashtag.al\/index.php\/2018\/10\/31\/bularati-pas-athines-greket-proteste-edhe-ne-selanik-video\/","title":{"rendered":"&#8220;Bularati&#8221;, pas Athin\u00ebs grek\u00ebt protest\u00eb edhe n\u00eb Selanik (Video)","gt_translate_keys":[{"key":"rendered","format":"text"}]},"content":{"rendered":"<p><img loading=\"lazy\" decoding=\"async\" class=\"alignnone size-full wp-image-246062\" src=\"https:\/\/hashtag.al\/wp-content\/uploads\/2018\/10\/selanik.jpg\" alt=\"\" width=\"600\" height=\"450\" srcset=\"https:\/\/www.hashtag.al\/wp-content\/uploads\/2018\/10\/selanik.jpg 600w, https:\/\/www.hashtag.al\/wp-content\/uploads\/2018\/10\/selanik-300x225.jpg 300w\" sizes=\"auto, (max-width: 600px) 100vw, 600px\" \/><\/p>\n<p><span style=\"color: #000000;\">Pas protest\u00ebs s\u00eb djeshme n\u00eb Athin\u00eb ku u dogj edhe flamuri shqiptar, me pankarta n\u00eb duar qytetar\u00ebt grek\u00eb sot jan\u00eb mbledhur s\u00ebrish n\u00eb Selanik duke\u00a0 brohoritur\u00a0 dhe duke mbajtur parulla, t\u00eb cilat etiketojn\u00eb shqiptar\u00ebt n\u00eb forma t\u00eb ndryshme.<\/span><\/p>\n<p><iframe loading=\"lazy\" title=\"Thestival.gr \u03a0\u03bf\u03c1\u03b5\u03af\u03b1 \u0399\u03b5\u03c1\u03cc\u03c2 \u039b\u03cc\u03c7\u03bf\u03c2 \u03b3\u03b9\u03b1 \u039a\u03b1\u03c4\u03c3\u03af\u03c6\u03b1\" width=\"1170\" height=\"658\" src=\"https:\/\/www.youtube.com\/embed\/Jpd10ls7G5w?feature=oembed\" frameborder=\"0\" allow=\"accelerometer; autoplay; clipboard-write; encrypted-media; gyroscope; picture-in-picture\" allowfullscreen><\/iframe><\/p>\n<p><span style=\"color: #000000;\">Mediat greke raportojn\u00eb se protestuesit jan\u00eb nisur n\u00eb drejtim t\u00eb konsullat\u00ebs shqiptare n\u00eb Selanik.\u00a0\u00a0<\/span><\/p>\n<p><span style=\"color: #000000;\"><strong>\u00c7far\u00eb ndodhi nj\u00eb dit\u00eb m\u00eb par\u00eb n\u00eb Athin\u00eb?<\/strong><\/span><\/p>\n<p><span style=\"color: #000000;\">Gjat\u00eb nj\u00eb tubimi t\u00eb zhvilluar n\u00eb Athin\u00eb mbr\u00ebmjen e djeshme, protestuesit grek\u00eb dogj\u00ebn flamurin shqiptar.<\/span><\/p>\n<p><span style=\"color: #000000;\">Protestuesit u mblodh\u00ebn pas nj\u00eb thirrjeje t\u00eb organizator\u00ebve p\u00ebrmes internetit dhe k\u00ebrkuan q\u00eb qeveria greke t\u00eb k\u00ebrkoj\u00eb sqarime n\u00eb lidhje me vrasjen e 35-vje\u00e7arit. Ekstremiz\u00ebm n\u00eb reagime, protesta dhe thirrje raciste ndaj shqiptar\u00ebve n\u00eb vendin fqinj dhe g\u00ebzimi i pakuptimt\u00eb i shqiptar\u00ebve p\u00ebr vrasjen e minoritarit, t\u00eb gjitha k\u00ebto kan\u00eb shoq\u00ebruar ngjarjen.<\/span><\/p>\n<p><span style=\"color: #000000;\">Akti ndaj simbolit ton\u00eb komb\u00ebtar sipas mediave greke ka ndodhur gjat\u00eb protest\u00ebs p\u00ebr vrasjen e Kacifas nga fshati Bularat i Gjirokastr\u00ebs, t\u00eb cil\u00ebn mediat greke e quajn\u00eb Epiri i Veriut.<\/span><\/p>\n<p><img loading=\"lazy\" decoding=\"async\" class=\"alignnone size-full wp-image-246066\" src=\"https:\/\/hashtag.al\/wp-content\/uploads\/2018\/10\/foto-7.jpg\" alt=\"\" width=\"1024\" height=\"576\" srcset=\"https:\/\/www.hashtag.al\/wp-content\/uploads\/2018\/10\/foto-7.jpg 1024w, https:\/\/www.hashtag.al\/wp-content\/uploads\/2018\/10\/foto-7-300x169.jpg 300w, https:\/\/www.hashtag.al\/wp-content\/uploads\/2018\/10\/foto-7-768x432.jpg 768w\" sizes=\"auto, (max-width: 1024px) 100vw, 1024px\" \/><\/p>\n<p>&nbsp;<\/p>\n","protected":false,"gt_translate_keys":[{"key":"rendered","format":"html"}]},"excerpt":{"rendered":"<p>Pas protest\u00ebs s\u00eb djeshme n\u00eb Athin\u00eb ku u dogj edhe flamuri shqiptar, me pankarta n\u00eb duar qytetar\u00ebt grek\u00eb sot jan\u00eb mbledhur s\u00ebrish n\u00eb Selanik duke\u00a0 brohoritur\u00a0 dhe duke mbajtur parulla, t\u00eb cilat etiketojn\u00eb shqiptar\u00ebt n\u00eb forma t\u00eb ndryshme. Mediat greke raportojn\u00eb se protestuesit jan\u00eb nisur n\u00eb drejtim t\u00eb konsullat\u00ebs shqiptare n\u00eb Selanik.\u00a0\u00a0 \u00c7far\u00eb ndodhi nj\u00eb [&hellip;]<\/p>\n","protected":false,"gt_translate_keys":[{"key":"rendered","format":"html"}]},"author":30,"featured_media":246062,"comment_status":"open","ping_status":"open","sticky":false,"template":"","format":"standard","meta":{"footnotes":""},"categories":[65],"tags":[],"class_list":["post-246060","post","type-post","status-publish","format-standard","has-post-thumbnail","hentry","category-lajme"],"gt_translate_keys":[{"key":"link","format":"url"}],"_links":{"self":[{"href":"https:\/\/www.hashtag.al\/index.php\/wp-json\/wp\/v2\/posts\/246060","targetHints":{"allow":["GET"]}}],"collection":[{"href":"https:\/\/www.hashtag.al\/index.php\/wp-json\/wp\/v2\/posts"}],"about":[{"href":"https:\/\/www.hashtag.al\/index.php\/wp-json\/wp\/v2\/types\/post"}],"author":[{"embeddable":true,"href":"https:\/\/www.hashtag.al\/index.php\/wp-json\/wp\/v2\/users\/30"}],"replies":[{"embeddable":true,"href":"https:\/\/www.hashtag.al\/index.php\/wp-json\/wp\/v2\/comments?post=246060"}],"version-history":[{"count":0,"href":"https:\/\/www.hashtag.al\/index.php\/wp-json\/wp\/v2\/posts\/246060\/revisions"}],"wp:featuredmedia":[{"embeddable":true,"href":"https:\/\/www.hashtag.al\/index.php\/wp-json\/wp\/v2\/media\/246062"}],"wp:attachment":[{"href":"https:\/\/www.hashtag.al\/index.php\/wp-json\/wp\/v2\/media?parent=246060"}],"wp:term":[{"taxonomy":"category","embeddable":true,"href":"https:\/\/www.hashtag.al\/index.php\/wp-json\/wp\/v2\/categories?post=246060"},{"taxonomy":"post_tag","embeddable":true,"href":"https:\/\/www.hashtag.al\/index.php\/wp-json\/wp\/v2\/tags?post=246060"}],"curies":[{"name":"wp","href":"https:\/\/api.w.org\/{rel}","templated":true}]}}