{"id":246054,"date":"2018-10-31T19:27:56","date_gmt":"2018-10-31T18:27:56","guid":{"rendered":"https:\/\/hashtag.al\/?p=246054"},"modified":"2018-10-31T19:29:18","modified_gmt":"2018-10-31T18:29:18","slug":"246054","status":"publish","type":"post","link":"https:\/\/www.hashtag.al\/index.php\/2018\/10\/31\/246054\/","title":{"rendered":"Shfryt\u00ebzim i organizuar i migrant\u00ebve n\u00eb Itali","gt_translate_keys":[{"key":"rendered","format":"text"}]},"content":{"rendered":"<div class=\"cookie cookie--visible\">\n<div class=\"cookie__wrap\">\n<div class=\"cookie__item\"><span style=\"color: #000000;\">Rreth 30.000 migrant\u00eb, shumica ilegal\u00eb, shpesh detyrohen t\u00eb punojn\u00eb gjat\u00eb gjith\u00eb dit\u00ebs p\u00ebr nj\u00eb pag\u00eb ditore m\u00eb pak se 20 euro n\u00eb Itali. Me ndihm\u00ebn e sindikatave ata tani protestojn\u00eb dhe luftojn\u00eb kund\u00ebr shfryt\u00ebzimit.<\/span><\/div>\n<\/div>\n<\/div>\n<div id=\"bodyMover\">\n<div id=\"outerFrame\">\n<div id=\"innerFrame\">\n<div id=\"bodyContent\">\n<div id=\"sharing-bar\" class=\"min\"><span style=\"color: #000000;\"><span dir=\"ltr\">\u00a0<\/span><span dir=\"ltr\">\u00a0<\/span><span dir=\"ltr\">\u00a0<\/span><span dir=\"ltr\">\u00a0<\/span><\/span><\/div>\n<div class=\"picBox full\"><span style=\"color: #000000;\"><a class=\"overlayLink init\" style=\"color: #000000;\" href=\"https:\/\/www.dw.com\/sq\/shfryt%C3%ABzim-i-organizuar-i-migrant%C3%ABve-n%C3%AB-itali\/a-46093516#\" rel=\"nofollow\"><img decoding=\"async\" title=\"Italien Slum in Foggia f\u00fcr Arbeiter aus Afrika (Reuters\/A. Bianchi)\" src=\"https:\/\/www.dw.com\/image\/45101616_303.jpg\" alt=\"Italien Slum in Foggia f\u00fcr Arbeiter aus Afrika (Reuters\/A. Bianchi)\" \/><\/a><\/span><\/div>\n<div class=\"group\">\n<div class=\"longText\">\n<p><span style=\"color: #000000;\">P\u00ebr fermer\u00ebt italian\u00eb dhe pronar\u00ebt e plantacioneve me fruta imigrant\u00ebt kryesisht t\u00eb ardhur nga Afrika jan\u00eb t\u00eb domosdosh\u00ebm si ndihm\u00ebs p\u00ebr t\u00eb vjelat. Ata kan\u00eb kushte t\u00eb k\u00ebqija jo vet\u00ebm n\u00eb pun\u00eb, pro edhe jetojn\u00eb n\u00eb mjedise n\u00eb kushte jo humane, shumica e tyre banojn\u00eb n\u00eb geto ilegale si\u00e7 \u00ebsht\u00eb kampi me barraka n\u00eb Borgo Mezzanone n\u00eb af\u00ebrsi t\u00eb Foggias.<\/span><\/p>\n<p><span style=\"color: #000000;\">Brenda pak dit\u00ebsh 16 pun\u00ebtor\u00eb gjet\u00ebn vdekjen gjat\u00eb rrug\u00ebs p\u00ebr n\u00eb pun\u00eb. Banor\u00ebt e getos nuk durojn\u00eb dot m\u00eb: Ata vjelin, gjith\u00e7ka rritet n\u00eb fush\u00eb dhe megjithat\u00eb i trajtojn\u00eb si kafsh\u00eb, na thon\u00eb. Ata rropaten p\u00ebr 2 oser 3 euro pag\u00eb n\u00eb or\u00eb, duke mos pasur asnj\u00eb t\u00eb drejt\u00eb. Tani ata kan\u00eb nisur t\u00eb luftojn\u00eb kund\u00ebr shfryt\u00ebzimit. Nj\u00eb refugjat nga Senegali thot\u00eb:\u00a0<strong>&#8220;<\/strong>Ne fillojm\u00eb\u00a0 pun\u00ebn n\u00eb m\u00ebngjes n\u00eb or\u00ebn 7 e ndonj\u00ebher\u00eb \u00ebdhe n\u00eb or\u00ebn 5\u00a0 dhe punojm\u00eb 12 or\u00eb. Ligji parashikon 7 euro p\u00ebr or\u00eb pune dhe t\u00eb pakt\u00ebn 50 euro n\u00eb dit\u00eb.\u00a0 Ne punojm\u00eb shum\u00eb or\u00eb dhe marrim n\u00eb fund t\u00eb dit\u00ebs m\u00eb pak se 20 euro. Ne k\u00ebrkojm\u00eb dinjitet, respekt dhe legalizim.&#8221;<\/span><\/p>\n<div class=\"picBox full rechts \"><span style=\"color: #000000;\"><a class=\"overlayLink init\" style=\"color: #000000;\" href=\"https:\/\/www.dw.com\/sq\/shfryt%C3%ABzim-i-organizuar-i-migrant%C3%ABve-n%C3%AB-itali\/a-46093516#\" rel=\"nofollow\"><img loading=\"lazy\" decoding=\"async\" src=\"https:\/\/www.dw.com\/image\/45101724_401.jpg\" alt=\"Italien Slum in Foggia f\u00fcr Arbeiter aus Afrika (Reuters\/A. Bianchi)\" width=\"700\" height=\"394\" \/><\/a><\/span><\/div>\n<p><span style=\"color: #000000;\">Af\u00ebrsisht 30.000 ndihm\u00ebs punojn\u00eb p\u00ebr vjeljet, kryesisht ata jan\u00eb emigrant\u00eb pa leje qendrimi dhe punojn\u00eb n\u00eb rajonin p\u00ebrreth Foggia. Shumica e tyre jetojn\u00eb n\u00eb geto ilegale. Nj\u00eb demonstrues shpjegon, se &#8220;ne nuk duam t\u00eb jetojm\u00eb n\u00eb geto, askush nuk do t\u00eb jetoj\u00eb n\u00eb k\u00ebto\u00a0kushte, por ne na duhen dokumenta p\u00ebr t\u00eb marr\u00eb apartament\u00a0 me qira,\u00a0na duhet t\u00eb gjejm\u00eb pun\u00eb q\u00eb t\u00eb mund t\u00eb\u00a0paguajm\u00eb qiran\u00eb\u00a0 e t\u00eb jemi mir\u00eb.&#8221;<\/span><\/p>\n<p><span style=\"color: #000000;\">Getoja m\u00eb e madhe t\u00eb k\u00ebsaj zone, \u00ebsht\u00eb n\u00eb Borgo Mezzanone. Ajo ekziston prej m\u00eb shum\u00eb se 30 vjet\u00ebsh. Af\u00ebrsisht 1.000 vet\u00eb jetojn\u00eb n\u00eb t\u00eb.<\/span><\/p>\n<p><span style=\"color: #000000;\">Gazetar\u00ebt nuk jan\u00eb t\u00eb mir\u00ebpritur n\u00eb k\u00ebt\u00eb mjedis. Raffaele Falcone si sindikalist ka hyr\u00eb n\u00eb bisedime me shum\u00eb banor\u00eb t\u00eb zon\u00ebs dhe lufton p\u00ebr t\u00eb drejtat e migrant\u00ebve. Pik\u00ebrisht pran\u00eb getos ilegale ndodhet edhe kampi zyrtar i refugjat\u00ebve. Kushtet jan\u00eb t\u00eb papranueshme, thot\u00eb Falcone:\u00a0<strong>&#8220;<\/strong>Ka nj\u00eb t\u00eb \u00e7ar\u00eb tek dera, ata t\u00eb getos mund t\u00eb shkojn\u00eb n\u00eb kampin e refugjat\u00ebve dhe anasjelltas. Shteti dhe anti-shteti\u00a0 komunikojn\u00eb me njeri-tjetrin. Ata t\u00eb getos shkojn\u00eb atje p\u00ebr t\u00eb ngr\u00ebn\u00eb ose p\u00ebr t&#8217;u vizituar tek mjeku dhe ata q\u00eb jan\u00eb n\u00eb kamp shkojn\u00eb n\u00eb geto, p\u00ebr t\u00eb shkuar n\u00ebp\u00ebr bordelle ose n\u00eb bare e restorante.&#8221;<\/span><\/p>\n<p><span style=\"color: #000000;\">Refugjat\u00ebt banojn\u00eb bashk\u00eb\u00a0njer\u00ebz t\u00eb komb\u00ebsive t\u00eb tyre: Senegali, Somalia, Mali ose Nigeria dhe kan\u00eb krijuar k\u00ebtu n\u00eb geto nj\u00eb infrastruktur\u00eb t\u00eb tyren. -Uj\u00eb t\u00eb pijsh\u00ebm ka vet\u00ebm n\u00eb nj\u00eb vend, gj\u00eb q\u00eb sjell me vete edhe s\u00ebmundje. Ata gjithsesi kan\u00eb edhe nj\u00eb tualet, por nj\u00eb t\u00eb vog\u00ebl fare dhe n\u00eb nj\u00eb dhom\u00eb thuajse t\u00ebr\u00ebsisht t\u00eb mbyllur. Ata e menaxhojn\u00eb situat\u00ebn brenda k\u00ebtyre mund\u00ebsive.<\/span><\/p>\n<div class=\"picBox full rechts \">\n<p><span style=\"color: #000000;\"><a class=\"overlayLink init\" style=\"color: #000000;\" href=\"https:\/\/www.dw.com\/sq\/shfryt%C3%ABzim-i-organizuar-i-migrant%C3%ABve-n%C3%AB-itali\/a-46093516#\" rel=\"nofollow\"><img loading=\"lazy\" decoding=\"async\" title=\"Getoja n\u00eb Foggia\" src=\"https:\/\/www.dw.com\/image\/45101694_401.jpg\" alt=\"Italien Slum in Foggia f\u00fcr Arbeiter aus Afrika (Reuters\/A. Bianchi)\" width=\"700\" height=\"394\" \/><\/a><\/span><span style=\"color: #000000;\">Getoja n\u00eb Foggia<\/span><\/p>\n<\/div>\n<p><span style=\"color: #000000;\">Shum\u00eb italian\u00eb i urrejn\u00eb refugjat\u00ebt e megjithat\u00eb pa migrant\u00ebt ata nuk do t\u00eb kishin m\u00eb treg. Getoja \u00ebsht\u00eb si nj\u00eb qytet i vog\u00ebl, ka gjith\u00e7ka &#8211; restorante, bare dhe gjith\u00e7ka q\u00eb n\u00eb Itali \u00ebsht\u00eb e ndaluar: mafia nigeriane ka nd\u00ebrtuar k\u00ebtu dy bordelle.\u00a0<em>&#8220;<\/em>Klient\u00ebt e prostitutave jan\u00eb italian\u00eb, q\u00eb jetojn\u00eb n\u00eb Foggia, klient\u00ebt e sekser\u00ebve t\u00eb pun\u00ebs jan\u00eb sip\u00ebrmarr\u00ebs italian\u00eb.\u00a0N\u00eb geto \u00ebsht\u00eb krijuar nj\u00eb sistem ekonomik m\u00eb vete, sepse atyre u duhet nj\u00eb berber, nj\u00eb bar, nj\u00eb restorant nj\u00eb mekanik. Ndihm\u00ebsit e t\u00eb vjelave dhe prostitucioni &#8211; dy sh\u00ebrbime t\u00eb shfryt\u00ebzimit jan\u00eb rritur me k\u00ebrkes\u00ebn e italian\u00ebve.&#8221;<\/span><\/p>\n<p><span style=\"color: #000000;\">Italian\u00ebt kan\u00eb nevoj\u00eb p\u00ebr pun\u00ebn e migrant\u00ebve, por nuk duan q\u00eb ata t&#8217;i ken\u00eb aty pran\u00eb. Migrant\u00ebt rropaten deri sa u bie t\u00eb fik\u00ebt, por i paguajn\u00eb keq. Ata jetojn\u00eb n\u00eb kushte jo humane, por askush nuk interesohet p\u00ebr ta.<\/span><\/p>\n<p><span style=\"color: #000000;\"><strong>Vini re:<\/strong> <strong>Ky shkrim \u00ebsht\u00eb pron\u00ebsi intelektuale<\/strong> <a style=\"color: #000000;\" href=\"https:\/\/www.dw.com\/sq\/shfryt%C3%ABzim-i-organizuar-i-migrant%C3%ABve-n%C3%AB-itali\/a-46093516\">DW<\/a><\/span><\/p>\n<p>&nbsp;<\/p>\n<p>&nbsp;<\/p>\n<\/div>\n<\/div>\n<div><\/div>\n<\/div>\n<\/div>\n<\/div>\n<\/div>\n","protected":false,"gt_translate_keys":[{"key":"rendered","format":"html"}]},"excerpt":{"rendered":"<p>Rreth 30.000 migrant\u00eb, shumica ilegal\u00eb, shpesh detyrohen t\u00eb punojn\u00eb gjat\u00eb gjith\u00eb dit\u00ebs p\u00ebr nj\u00eb pag\u00eb ditore m\u00eb pak se 20 euro n\u00eb Itali. Me ndihm\u00ebn e sindikatave ata tani protestojn\u00eb dhe luftojn\u00eb kund\u00ebr shfryt\u00ebzimit. \u00a0\u00a0\u00a0\u00a0 P\u00ebr fermer\u00ebt italian\u00eb dhe pronar\u00ebt e plantacioneve me fruta imigrant\u00ebt kryesisht t\u00eb ardhur nga Afrika jan\u00eb t\u00eb domosdosh\u00ebm si ndihm\u00ebs [&hellip;]<\/p>\n","protected":false,"gt_translate_keys":[{"key":"rendered","format":"html"}]},"author":30,"featured_media":0,"comment_status":"open","ping_status":"open","sticky":false,"template":"","format":"standard","meta":{"footnotes":""},"categories":[6],"tags":[],"class_list":["post-246054","post","type-post","status-publish","format-standard","hentry","category-nderkombetare"],"gt_translate_keys":[{"key":"link","format":"url"}],"_links":{"self":[{"href":"https:\/\/www.hashtag.al\/index.php\/wp-json\/wp\/v2\/posts\/246054","targetHints":{"allow":["GET"]}}],"collection":[{"href":"https:\/\/www.hashtag.al\/index.php\/wp-json\/wp\/v2\/posts"}],"about":[{"href":"https:\/\/www.hashtag.al\/index.php\/wp-json\/wp\/v2\/types\/post"}],"author":[{"embeddable":true,"href":"https:\/\/www.hashtag.al\/index.php\/wp-json\/wp\/v2\/users\/30"}],"replies":[{"embeddable":true,"href":"https:\/\/www.hashtag.al\/index.php\/wp-json\/wp\/v2\/comments?post=246054"}],"version-history":[{"count":0,"href":"https:\/\/www.hashtag.al\/index.php\/wp-json\/wp\/v2\/posts\/246054\/revisions"}],"wp:attachment":[{"href":"https:\/\/www.hashtag.al\/index.php\/wp-json\/wp\/v2\/media?parent=246054"}],"wp:term":[{"taxonomy":"category","embeddable":true,"href":"https:\/\/www.hashtag.al\/index.php\/wp-json\/wp\/v2\/categories?post=246054"},{"taxonomy":"post_tag","embeddable":true,"href":"https:\/\/www.hashtag.al\/index.php\/wp-json\/wp\/v2\/tags?post=246054"}],"curies":[{"name":"wp","href":"https:\/\/api.w.org\/{rel}","templated":true}]}}