{"id":246011,"date":"2018-10-31T17:31:34","date_gmt":"2018-10-31T16:31:34","guid":{"rendered":"https:\/\/hashtag.al\/?p=246011"},"modified":"2018-10-31T17:31:34","modified_gmt":"2018-10-31T16:31:34","slug":"246011","status":"publish","type":"post","link":"https:\/\/www.hashtag.al\/index.php\/2018\/10\/31\/246011\/","title":{"rendered":"Tubimet raciste ndaj shqiptar\u00ebve, thirret n\u00eb ministrin\u00eb e Jashtme ambasadorja greke","gt_translate_keys":[{"key":"rendered","format":"text"}]},"content":{"rendered":"<p><img loading=\"lazy\" decoding=\"async\" class=\"alignnone size-full wp-image-246013\" src=\"https:\/\/hashtag.al\/wp-content\/uploads\/2018\/10\/tubimet.jpg\" alt=\"\" width=\"1044\" height=\"549\" srcset=\"https:\/\/www.hashtag.al\/wp-content\/uploads\/2018\/10\/tubimet.jpg 1044w, https:\/\/www.hashtag.al\/wp-content\/uploads\/2018\/10\/tubimet-300x158.jpg 300w, https:\/\/www.hashtag.al\/wp-content\/uploads\/2018\/10\/tubimet-768x404.jpg 768w, https:\/\/www.hashtag.al\/wp-content\/uploads\/2018\/10\/tubimet-1024x538.jpg 1024w\" sizes=\"auto, (max-width: 1044px) 100vw, 1044px\" \/><\/p>\n<p><span style=\"color: #000000;\">P\u00ebr protestat\u00a0 e fundit n\u00eb Athin\u00eb ambasadorja e Greqis\u00eb, Eleni Surani u thirr sot n\u00eb Ministrin\u00eb p\u00ebr Evrop\u00ebn dhe Pun\u00ebt e Jashtme.\u00a0 M\u00ebsohet se ambasadores i \u00ebsht\u00eb k\u00ebrkuar\u00a0distancim dhe n\u00eb t\u00eb nj\u00ebjt\u00ebn koh\u00eb, d\u00ebnimi nga ana e autoriteteve greke ndaj k\u00ebtyre akteve t\u00eb r\u00ebnda q\u00eb cenojn\u00eb klim\u00ebn e marr\u00ebdh\u00ebnieve miq\u00ebsore mes fqinj\u00ebve.<\/span><\/p>\n<p><span style=\"color: #000000;\"> MEPJ n\u00ebnvizoi gjithashtu nevoj\u00ebn q\u00eb autoritetet greke t\u00eb marrin masat e duhura p\u00ebr t\u00eb garantuar jet\u00ebn dhe pron\u00ebn e shtetasve shqiptar\u00eb me banim n\u00eb Greqi.<\/span><\/p>\n<p><span style=\"color: #000000;\">Mb\u00ebrmjen e djeshme n\u00eb Athin\u00eb\u00a0 protestuesit grek\u00eb dogj\u00ebn flamurin shqiptar. Protestuesit u mblodh\u00ebn pas nj\u00eb thirrjeje t\u00eb organizator\u00ebve p\u00ebrmes internetit dhe k\u00ebrkuan q\u00eb qeveria greke t\u00eb k\u00ebrkoj\u00eb sqarime n\u00eb lidhje me vrasjen e 35-vje\u00e7arit.<\/span><\/p>\n<p><span style=\"color: #000000;\">Ekstremiz\u00ebm n\u00eb reagime, protesta dhe thirrje raciste ndaj shqiptar\u00ebve n\u00eb vendin fqinj dhe g\u00ebzimi i pakuptimt\u00eb i shqiptar\u00ebve p\u00ebr vrasjen e minoritarit, t\u00eb gjitha k\u00ebto kan\u00eb shoq\u00ebruar ngjarjen.<\/span><\/p>\n<p><span style=\"color: #000000;\">Akti ndaj simbolit ton\u00eb komb\u00ebtar sipas mediave greke ka ndodhur gjat\u00eb protest\u00ebs p\u00ebr vrasjen e Kacifas nga fshati Bularat i Gjirokastr\u00ebs, t\u00eb cil\u00ebn mediat greke e quajn\u00eb Epiri i Veriut.<\/span><\/p>\n<p><img loading=\"lazy\" decoding=\"async\" class=\"alignnone size-full wp-image-245474\" src=\"https:\/\/hashtag.al\/wp-content\/uploads\/2018\/10\/kostandin-kacifa-640x342.jpg\" alt=\"\" width=\"640\" height=\"342\" srcset=\"https:\/\/www.hashtag.al\/wp-content\/uploads\/2018\/10\/kostandin-kacifa-640x342.jpg 640w, https:\/\/www.hashtag.al\/wp-content\/uploads\/2018\/10\/kostandin-kacifa-640x342-300x160.jpg 300w, https:\/\/www.hashtag.al\/wp-content\/uploads\/2018\/10\/kostandin-kacifa-640x342-620x330.jpg 620w\" sizes=\"auto, (max-width: 640px) 100vw, 640px\" \/><\/p>\n<p>&nbsp;<\/p>\n<p>&nbsp;<\/p>\n","protected":false,"gt_translate_keys":[{"key":"rendered","format":"html"}]},"excerpt":{"rendered":"<p>P\u00ebr protestat\u00a0 e fundit n\u00eb Athin\u00eb ambasadorja e Greqis\u00eb, Eleni Surani u thirr sot n\u00eb Ministrin\u00eb p\u00ebr Evrop\u00ebn dhe Pun\u00ebt e Jashtme.\u00a0 M\u00ebsohet se ambasadores i \u00ebsht\u00eb k\u00ebrkuar\u00a0distancim dhe n\u00eb t\u00eb nj\u00ebjt\u00ebn koh\u00eb, d\u00ebnimi nga ana e autoriteteve greke ndaj k\u00ebtyre akteve t\u00eb r\u00ebnda q\u00eb cenojn\u00eb klim\u00ebn e marr\u00ebdh\u00ebnieve miq\u00ebsore mes fqinj\u00ebve. MEPJ n\u00ebnvizoi gjithashtu [&hellip;]<\/p>\n","protected":false,"gt_translate_keys":[{"key":"rendered","format":"html"}]},"author":30,"featured_media":246013,"comment_status":"open","ping_status":"open","sticky":false,"template":"","format":"standard","meta":{"footnotes":""},"categories":[65],"tags":[],"class_list":["post-246011","post","type-post","status-publish","format-standard","has-post-thumbnail","hentry","category-lajme"],"gt_translate_keys":[{"key":"link","format":"url"}],"_links":{"self":[{"href":"https:\/\/www.hashtag.al\/index.php\/wp-json\/wp\/v2\/posts\/246011","targetHints":{"allow":["GET"]}}],"collection":[{"href":"https:\/\/www.hashtag.al\/index.php\/wp-json\/wp\/v2\/posts"}],"about":[{"href":"https:\/\/www.hashtag.al\/index.php\/wp-json\/wp\/v2\/types\/post"}],"author":[{"embeddable":true,"href":"https:\/\/www.hashtag.al\/index.php\/wp-json\/wp\/v2\/users\/30"}],"replies":[{"embeddable":true,"href":"https:\/\/www.hashtag.al\/index.php\/wp-json\/wp\/v2\/comments?post=246011"}],"version-history":[{"count":0,"href":"https:\/\/www.hashtag.al\/index.php\/wp-json\/wp\/v2\/posts\/246011\/revisions"}],"wp:featuredmedia":[{"embeddable":true,"href":"https:\/\/www.hashtag.al\/index.php\/wp-json\/wp\/v2\/media\/246013"}],"wp:attachment":[{"href":"https:\/\/www.hashtag.al\/index.php\/wp-json\/wp\/v2\/media?parent=246011"}],"wp:term":[{"taxonomy":"category","embeddable":true,"href":"https:\/\/www.hashtag.al\/index.php\/wp-json\/wp\/v2\/categories?post=246011"},{"taxonomy":"post_tag","embeddable":true,"href":"https:\/\/www.hashtag.al\/index.php\/wp-json\/wp\/v2\/tags?post=246011"}],"curies":[{"name":"wp","href":"https:\/\/api.w.org\/{rel}","templated":true}]}}