{"id":246007,"date":"2018-10-31T17:17:09","date_gmt":"2018-10-31T16:17:09","guid":{"rendered":"https:\/\/hashtag.al\/?p=246007"},"modified":"2018-10-31T17:24:05","modified_gmt":"2018-10-31T16:24:05","slug":"kartolina-qe-te-rinjte-e-kukesit-i-bene-rames-per-halloween","status":"publish","type":"post","link":"https:\/\/www.hashtag.al\/index.php\/2018\/10\/31\/kartolina-qe-te-rinjte-e-kukesit-i-bene-rames-per-halloween\/","title":{"rendered":"&#8220;Kartolina q\u00eb t\u00eb rinjt\u00eb e Kuk\u00ebsit i b\u00ebn\u00eb Ram\u00ebs p\u00ebr Halloween\u201d","gt_translate_keys":[{"key":"rendered","format":"text"}]},"content":{"rendered":"<div id=\"attachment_246008\" style=\"width: 794px\" class=\"wp-caption alignnone\"><img loading=\"lazy\" decoding=\"async\" aria-describedby=\"caption-attachment-246008\" class=\"wp-image-246008 size-full\" src=\"https:\/\/hashtag.al\/wp-content\/uploads\/2018\/10\/berisha-7.jpg\" alt=\"\" width=\"784\" height=\"960\" srcset=\"https:\/\/www.hashtag.al\/wp-content\/uploads\/2018\/10\/berisha-7.jpg 784w, https:\/\/www.hashtag.al\/wp-content\/uploads\/2018\/10\/berisha-7-245x300.jpg 245w, https:\/\/www.hashtag.al\/wp-content\/uploads\/2018\/10\/berisha-7-768x940.jpg 768w\" sizes=\"auto, (max-width: 784px) 100vw, 784px\" \/><p id=\"caption-attachment-246008\" class=\"wp-caption-text\">&#8220;Kartolina e publikuar nga Berisha&#8221;<\/p><\/div>\n<p>Prej dy dit\u00ebsh, Kryeministri Edi Rama ndodhet n\u00eb nj\u00eb vizit\u00eb zyrtare n\u00eb qytetin e Kuk\u00ebsit, ku sot u zhvillua edhe mbledhja e qeveris\u00eb. Me protesta u prit kreu i qeveris\u00eb n\u00eb k\u00ebt\u00eb qytet nga t\u00eb rinjt\u00eb dhe qytetar\u00ebt.<\/p>\n<p>\u201cRama ik\u201d, \u201cTurp Turp\u201d, ishin thirrjet dje t\u00eb protestuesve dhe k\u00ebta t\u00eb fundit nuk kursyen\u00a0\u00a0flakadan\u00ebt n\u00eb drejtim t\u00eb kryeministrit. Vet\u00eb Rama i quajti protestuesit\u00a0 kafsh\u00eb t\u00eb kop\u00ebshtit zoologjik.<\/p>\n<p>Por sot ish-kryeministri Berisha ka publikuar nj\u00eb foto montazh, nd\u00ebrsa shkruan se \u00ebsht\u00eb kartolina q\u00eb t\u00eb rinjt\u00eb e Kuk\u00ebsit i dhan\u00eb Ram\u00ebs.<\/p>\n<p>\u201cNje kartoline urimi nga te rinjte e Kuksit per Halloween per Kallam Deshtakun!&#8221;, shruan Berisha.<\/p>\n<div id=\"attachment_245998\" style=\"width: 679px\" class=\"wp-caption alignnone\"><img loading=\"lazy\" decoding=\"async\" aria-describedby=\"caption-attachment-245998\" class=\"wp-image-245998 size-full\" src=\"https:\/\/hashtag.al\/wp-content\/uploads\/2018\/10\/rama-kukes.png\" alt=\"\" width=\"669\" height=\"515\" srcset=\"https:\/\/www.hashtag.al\/wp-content\/uploads\/2018\/10\/rama-kukes.png 669w, https:\/\/www.hashtag.al\/wp-content\/uploads\/2018\/10\/rama-kukes-300x231.png 300w\" sizes=\"auto, (max-width: 669px) 100vw, 669px\" \/><p id=\"caption-attachment-245998\" class=\"wp-caption-text\">Rama n\u00eb Kuk\u00ebs<\/p><\/div>\n","protected":false,"gt_translate_keys":[{"key":"rendered","format":"html"}]},"excerpt":{"rendered":"<p>Prej dy dit\u00ebsh, Kryeministri Edi Rama ndodhet n\u00eb nj\u00eb vizit\u00eb zyrtare n\u00eb qytetin e Kuk\u00ebsit, ku sot u zhvillua edhe mbledhja e qeveris\u00eb. Me protesta u prit kreu i qeveris\u00eb n\u00eb k\u00ebt\u00eb qytet nga t\u00eb rinjt\u00eb dhe qytetar\u00ebt. \u201cRama ik\u201d, \u201cTurp Turp\u201d, ishin thirrjet dje t\u00eb protestuesve dhe k\u00ebta t\u00eb fundit nuk kursyen\u00a0\u00a0flakadan\u00ebt n\u00eb drejtim [&hellip;]<\/p>\n","protected":false,"gt_translate_keys":[{"key":"rendered","format":"html"}]},"author":30,"featured_media":246008,"comment_status":"open","ping_status":"open","sticky":false,"template":"","format":"standard","meta":{"footnotes":""},"categories":[65],"tags":[],"class_list":["post-246007","post","type-post","status-publish","format-standard","has-post-thumbnail","hentry","category-lajme"],"gt_translate_keys":[{"key":"link","format":"url"}],"_links":{"self":[{"href":"https:\/\/www.hashtag.al\/index.php\/wp-json\/wp\/v2\/posts\/246007","targetHints":{"allow":["GET"]}}],"collection":[{"href":"https:\/\/www.hashtag.al\/index.php\/wp-json\/wp\/v2\/posts"}],"about":[{"href":"https:\/\/www.hashtag.al\/index.php\/wp-json\/wp\/v2\/types\/post"}],"author":[{"embeddable":true,"href":"https:\/\/www.hashtag.al\/index.php\/wp-json\/wp\/v2\/users\/30"}],"replies":[{"embeddable":true,"href":"https:\/\/www.hashtag.al\/index.php\/wp-json\/wp\/v2\/comments?post=246007"}],"version-history":[{"count":0,"href":"https:\/\/www.hashtag.al\/index.php\/wp-json\/wp\/v2\/posts\/246007\/revisions"}],"wp:featuredmedia":[{"embeddable":true,"href":"https:\/\/www.hashtag.al\/index.php\/wp-json\/wp\/v2\/media\/246008"}],"wp:attachment":[{"href":"https:\/\/www.hashtag.al\/index.php\/wp-json\/wp\/v2\/media?parent=246007"}],"wp:term":[{"taxonomy":"category","embeddable":true,"href":"https:\/\/www.hashtag.al\/index.php\/wp-json\/wp\/v2\/categories?post=246007"},{"taxonomy":"post_tag","embeddable":true,"href":"https:\/\/www.hashtag.al\/index.php\/wp-json\/wp\/v2\/tags?post=246007"}],"curies":[{"name":"wp","href":"https:\/\/api.w.org\/{rel}","templated":true}]}}