{"id":245988,"date":"2018-10-31T16:22:02","date_gmt":"2018-10-31T15:22:02","guid":{"rendered":"https:\/\/hashtag.al\/?p=245988"},"modified":"2018-10-31T16:25:11","modified_gmt":"2018-10-31T15:25:11","slug":"kryeprokurori-turk-gazetari-saudit-u-vra-sapo-hyri-ne-konsullate-dhe-trupi-i-tij-u-coptua","status":"publish","type":"post","link":"https:\/\/www.hashtag.al\/index.php\/2018\/10\/31\/kryeprokurori-turk-gazetari-saudit-u-vra-sapo-hyri-ne-konsullate-dhe-trupi-i-tij-u-coptua\/","title":{"rendered":"Kryeprokurori turk: Gazetari saudit u vra sapo hyri n\u00eb konsullat\u00eb dhe trupi i tij u coptua","gt_translate_keys":[{"key":"rendered","format":"text"}]},"content":{"rendered":"<p><img loading=\"lazy\" decoding=\"async\" class=\"alignnone size-full wp-image-243772\" src=\"https:\/\/hashtag.al\/wp-content\/uploads\/2018\/10\/gazetari-3.jpg\" alt=\"\" width=\"800\" height=\"450\" srcset=\"https:\/\/www.hashtag.al\/wp-content\/uploads\/2018\/10\/gazetari-3.jpg 800w, https:\/\/www.hashtag.al\/wp-content\/uploads\/2018\/10\/gazetari-3-300x169.jpg 300w, https:\/\/www.hashtag.al\/wp-content\/uploads\/2018\/10\/gazetari-3-768x432.jpg 768w\" sizes=\"auto, (max-width: 800px) 100vw, 800px\" \/><\/p>\n<p><span style=\"color: #000000;\">&#8220;Gazetari Jamal Khashoggi u vra menj\u00ebher\u00eb pasi hyri n\u00eb konsullat\u00ebn saudite n\u00eb Stamboll&#8221;. K\u00ebshtu ka konfirumuar s\u00eb fundmi nj\u00eb prokuror turk, Irfan Fidan duke shtuar se trupi i tij ishte &#8220;i prer\u00eb n\u00eb copa copa&#8221; pas vrasjes. Ai tha se operacioni ka qen\u00eb i paramenduar dhe se Khashoggi u vra shum\u00eb shpejt pasi hyri n\u00eb konsullat\u00eb.<\/span><\/p>\n<p><span style=\"color: #000000;\">Deklarata e tij vjen pasi prokurori i p\u00ebrgjithsh\u00ebm saudit, Saud al-Mojeb, p\u00ebrfundoi vizit\u00ebn n\u00eb Stamboll, n\u00eb lidhje me hetimet e rastit.<\/span><\/p>\n<p><span style=\"color: #000000;\">Khashoggi,\u00a0 n\u00eb gazet\u00ebn Washington Post dhe kritik i princit saudit t\u00eb kuror\u00ebs, Mohammed bin Salman, \u00ebsht\u00eb par\u00eb p\u00ebr her\u00eb t\u00eb fundit m\u00eb 2 tetor, duke hyr\u00eb n\u00eb konsullat\u00ebn saudite n\u00eb Stamboll.<\/span><\/p>\n<p><span style=\"color: #000000;\">Pas mohimeve p\u00ebr disa dit\u00eb, autoritetet saudite e kan\u00eb pranuar m\u00eb 20 tetor se ai \u00ebsht\u00eb vrar\u00eb gjat\u00eb nj\u00eb procesi t\u00eb marrjes n\u00eb pyetje, i cili, si\u00e7 \u00ebsht\u00eb th\u00ebn\u00eb, ka shkuar keq. Trupi i Khashoggit nuk \u00ebsht\u00eb gjetur ende.<\/span><\/p>\n<p>Burimi: <a href=\"https:\/\/www.rt.com\/news\/442746-khashoggi-strangled-planned-murder\/?fbclid=IwAR0aXbmRsDfGmgMSjgzdN4c4AlP5gvaF-TDCkgaQx-sXXrhhTbGTBfc-8bU\">RT<\/a><\/p>\n<div id=\"attachment_245990\" style=\"width: 910px\" class=\"wp-caption alignnone\"><img loading=\"lazy\" decoding=\"async\" aria-describedby=\"caption-attachment-245990\" class=\"wp-image-245990 size-full\" src=\"https:\/\/hashtag.al\/wp-content\/uploads\/2018\/10\/prokurori-arab.jpg\" alt=\"\" width=\"900\" height=\"506\" srcset=\"https:\/\/www.hashtag.al\/wp-content\/uploads\/2018\/10\/prokurori-arab.jpg 900w, https:\/\/www.hashtag.al\/wp-content\/uploads\/2018\/10\/prokurori-arab-300x169.jpg 300w, https:\/\/www.hashtag.al\/wp-content\/uploads\/2018\/10\/prokurori-arab-768x432.jpg 768w\" sizes=\"auto, (max-width: 900px) 100vw, 900px\" \/><p id=\"caption-attachment-245990\" class=\"wp-caption-text\">Prokurori i P\u00ebrgjithsh\u00ebm saudit, Saud al-Mojeb<\/p><\/div>\n<p><img loading=\"lazy\" decoding=\"async\" class=\"alignnone size-full wp-image-245991\" src=\"https:\/\/hashtag.al\/wp-content\/uploads\/2018\/10\/77-4.jpg\" alt=\"\" width=\"900\" height=\"592\" srcset=\"https:\/\/www.hashtag.al\/wp-content\/uploads\/2018\/10\/77-4.jpg 900w, https:\/\/www.hashtag.al\/wp-content\/uploads\/2018\/10\/77-4-300x197.jpg 300w, https:\/\/www.hashtag.al\/wp-content\/uploads\/2018\/10\/77-4-768x505.jpg 768w\" sizes=\"auto, (max-width: 900px) 100vw, 900px\" \/><\/p>\n","protected":false,"gt_translate_keys":[{"key":"rendered","format":"html"}]},"excerpt":{"rendered":"<p>&#8220;Gazetari Jamal Khashoggi u vra menj\u00ebher\u00eb pasi hyri n\u00eb konsullat\u00ebn saudite n\u00eb Stamboll&#8221;. K\u00ebshtu ka konfirumuar s\u00eb fundmi nj\u00eb prokuror turk, Irfan Fidan duke shtuar se trupi i tij ishte &#8220;i prer\u00eb n\u00eb copa copa&#8221; pas vrasjes. Ai tha se operacioni ka qen\u00eb i paramenduar dhe se Khashoggi u vra shum\u00eb shpejt pasi hyri n\u00eb [&hellip;]<\/p>\n","protected":false,"gt_translate_keys":[{"key":"rendered","format":"html"}]},"author":30,"featured_media":243772,"comment_status":"open","ping_status":"open","sticky":false,"template":"","format":"standard","meta":{"footnotes":""},"categories":[65],"tags":[],"class_list":["post-245988","post","type-post","status-publish","format-standard","has-post-thumbnail","hentry","category-lajme"],"gt_translate_keys":[{"key":"link","format":"url"}],"_links":{"self":[{"href":"https:\/\/www.hashtag.al\/index.php\/wp-json\/wp\/v2\/posts\/245988","targetHints":{"allow":["GET"]}}],"collection":[{"href":"https:\/\/www.hashtag.al\/index.php\/wp-json\/wp\/v2\/posts"}],"about":[{"href":"https:\/\/www.hashtag.al\/index.php\/wp-json\/wp\/v2\/types\/post"}],"author":[{"embeddable":true,"href":"https:\/\/www.hashtag.al\/index.php\/wp-json\/wp\/v2\/users\/30"}],"replies":[{"embeddable":true,"href":"https:\/\/www.hashtag.al\/index.php\/wp-json\/wp\/v2\/comments?post=245988"}],"version-history":[{"count":0,"href":"https:\/\/www.hashtag.al\/index.php\/wp-json\/wp\/v2\/posts\/245988\/revisions"}],"wp:featuredmedia":[{"embeddable":true,"href":"https:\/\/www.hashtag.al\/index.php\/wp-json\/wp\/v2\/media\/243772"}],"wp:attachment":[{"href":"https:\/\/www.hashtag.al\/index.php\/wp-json\/wp\/v2\/media?parent=245988"}],"wp:term":[{"taxonomy":"category","embeddable":true,"href":"https:\/\/www.hashtag.al\/index.php\/wp-json\/wp\/v2\/categories?post=245988"},{"taxonomy":"post_tag","embeddable":true,"href":"https:\/\/www.hashtag.al\/index.php\/wp-json\/wp\/v2\/tags?post=245988"}],"curies":[{"name":"wp","href":"https:\/\/api.w.org\/{rel}","templated":true}]}}