{"id":245985,"date":"2018-10-31T15:55:35","date_gmt":"2018-10-31T14:55:35","guid":{"rendered":"https:\/\/hashtag.al\/?p=245985"},"modified":"2018-10-31T15:58:15","modified_gmt":"2018-10-31T14:58:15","slug":"noka-rames-burrat-ne-veri-nuk-jane-si-ti-i-repektojne-grate-jane-punetore","status":"publish","type":"post","link":"https:\/\/www.hashtag.al\/index.php\/2018\/10\/31\/noka-rames-burrat-ne-veri-nuk-jane-si-ti-i-repektojne-grate-jane-punetore\/","title":{"rendered":"Noka-Ram\u00ebs: Burrat n\u00eb veri nuk jan\u00eb si ti, i repektojn\u00eb grat\u00eb, jan\u00eb pun\u00ebtor\u00eb","gt_translate_keys":[{"key":"rendered","format":"text"}]},"content":{"rendered":"<div class=\"article-introtext\">\n<p><img loading=\"lazy\" decoding=\"async\" class=\"alignnone size-full wp-image-113287\" src=\"https:\/\/hashtag.al\/wp-content\/uploads\/2017\/04\/nokaaaa-c1200x600.jpg\" alt=\"\" width=\"1200\" height=\"600\" \/><\/p>\n<p><span style=\"color: #000000;\">Deputeti demokrat Flamur Noka i \u00ebsht\u00eb p\u00ebrgjigjur kryeministrit Edi Rama n\u00eb lidhje me reagimin q\u00eb ky i fundit b\u00ebri p\u00ebr kuksian\u00ebt q\u00eb protestuan kund\u00ebr tij. Noka \u00ebsht\u00eb shprehur se kur t\u00eb flas\u00eb p\u00ebr Kuk\u00ebsin duhet ta mbaj\u00eb goj\u00ebn e shthurur.\u00a0<\/span><\/p>\n<\/div>\n<div class=\"article-fulltext\">\n<p><span style=\"color: #000000;\">&#8220;Edvin! Kur te flasesh per Kukesin, duhet te mbash gojen e shthurur, se burrat ne veri nuk jane si ty Edi Rama! Ne Kukes grate i respektojme, nuk i rrahim, nuk i percmojme, nuk i padisim per atesine e femijes. Burrat andej nga ne jane punetore, por ti s\u2019u ofrove asnje shans keto vite te pushtetit tend barbar. Na ke pare me urrejtje! E ke shpopulluar Kukesin dhe gjithe Veriun duke i detyruar te ikin emigrante qe te mbajne grate dhe femijet, pra, familjen qe per burrat e Veri<span class=\"text_exposed_show\">ut eshte e shenjte.<\/span><\/span><\/p>\n<div class=\"text_exposed_show\">\n<p><span style=\"color: #000000;\">Po ku kupton ti nga shenjteria e familjes dhe nga puna e ndershme? Ti je shoku i Elvis Roshit, perdhunes grash, je shoku i Arben Ndokes , trafikant grash.<\/span><\/p>\n<\/div>\n<p><span style=\"color: #000000;\">M\u00eb her\u00ebt Rama u shpreh me ironi p\u00ebr protest\u00ebn e djeshme. &#8220;M\u00eb paskan d\u00ebbuar nga Kuk\u00ebsi 50 figurant\u00eb me tre kapsolla, mbledhur qorrazi p\u00ebr nj\u00eb xhirim t\u00eb Kinoshqupit. T\u00eb fala nga Shishtaveci dhe k\u00ebshtu me kapsolla ngjyr\u00eb Rilindjee d\u00ebbofshi qeverin\u00eb deri n\u00eb qershor, kur edhe qielli i Kuk\u00ebsit do t\u00eb marr\u00eb at\u00eb ngjyr\u00eb, si krejt Shqip\u00ebria.&#8221;u shpreh Rama n\u00eb lidhje me protest\u00ebn e djeshme n\u00eb Kuk\u00ebs.\u00a0<\/span><\/p>\n<p><img loading=\"lazy\" decoding=\"async\" class=\"alignnone size-full wp-image-111917\" src=\"https:\/\/hashtag.al\/wp-content\/uploads\/2017\/04\/Ministri-i-Brendshem-Flamur-Noka-gjate-nje-konferene-per-shtyp_2016_05_26_16.jpg\" alt=\"\" width=\"2592\" height=\"1728\" \/><\/p>\n<\/div>\n<p>&nbsp;<\/p>\n","protected":false,"gt_translate_keys":[{"key":"rendered","format":"html"}]},"excerpt":{"rendered":"<p>Deputeti demokrat Flamur Noka i \u00ebsht\u00eb p\u00ebrgjigjur kryeministrit Edi Rama n\u00eb lidhje me reagimin q\u00eb ky i fundit b\u00ebri p\u00ebr kuksian\u00ebt q\u00eb protestuan kund\u00ebr tij. Noka \u00ebsht\u00eb shprehur se kur t\u00eb flas\u00eb p\u00ebr Kuk\u00ebsin duhet ta mbaj\u00eb goj\u00ebn e shthurur.\u00a0 &#8220;Edvin! Kur te flasesh per Kukesin, duhet te mbash gojen e shthurur, se burrat ne [&hellip;]<\/p>\n","protected":false,"gt_translate_keys":[{"key":"rendered","format":"html"}]},"author":30,"featured_media":113287,"comment_status":"open","ping_status":"open","sticky":false,"template":"","format":"standard","meta":{"footnotes":""},"categories":[65],"tags":[],"class_list":["post-245985","post","type-post","status-publish","format-standard","has-post-thumbnail","hentry","category-lajme"],"gt_translate_keys":[{"key":"link","format":"url"}],"_links":{"self":[{"href":"https:\/\/www.hashtag.al\/index.php\/wp-json\/wp\/v2\/posts\/245985","targetHints":{"allow":["GET"]}}],"collection":[{"href":"https:\/\/www.hashtag.al\/index.php\/wp-json\/wp\/v2\/posts"}],"about":[{"href":"https:\/\/www.hashtag.al\/index.php\/wp-json\/wp\/v2\/types\/post"}],"author":[{"embeddable":true,"href":"https:\/\/www.hashtag.al\/index.php\/wp-json\/wp\/v2\/users\/30"}],"replies":[{"embeddable":true,"href":"https:\/\/www.hashtag.al\/index.php\/wp-json\/wp\/v2\/comments?post=245985"}],"version-history":[{"count":0,"href":"https:\/\/www.hashtag.al\/index.php\/wp-json\/wp\/v2\/posts\/245985\/revisions"}],"wp:featuredmedia":[{"embeddable":true,"href":"https:\/\/www.hashtag.al\/index.php\/wp-json\/"}],"wp:attachment":[{"href":"https:\/\/www.hashtag.al\/index.php\/wp-json\/wp\/v2\/media?parent=245985"}],"wp:term":[{"taxonomy":"category","embeddable":true,"href":"https:\/\/www.hashtag.al\/index.php\/wp-json\/wp\/v2\/categories?post=245985"},{"taxonomy":"post_tag","embeddable":true,"href":"https:\/\/www.hashtag.al\/index.php\/wp-json\/wp\/v2\/tags?post=245985"}],"curies":[{"name":"wp","href":"https:\/\/api.w.org\/{rel}","templated":true}]}}