{"id":245968,"date":"2018-10-31T14:35:15","date_gmt":"2018-10-31T13:35:15","guid":{"rendered":"https:\/\/hashtag.al\/?p=245968"},"modified":"2018-10-31T14:38:42","modified_gmt":"2018-10-31T13:38:42","slug":"taullai-peposhi-avdylaj-arapi-shqopa-e-hoxha-cfare-e-lidh-gjushin-me-keto-emra-salianji","status":"publish","type":"post","link":"https:\/\/www.hashtag.al\/index.php\/2018\/10\/31\/taullai-peposhi-avdylaj-arapi-shqopa-e-hoxha-cfare-e-lidh-gjushin-me-keto-emra-salianji\/","title":{"rendered":"&#8220;Taullai, Peposhi, Avdylaj, Arapi, Shqopa e Hoxha. \u00c7far\u00eb e lidh Gjushin me k\u00ebto emra?&#8221; &#8211; Salianji","gt_translate_keys":[{"key":"rendered","format":"text"}]},"content":{"rendered":"<p><img loading=\"lazy\" decoding=\"async\" class=\"aligncenter size-full wp-image-245969\" src=\"https:\/\/hashtag.al\/wp-content\/uploads\/2018\/10\/dako31tetor.jpg\" alt=\"\" width=\"1024\" height=\"512\" srcset=\"https:\/\/www.hashtag.al\/wp-content\/uploads\/2018\/10\/dako31tetor.jpg 1024w, https:\/\/www.hashtag.al\/wp-content\/uploads\/2018\/10\/dako31tetor-300x150.jpg 300w, https:\/\/www.hashtag.al\/wp-content\/uploads\/2018\/10\/dako31tetor-768x384.jpg 768w\" sizes=\"auto, (max-width: 1024px) 100vw, 1024px\" \/><\/p>\n<p><span style=\"color: #000000;\">Partia Demokratike ka denoncuar s\u00ebrish lidhjet e kryebashkiakut Vangjush Dako me an\u00ebtar\u00ebt e band\u00ebs s\u00eb Avdylajve. <\/span><\/p>\n<p><span style=\"color: #000000;\">Ka qen\u00eb deputeti Salianji q\u00eb n\u00eb nj\u00eb dalje p\u00ebr medat nga selia blu ka deklaruar se Dako duhet t\u00eb nd\u00ebshkohet dhe duhet arrestuar pa humbur koh\u00eb.<\/span><\/p>\n<p><span style=\"color: #000000;\">Pasi sipas PD-s\u00eb tashm\u00eb jan\u00eb faktuar t\u00eb gjith\u00eb lidhjet e tij me krimin p\u00ebr blerjen e votave n\u00eb zgjedhjet e fundit.<\/span><\/p>\n<p><span style=\"color: #000000;\"><strong>Deklarata e Salianjit<\/strong><\/span><\/p>\n<ul>\n<li><span style=\"color: #000000;\">Vangjush Dako i ka shp\u00ebrblyer kriminel\u00ebt me pasuri dhe pushtet n\u00eb Durr\u00ebs p\u00ebr blerjene votave p\u00ebr llogari t\u00eb pushtetit ilegjitim t\u00eb Edi Ram\u00ebs.<\/span><\/li>\n<li><span style=\"color: #000000;\">Krimi elektoral, blerja e votave nga bandat dhe shp\u00ebrblimi me pasuri t\u00eb tyre nga Vangjush Dako duhet t\u00eb nd\u00ebshkohet!\u00a0 Vangjush Dako duhet t\u00eb arrestohet pa vones\u00eb!<\/span><\/li>\n<li><span style=\"color: #000000;\">N\u00eb Shqip\u00ebri nuk ka p\u00ebr t\u00eb patur proces normal politik derisa krimi elektoral q\u00eb mban n\u00eb pushtet qeverin\u00eb ilegjitime t\u00eb Edi Ram\u00ebs, t\u00eb mos nd\u00ebshkohet!<\/span><\/li>\n<\/ul>\n<p><span style=\"color: #000000;\"><em>N\u00ebn drejtimin e bashkis\u00eb nga Vangjush Dako, Durr\u00ebsi \u00ebsht\u00eb ndar\u00eb n\u00eb parcela t\u00eb krimit me nj\u00eb q\u00ebllim t\u00eb vet\u00ebm: blerjen dhe sigurimin e votave p\u00ebr pushtetin e Edi Ram\u00ebs.\u00a0<\/em><\/span><\/p>\n<p><span style=\"color: #000000;\"><em>P\u00ebrgjimet n\u00eb dosjen 339 faktojn\u00eb se Vangjush Dako pasi i ka shp\u00ebrndar\u00eb kriminel\u00ebt p\u00ebr t\u00eb k\u00ebrc\u00ebnuar votuesit dhe p\u00ebr t\u00eb bler\u00eb vota, i ka shp\u00ebrblyer ata me pasuri dhe pushtet n\u00eb Durr\u00ebs.\u00a0<\/em><\/span><\/p>\n<p><span style=\"color: #000000;\"><em>Vangjush Dako, nj\u00ebsoj si Edi Rama, \u00ebsht\u00eb peng i krimit.\u00a0<\/em><\/span><\/p>\n<p><span style=\"color: #000000;\"><em>I vetmi ndryshim mes tyre \u00ebsht\u00eb se p\u00ebr Edi Ram\u00ebn nuk kan\u00eb dal\u00eb akoma p\u00ebrgjimet me kriminel\u00ebt, nd\u00ebrsa p\u00ebr Vangjush Dakon, tani e kemi t\u00eb provuar se i lutet kreut t\u00eb band\u00ebs s\u00eb Avdylajve p\u00ebr takim falenderues pas zgjedhjeve, ushtar\u00ebt me t\u00eb cil\u00ebt Dako komunikon\u00a0 refuzojn\u00eb ta shqet\u00ebsojn\u00eb bosin.\u00a0<\/em><\/span><\/p>\n<p><span style=\"color: #000000;\"><em>Vangjush Dako u betua se nuk u ka b\u00ebr\u00eb bandave asnj\u00eb favor, por Partia Demokratike provoi se Avdyljat kishin plazh privat\u00a0 n\u00eb Durr\u00ebs.\u00a0<\/em><\/span><\/p>\n<p><span style=\"color: #000000;\"><em>Vangjush Dako, p\u00ebrve\u00e7 p\u00ebrp\u00eblitjeve qesharake, nuk tha cili \u00ebsht\u00eb roli i tij n\u00eb zgjerimin e biznesit t\u00eb Avdylajve.\u00a0<\/em><\/span><\/p>\n<p><span style=\"color: #000000;\"><em>A e ka takuar Gjushi Cinen, nj\u00eb nga an\u00ebtar e band\u00ebs, p\u00ebr t\u2019i siguruar nd\u00ebrtimin e Avdylajve n\u00eb det?\u00a0<\/em><\/span><\/p>\n<p><span style=\"color: #000000;\"><em>Vangjush Dako duhet t\u00eb thot\u00eb mbi \u00e7far\u00eb kriteresh Peposh\u00ebt e Durr\u00ebsit, q\u00eb terrorizuan zon\u00ebn e Shkozetit gjat\u00eb zgjedhjeve, kan\u00eb marr\u00eb parkimin tek sheshi i Stacionit t\u00eb Trenit.\u00a0\u00a0<\/em><\/span><\/p>\n<p><span style=\"color: #000000;\"><em>Vangjush Dako duhet t\u00eb thot\u00eb mbi \u00e7far\u00eb kriteresh em\u00ebroi administrator n\u00eb Sukth Bert Hoxh\u00ebn person me precedent\u00eb t\u00eb r\u00ebnd\u00eb kriminale bashk\u00eb me v\u00ebllain e tij G\u00ebzim Dankshi\/Hoxha i cili u shpall n\u00eb k\u00ebrkim, pasi sulmoi me arm\u00eb p\u00ebrfaq\u00ebsuesit e PD n\u00eb fushat\u00ebn e Dakos 3 vjet m\u00eb par\u00eb.\u00a0\u00a0<\/em><\/span><\/p>\n<p><span style=\"color: #000000;\"><em>Po persona t\u00eb tjer\u00eb t\u00eb lidhur me bandat e Durr\u00ebsit apo t\u00eb d\u00ebnuar vet\u00eb p\u00ebr krime, q\u00eb kan\u00eb mbledhur vota p\u00ebr Edi Ram\u00ebn n\u00eb zgjedhje, si:<\/em><\/span><\/p>\n<p><span style=\"color: #000000;\"><em>Rud Taullai me linjat e transportit urban ka p\u00ebrfituar privilegjet e pushtetit t\u00eb Vangjush Dakos dhe Edi Ram\u00ebs?<\/em><\/span><\/p>\n<p><span style=\"color: #000000;\"><em>Kep Arapi me nd\u00ebrtime n\u00eb mij\u00ebra metra katror\u00eb tek Gjiri i Lalzit?<\/em><\/span><\/p>\n<p><span style=\"color: #000000;\"><em>Ron Shqopa, Drejtor i r\u00ebnd\u00ebsish\u00ebm n\u00eb Durr\u00ebs?<\/em><\/span><\/p>\n<p><span style=\"color: #000000;\"><em>Mbi \u00e7far\u00eb kriteresh i kan\u00eb p\u00ebrfituar ata privilegjet e pushtetit t\u00eb Vangjush Dakos dhe Edi Ram\u00ebs?<\/em><\/span><\/p>\n<p><span style=\"color: #000000;\"><em>P\u00ebr k\u00ebt\u00eb ka vet\u00ebm nj\u00eb p\u00ebrgjigje. Krimi elektoral i lidh t\u00eb gjith\u00eb k\u00ebta bashk\u00eb.\u00a0<\/em><\/span><\/p>\n<p><span style=\"color: #000000;\"><em>Krimi elektoral, blerja e votave nga bandat dhe shp\u00ebrblimi me pasuri t\u00eb tyre nga Vangjush Dako duhet t\u00eb nd\u00ebshkohet!\u00a0<\/em><\/span><\/p>\n<p><span style=\"color: #000000;\"><em>Vangjush Dako duhet t\u00eb arrestohet pa vones\u00eb!\u00a0<\/em><\/span><\/p>\n<p><span style=\"color: #000000;\"><em>N\u00eb Shqip\u00ebri nuk ka p\u00ebr t\u00eb patur proces normal politik derisa krimi elektoral q\u00eb mban n\u00eb pushtet qeverin\u00eb ilegjitime t\u00eb Edi Ram\u00ebs, t\u00eb mos nd\u00ebshkohet!<\/em><\/span><\/p>\n<p><img loading=\"lazy\" decoding=\"async\" class=\"aligncenter size-full wp-image-245970\" src=\"https:\/\/hashtag.al\/wp-content\/uploads\/2018\/10\/IMG_9253.jpg\" alt=\"\" width=\"2592\" height=\"1728\" srcset=\"https:\/\/www.hashtag.al\/wp-content\/uploads\/2018\/10\/IMG_9253.jpg 2592w, https:\/\/www.hashtag.al\/wp-content\/uploads\/2018\/10\/IMG_9253-300x200.jpg 300w, https:\/\/www.hashtag.al\/wp-content\/uploads\/2018\/10\/IMG_9253-768x512.jpg 768w, https:\/\/www.hashtag.al\/wp-content\/uploads\/2018\/10\/IMG_9253-1024x683.jpg 1024w\" sizes=\"auto, (max-width: 2592px) 100vw, 2592px\" \/><\/p>\n","protected":false,"gt_translate_keys":[{"key":"rendered","format":"html"}]},"excerpt":{"rendered":"<p>Partia Demokratike ka denoncuar s\u00ebrish lidhjet e kryebashkiakut Vangjush Dako me an\u00ebtar\u00ebt e band\u00ebs s\u00eb Avdylajve. Ka qen\u00eb deputeti Salianji q\u00eb n\u00eb nj\u00eb dalje p\u00ebr medat nga selia blu ka deklaruar se Dako duhet t\u00eb nd\u00ebshkohet dhe duhet arrestuar pa humbur koh\u00eb. Pasi sipas PD-s\u00eb tashm\u00eb jan\u00eb faktuar t\u00eb gjith\u00eb lidhjet e tij me krimin [&hellip;]<\/p>\n","protected":false,"gt_translate_keys":[{"key":"rendered","format":"html"}]},"author":51,"featured_media":245971,"comment_status":"open","ping_status":"open","sticky":false,"template":"","format":"standard","meta":{"footnotes":""},"categories":[65],"tags":[],"class_list":["post-245968","post","type-post","status-publish","format-standard","has-post-thumbnail","hentry","category-lajme"],"gt_translate_keys":[{"key":"link","format":"url"}],"_links":{"self":[{"href":"https:\/\/www.hashtag.al\/index.php\/wp-json\/wp\/v2\/posts\/245968","targetHints":{"allow":["GET"]}}],"collection":[{"href":"https:\/\/www.hashtag.al\/index.php\/wp-json\/wp\/v2\/posts"}],"about":[{"href":"https:\/\/www.hashtag.al\/index.php\/wp-json\/wp\/v2\/types\/post"}],"author":[{"embeddable":true,"href":"https:\/\/www.hashtag.al\/index.php\/wp-json\/wp\/v2\/users\/51"}],"replies":[{"embeddable":true,"href":"https:\/\/www.hashtag.al\/index.php\/wp-json\/wp\/v2\/comments?post=245968"}],"version-history":[{"count":0,"href":"https:\/\/www.hashtag.al\/index.php\/wp-json\/wp\/v2\/posts\/245968\/revisions"}],"wp:featuredmedia":[{"embeddable":true,"href":"https:\/\/www.hashtag.al\/index.php\/wp-json\/wp\/v2\/media\/245971"}],"wp:attachment":[{"href":"https:\/\/www.hashtag.al\/index.php\/wp-json\/wp\/v2\/media?parent=245968"}],"wp:term":[{"taxonomy":"category","embeddable":true,"href":"https:\/\/www.hashtag.al\/index.php\/wp-json\/wp\/v2\/categories?post=245968"},{"taxonomy":"post_tag","embeddable":true,"href":"https:\/\/www.hashtag.al\/index.php\/wp-json\/wp\/v2\/tags?post=245968"}],"curies":[{"name":"wp","href":"https:\/\/api.w.org\/{rel}","templated":true}]}}