{"id":245819,"date":"2018-10-31T07:34:14","date_gmt":"2018-10-31T06:34:14","guid":{"rendered":"https:\/\/hashtag.al\/?p=245819"},"modified":"2018-10-31T07:34:54","modified_gmt":"2018-10-31T06:34:54","slug":"serish-protesta-ne-athine-digjet-flamuri-shqiptar-video","status":"publish","type":"post","link":"https:\/\/www.hashtag.al\/index.php\/2018\/10\/31\/serish-protesta-ne-athine-digjet-flamuri-shqiptar-video\/","title":{"rendered":"S\u00ebrish protesta n\u00eb Athin\u00eb, digjet flamuri shqiptar (VIDEO)","gt_translate_keys":[{"key":"rendered","format":"text"}]},"content":{"rendered":"<p><img loading=\"lazy\" decoding=\"async\" class=\"aligncenter size-full wp-image-245820\" src=\"https:\/\/hashtag.al\/wp-content\/uploads\/2018\/10\/athine.jpg\" alt=\"\" width=\"1044\" height=\"549\" srcset=\"https:\/\/www.hashtag.al\/wp-content\/uploads\/2018\/10\/athine.jpg 1044w, https:\/\/www.hashtag.al\/wp-content\/uploads\/2018\/10\/athine-300x158.jpg 300w, https:\/\/www.hashtag.al\/wp-content\/uploads\/2018\/10\/athine-768x404.jpg 768w, https:\/\/www.hashtag.al\/wp-content\/uploads\/2018\/10\/athine-1024x538.jpg 1024w\" sizes=\"auto, (max-width: 1044px) 100vw, 1044px\" \/><\/p>\n<p><span style=\"color: #000000;\">Vazhdojn\u00eb gjestet e urrejtjes mes grek\u00ebve dhe shqiptar\u00ebve n\u00eb Athin\u00eb, pas vrasjes s\u00eb minoritarit Kostandin Kacifa.<\/span><\/p>\n<p><span style=\"color: #000000;\">Gjat\u00eb nj\u00eb tubimi t\u00eb zhvilluar n\u00eb Athin\u00eb mbr\u00ebmjen e djeshme, protestuesit grek\u00eb dogj\u00ebn flamurin shqiptar.<\/span><\/p>\n<p><span style=\"color: #000000;\">Protestuesit u mblodh\u00ebn pas nj\u00eb thirrjeje t\u00eb organizator\u00ebve p\u00ebrmes internetit dhe k\u00ebrkuan q\u00eb qeveria greke t\u00eb k\u00ebrkoj\u00eb sqarime n\u00eb lidhje me vrasjen e 35-vje\u00e7arit.<\/span><\/p>\n<p><span style=\"color: #000000;\">Ekstremiz\u00ebm n\u00eb reagime, protesta dhe thirrje raciste ndaj shqiptar\u00ebve n\u00eb vendin fqinj dhe g\u00ebzimi i pakuptimt\u00eb i shqiptar\u00ebve p\u00ebr vrasjen e minoritarit, t\u00eb gjitha k\u00ebto kan\u00eb shoq\u00ebruar ngjarjen.<\/span><\/p>\n<p><span style=\"color: #000000;\">Akti ndaj simbolit ton\u00eb komb\u00ebtar sipas mediave greke ka ndodhur gjat\u00eb protest\u00ebs p\u00ebr vrasjen e Kacifas nga fshati Bularat i Gjirokastr\u00ebs, t\u00eb cil\u00ebn mediat greke e quajn\u00eb Epiri i Veriut.<\/span><\/p>\n<p><span style=\"color: #000000;\">E gjitha nisi dit\u00ebn e djel\u00eb, n\u00eb fshatin Bularat t\u00eb Bashkis\u00eb Dropull\u00a0n\u00eb Gjirokast\u00ebr, ku rreth or\u00ebs 10.00, ka pasur t\u00eb sht\u00ebna me arm\u00eb zjarri. Sipas policis\u00eb shqiptare, personi q\u00eb ka q\u00eblluar me arm\u00eb zjarri ishte Kostandinos Kacifa.<\/span><\/p>\n<p><span style=\"color: #000000;\">Kur kan\u00eb mb\u00ebrritur n\u00eb vendngjarje, punonj\u00ebsit e Policis\u00eb jan\u00eb sulmuar me arm\u00eb zjarri nga nj\u00eb person i veshur me uniform\u00eb ushtarake, Kostandinos Kacifa. Nga zjarri i hapur kund\u00ebr personelit t\u00eb policis\u00eb u godit dhe u d\u00ebmtua automjeti i policis\u00eb. Lajmi u b\u00eb publik n\u00eb media, ku policia njoftonte se ishte v\u00ebn\u00eb n\u00eb ndjekje t\u00eb minoritarit grek.<\/span><\/p>\n<p><span style=\"color: #000000;\">Pasi kan\u00eb marr\u00eb p\u00ebrforcime dhe kan\u00eb lokalizuar Kacifasi-n n\u00eb nj\u00eb shpat mali mbi fshatin Bularat, mes forcave speciale dhe Kacifas ka nisur nj\u00eb p\u00ebrplasje me arm\u00eb, nga t\u00eb cilat ka mbetur i vrar\u00eb minoritari.<\/span><\/p>\n<p><iframe loading=\"lazy\" title=\"Ora News - Athin\u00eb, digjet flamuri shqiptar\" width=\"1170\" height=\"658\" src=\"https:\/\/www.youtube.com\/embed\/DGpX7n9IptQ?start=14&#038;feature=oembed\" frameborder=\"0\" allow=\"accelerometer; autoplay; clipboard-write; encrypted-media; gyroscope; picture-in-picture\" allowfullscreen><\/iframe><\/p>\n","protected":false,"gt_translate_keys":[{"key":"rendered","format":"html"}]},"excerpt":{"rendered":"<p>Vazhdojn\u00eb gjestet e urrejtjes mes grek\u00ebve dhe shqiptar\u00ebve n\u00eb Athin\u00eb, pas vrasjes s\u00eb minoritarit Kostandin Kacifa. Gjat\u00eb nj\u00eb tubimi t\u00eb zhvilluar n\u00eb Athin\u00eb mbr\u00ebmjen e djeshme, protestuesit grek\u00eb dogj\u00ebn flamurin shqiptar. Protestuesit u mblodh\u00ebn pas nj\u00eb thirrjeje t\u00eb organizator\u00ebve p\u00ebrmes internetit dhe k\u00ebrkuan q\u00eb qeveria greke t\u00eb k\u00ebrkoj\u00eb sqarime n\u00eb lidhje me vrasjen e 35-vje\u00e7arit. [&hellip;]<\/p>\n","protected":false,"gt_translate_keys":[{"key":"rendered","format":"html"}]},"author":30,"featured_media":0,"comment_status":"open","ping_status":"open","sticky":false,"template":"","format":"standard","meta":{"footnotes":""},"categories":[149],"tags":[],"class_list":["post-245819","post","type-post","status-publish","format-standard","hentry","category-kosoverajon"],"gt_translate_keys":[{"key":"link","format":"url"}],"_links":{"self":[{"href":"https:\/\/www.hashtag.al\/index.php\/wp-json\/wp\/v2\/posts\/245819","targetHints":{"allow":["GET"]}}],"collection":[{"href":"https:\/\/www.hashtag.al\/index.php\/wp-json\/wp\/v2\/posts"}],"about":[{"href":"https:\/\/www.hashtag.al\/index.php\/wp-json\/wp\/v2\/types\/post"}],"author":[{"embeddable":true,"href":"https:\/\/www.hashtag.al\/index.php\/wp-json\/wp\/v2\/users\/30"}],"replies":[{"embeddable":true,"href":"https:\/\/www.hashtag.al\/index.php\/wp-json\/wp\/v2\/comments?post=245819"}],"version-history":[{"count":0,"href":"https:\/\/www.hashtag.al\/index.php\/wp-json\/wp\/v2\/posts\/245819\/revisions"}],"wp:attachment":[{"href":"https:\/\/www.hashtag.al\/index.php\/wp-json\/wp\/v2\/media?parent=245819"}],"wp:term":[{"taxonomy":"category","embeddable":true,"href":"https:\/\/www.hashtag.al\/index.php\/wp-json\/wp\/v2\/categories?post=245819"},{"taxonomy":"post_tag","embeddable":true,"href":"https:\/\/www.hashtag.al\/index.php\/wp-json\/wp\/v2\/tags?post=245819"}],"curies":[{"name":"wp","href":"https:\/\/api.w.org\/{rel}","templated":true}]}}