{"id":245440,"date":"2018-10-29T19:28:26","date_gmt":"2018-10-29T18:28:26","guid":{"rendered":"https:\/\/hashtag.al\/?p=245440"},"modified":"2018-10-29T19:29:36","modified_gmt":"2018-10-29T18:29:36","slug":"berisha-gjushi-i-dergon-parate-me-valixhe-rames-e-ka-thene-gruaja-e-kryebashkiakut","status":"publish","type":"post","link":"https:\/\/www.hashtag.al\/index.php\/2018\/10\/29\/berisha-gjushi-i-dergon-parate-me-valixhe-rames-e-ka-thene-gruaja-e-kryebashkiakut\/","title":{"rendered":"Berisha: Gjushi i d\u00ebrgon parat\u00eb me valixhe Ram\u00ebs, e ka th\u00ebn\u00eb gruaja e kryebashkiakut","gt_translate_keys":[{"key":"rendered","format":"text"}]},"content":{"rendered":"<p><img loading=\"lazy\" decoding=\"async\" class=\"alignnone size-full wp-image-242663\" src=\"https:\/\/hashtag.al\/wp-content\/uploads\/2018\/10\/berisha-4.jpg\" alt=\"\" width=\"860\" height=\"492\" srcset=\"https:\/\/www.hashtag.al\/wp-content\/uploads\/2018\/10\/berisha-4.jpg 860w, https:\/\/www.hashtag.al\/wp-content\/uploads\/2018\/10\/berisha-4-300x172.jpg 300w, https:\/\/www.hashtag.al\/wp-content\/uploads\/2018\/10\/berisha-4-768x439.jpg 768w\" sizes=\"auto, (max-width: 860px) 100vw, 860px\" \/><\/p>\n<p><span style=\"color: #000000;\">Ish-kryeministri Sali Berisha ka deklaruar s\u00eb fundmi se Vangjush Dako i d\u00ebrgon para me valixhe kryeministrit Edi Rama.<\/span><\/p>\n<p><span style=\"color: #000000;\">Berisha ka publikuar mesazhin e nj\u00eb qytetareje q\u00eb i tregon nj\u00eb bised\u00eb, sipas saj t\u00eb bashk\u00ebshortes s\u00eb Vangjush Dakos n\u00eb parukeri.\u00a0<\/span><\/p>\n<div class=\"teads-adCall\"><strong><span style=\"color: #000000;\">\u00a0DENONCIMI I BERISH\u00cbS<\/span><\/strong><\/div>\n<p><span style=\"color: #000000;\">Gjushi i d\u00ebrgon parat\u00eb me valixhe Ram\u00ebs! Lexoni mesazhin e qytetares dixhitale. sb<\/span><br \/>\n<span style=\"color: #000000;\">P\u00ebrshendetje dr. ke shum\u00eb t\u00eb drejt\u00eb kur thua se Rama shiti Xhaf\u00ebn p\u00ebr Gjushin kjo \u00ebsht\u00eb shum\u00eb e v\u00ebrtet\u00eb. Para tre dit\u00ebsh isha n\u00eb parukeri dhe aty gjeta edhe zonj\u00ebn Dako e cila po i qahej parukieres si me z\u00eb t\u00eb ul\u00ebt duke i th\u00ebn\u00eb v\u00ebrtet Rama nuk e l\u00ebshon Gjushin por edhe ne ama prej vitesh jemi b\u00ebr\u00eb si me qen\u00eb banka e Edi Ram\u00ebs, muaj p\u00ebr muaj i \u00e7ojm\u00eb atij hisen por jo me zarfa por me valixhen plot\u00eb euro. Anonim ju lutem se k\u00ebta t\u00eb murosin n\u00eb beton.<\/span><\/p>\n<p><img loading=\"lazy\" decoding=\"async\" class=\"alignnone size-full wp-image-207755\" src=\"https:\/\/hashtag.al\/wp-content\/uploads\/2018\/06\/dako-1.jpg\" alt=\"\" width=\"645\" height=\"430\" \/><\/p>\n","protected":false,"gt_translate_keys":[{"key":"rendered","format":"html"}]},"excerpt":{"rendered":"<p>Ish-kryeministri Sali Berisha ka deklaruar s\u00eb fundmi se Vangjush Dako i d\u00ebrgon para me valixhe kryeministrit Edi Rama. Berisha ka publikuar mesazhin e nj\u00eb qytetareje q\u00eb i tregon nj\u00eb bised\u00eb, sipas saj t\u00eb bashk\u00ebshortes s\u00eb Vangjush Dakos n\u00eb parukeri.\u00a0 \u00a0DENONCIMI I BERISH\u00cbS Gjushi i d\u00ebrgon parat\u00eb me valixhe Ram\u00ebs! Lexoni mesazhin e qytetares dixhitale. sb [&hellip;]<\/p>\n","protected":false,"gt_translate_keys":[{"key":"rendered","format":"html"}]},"author":30,"featured_media":223049,"comment_status":"open","ping_status":"open","sticky":false,"template":"","format":"standard","meta":{"footnotes":""},"categories":[65],"tags":[],"class_list":["post-245440","post","type-post","status-publish","format-standard","has-post-thumbnail","hentry","category-lajme"],"gt_translate_keys":[{"key":"link","format":"url"}],"_links":{"self":[{"href":"https:\/\/www.hashtag.al\/index.php\/wp-json\/wp\/v2\/posts\/245440","targetHints":{"allow":["GET"]}}],"collection":[{"href":"https:\/\/www.hashtag.al\/index.php\/wp-json\/wp\/v2\/posts"}],"about":[{"href":"https:\/\/www.hashtag.al\/index.php\/wp-json\/wp\/v2\/types\/post"}],"author":[{"embeddable":true,"href":"https:\/\/www.hashtag.al\/index.php\/wp-json\/wp\/v2\/users\/30"}],"replies":[{"embeddable":true,"href":"https:\/\/www.hashtag.al\/index.php\/wp-json\/wp\/v2\/comments?post=245440"}],"version-history":[{"count":0,"href":"https:\/\/www.hashtag.al\/index.php\/wp-json\/wp\/v2\/posts\/245440\/revisions"}],"wp:featuredmedia":[{"embeddable":true,"href":"https:\/\/www.hashtag.al\/index.php\/wp-json\/"}],"wp:attachment":[{"href":"https:\/\/www.hashtag.al\/index.php\/wp-json\/wp\/v2\/media?parent=245440"}],"wp:term":[{"taxonomy":"category","embeddable":true,"href":"https:\/\/www.hashtag.al\/index.php\/wp-json\/wp\/v2\/categories?post=245440"},{"taxonomy":"post_tag","embeddable":true,"href":"https:\/\/www.hashtag.al\/index.php\/wp-json\/wp\/v2\/tags?post=245440"}],"curies":[{"name":"wp","href":"https:\/\/api.w.org\/{rel}","templated":true}]}}