{"id":245406,"date":"2018-10-29T17:18:13","date_gmt":"2018-10-29T16:18:13","guid":{"rendered":"https:\/\/hashtag.al\/?p=245406"},"modified":"2018-10-29T17:20:28","modified_gmt":"2018-10-29T16:20:28","slug":"policia-36-te-arrestuar-brenda-javes-enver-bajri-u-arrestua-fale-partneritetit-me-spanjen-dhe-italine","status":"publish","type":"post","link":"https:\/\/www.hashtag.al\/index.php\/2018\/10\/29\/policia-36-te-arrestuar-brenda-javes-enver-bajri-u-arrestua-fale-partneritetit-me-spanjen-dhe-italine\/","title":{"rendered":"Policia: 36 t\u00eb arrestuar brenda jav\u00ebs, Enver Bajri u arrestua fal\u00eb partneritetit me Spanj\u00ebn dhe Italin\u00eb","gt_translate_keys":[{"key":"rendered","format":"text"}]},"content":{"rendered":"<p>&nbsp;<\/p>\n<p><span style=\"color: #000000;\"><img loading=\"lazy\" decoding=\"async\" class=\"alignnone size-full wp-image-245407\" src=\"https:\/\/hashtag.al\/wp-content\/uploads\/2018\/10\/policia-4.png\" alt=\"\" width=\"680\" height=\"372\" srcset=\"https:\/\/www.hashtag.al\/wp-content\/uploads\/2018\/10\/policia-4.png 680w, https:\/\/www.hashtag.al\/wp-content\/uploads\/2018\/10\/policia-4-300x164.png 300w\" sizes=\"auto, (max-width: 680px) 100vw, 680px\" \/><\/span><\/p>\n<p><span style=\"color: #000000;\">N\u00eb nj\u00eb deklarat\u00eb p\u00ebr mediat Policia e Shtetit njoftoi se gjat\u00eb nj\u00eb jave jan\u00eb arrestuar 36 persona\u00a0<span class=\"text_exposed_show\">n\u00eb kuad\u00ebr t\u00eb operacionit \u201cNd\u00ebshkimi i \u2018t\u00eb fort\u00ebve\u201d.<br \/>\n<\/span><\/span><\/p>\n<p><span style=\"color: #000000;\">N\u00eb lidhje me arestin e Enver Bajrit n\u00eb Spanj\u00eb, policia njofton se ky arrestim erdhi fal\u00eb bashk\u00ebpunimit me partner\u00ebt spanjoll\u00eb e italian\u00eb.<\/span><\/p>\n<p><span style=\"color: #000000;\">&#8220;Fal\u00eb bashk\u00ebpunimit me partner\u00ebt spanjoll\u00eb e italian\u00eb, si\u00e7 \u00ebsht\u00eb b\u00ebr\u00eb e njohur p\u00ebr mediat, u ndalua i dyshuari si drejtues i grupit kriminal \u201cBajri\u201d, shtetasi Enver Bajri.&#8221;, njoftoi policia.\u00a0<\/span><\/p>\n<p><span class=\"text_exposed_show\" style=\"color: #000000;\"><strong>Deklarata e plot\u00eb:<\/strong><br \/>\n36 t\u00eb arrestuar n\u00eb nj\u00eb jav\u00eb n\u00eb kuad\u00ebr t\u00eb operacionit \u201cNd\u00ebshkimi i \u2018t\u00eb fort\u00ebve\u201d<\/span><\/p>\n<p><span style=\"color: #000000;\">Policia e Shtetit n\u00eb bashk\u00ebpunim me agjencit\u00eb e tjera ligj zbatuese dhe me mb\u00ebshtetje aktive nga partner\u00ebt nd\u00ebrkomb\u00ebtar\u00eb, \u00ebsht\u00eb e angazhuar n\u00eb luft\u00eb t\u00eb pa kompromis p\u00ebr parandalimin, identifikimin dhe goditjen e individ\u00ebve t\u00eb p\u00ebrfshir\u00eb n\u00eb veprimtari kriminale dhe ve\u00e7an\u00ebrisht krimit t\u00eb organizuar dhe grupeve kriminale n\u00eb vend.<\/span><\/p>\n<p><span style=\"color: #000000;\">Fal\u00eb bashk\u00ebpunimit me partner\u00ebt spanjoll\u00eb e italian\u00eb, si\u00e7 \u00ebsht\u00eb b\u00ebr\u00eb e njohur p\u00ebr mediat, u ndalua i dyshuari si drejtues i grupit kriminal \u201cBajri\u201d, shtetasi Enver Bajri.<\/span><\/p>\n<p><span style=\"color: #000000;\">Gjithashtu pas nj\u00eb hetimi e ndjekje t\u00eb p\u00ebrbashk\u00ebt u ndalua n\u00eb Tiran\u00eb nj\u00eb i k\u00ebrkuar nga drejt\u00ebsia italiane, i d\u00ebnuar p\u00ebr pedofili.<\/span><\/p>\n<p><span style=\"color: #000000;\">Q\u00eb nga mesi i muajit shtator, Policia e Shtetit ka nisur nj\u00eb operacion t\u00eb gjer\u00eb p\u00ebr parandalimin e ngjarjeve, nd\u00ebshkimin dhe kontrollin e plot\u00eb t\u00eb territorit.<\/span><\/p>\n<p><span style=\"color: #000000;\">Ky operacion \u00ebsht\u00eb pro aktiv dhe synon qart\u00ebsisht:<\/span><br \/>\n<span style=\"color: #000000;\"> &#8211; t\u00eb parandaloj\u00eb veprimtarit\u00eb kriminale n\u00eb territor, n\u00eb \u00e7do mjedis social dhe ve\u00e7an\u00ebrisht p\u00ebrfshirjen e t\u00eb miturve e t\u00eb rinjve;<\/span><br \/>\n<span style=\"color: #000000;\"> &#8211; identifikimin dhe nd\u00ebshkimin e personave me rrezikshm\u00ebri shoq\u00ebrore e ve\u00e7an\u00ebrisht ata me precedent\u00eb penal\u00eb;<\/span><br \/>\n<span style=\"color: #000000;\"> &#8211; identifikimin dhe arrestimin e personave, p\u00ebr t\u00eb cil\u00ebt ka nj\u00eb vendim k\u00ebrkimi komb\u00ebtar apo nd\u00ebrkomb\u00ebtar, ndalimin e nd\u00ebshkimin e personave t\u00eb konsideruar \u201ct\u00eb fort\u00ebt\u201d e zonave urbane e rurale, duke u kthyer n\u00eb nj\u00eb shqet\u00ebsim p\u00ebr qytetar\u00ebt.<\/span><\/p>\n<p><span style=\"color: #000000;\">Nga data 21 Tetor deri sot, Drejtorit\u00eb Vendore t\u00eb Policis\u00eb, Forcat Operacionale, FNSH, e posa\u00e7\u00ebrisht forcat RENEA sipas nj\u00eb plan veprimi t\u00eb detajuar jan\u00eb angazhuar gjer\u00ebsisht n\u00eb territor n\u00eb realizimin e detyrave t\u00eb p\u00ebrcaktuara n\u00eb Plan operacionin policor t\u00eb koduar \u201cNd\u00ebshkimi i \u201cT\u00eb fort\u00ebve\u201d.<\/span><\/p>\n<p><span style=\"color: #000000;\">Sot po b\u00ebjm\u00eb me dije rezultatet m\u00eb t\u00eb r\u00ebnd\u00ebsishme konkrete t\u00eb jav\u00ebs q\u00eb lam\u00eb pas, t\u00eb cilat vijojn\u00eb t\u00eb jen\u00eb premtuese, \u00e7ka do t\u00eb thot\u00eb se operacioni \u00ebsht\u00eb i suksessh\u00ebm. Gjat\u00eb veprimit t\u00eb Forc\u00ebs s\u00eb Ligjit n\u00eb Territor n\u00eb kuadrin e operacionit policor \u201cNd\u00ebshkimi i \u201cT\u00eb fort\u00ebve\u201d, nga strukturat vendore t\u00eb Policis\u00eb, jan\u00eb kryer kontrolle p\u00ebr personat me precedent\u00eb kriminal aktiv, personat n\u00eb k\u00ebrkim dhe personat si prish\u00ebs sistematik t\u00eb rendit publik.<\/span><\/p>\n<p><span style=\"color: #000000;\">Brenda k\u00ebsaj jave jan\u00eb arrestuar 36 persona vet\u00ebm n\u00eb kuadrin e k\u00ebtij operacioni n\u00eb kontrollet pro aktive n\u00eb territor, persona t\u00eb identifikuar me precedent\u00eb apo prish\u00ebs t\u00eb rendit, t\u00eb konsideruar si \u2018t\u00eb fort\u00eb\u2019, p\u00ebr arm\u00ebmbajtje pa leje; n\u00eb k\u00ebrkim komb\u00ebtar e nd\u00ebrkomb\u00ebtar.<\/span><\/p>\n<p><span style=\"color: #000000;\">K\u00ebshtu n\u00eb kuad\u00ebr t\u00eb kontrollit t\u00eb territorit dhe hetimeve pro aktive n\u00eb kuad\u00ebr t\u00eb operacionit policor t\u00eb koduar \u201cMenaxheri\u201d n\u00eb Durr\u00ebs u godit nj\u00eb rast i trafikut t\u00eb l\u00ebnd\u00ebve narkotike t\u00eb forta, ku u sekuestruan 2 kilogram\u00eb Kokain\u00eb dhe u vun\u00eb n\u00eb pranga dy persona.<\/span><\/p>\n<p><span style=\"color: #000000;\">Nd\u00ebrsa n\u00eb Shkod\u00ebr, u finalizua operacioni \u201cTamara\u201d, ku u godit nj\u00eb grup kriminal n\u00eb fush\u00ebn e narkotik\u00ebve ku u sekuestruan 80 kilogram\u00eb kanabis dhe u vun\u00eb n\u00eb pranga 6 persona.<\/span><\/p>\n<p><span style=\"color: #000000;\">Gjat\u00eb nj\u00eb operacioni t\u00eb p\u00ebrbashk\u00ebt me Drejtorin\u00eb e Doganave n\u00eb Qaf\u00eb Bot\u00eb u sekuestruan rreth 145 mij\u00eb Paund britanik.<\/span><\/p>\n<p><span style=\"color: #000000;\">Nd\u00ebr provat e sekuestruara gjat\u00eb kontrolleve t\u00eb ushtruara n\u00eb akset rrugore, banesa, lokale etj. jan\u00eb sekuestruar 6 arm\u00eb zjarri t\u00eb llojeve t\u00eb ndryshme, 2 kilogram\u00eb kokain\u00eb, 161 kilogram\u00eb kanabis dhe automjete t\u00eb ndryshme.<\/span><\/p>\n<p><span style=\"color: #000000;\">Policia e Shtetit rithekson se kapja dhe v\u00ebnia para p\u00ebrgjegj\u00ebsis\u00eb ligjore t\u00eb personave q\u00eb tentojn\u00eb t\u00eb sfidojn\u00eb autoritetin e shtetit, n\u00ebn petkun e \u201ct\u00eb fortit\u201d, p\u00ebr Policin\u00eb e Shtetit \u00ebsht\u00eb me shum\u00eb r\u00ebnd\u00ebsi, pasi nuk ka t\u00eb fort\u00eb p\u00ebrball\u00eb autoritetit t\u00eb ligjit!<\/span><\/p>\n<p><span style=\"color: #000000;\">&#8216;Forca e Ligjit n\u00eb Territor&#8217; p\u00ebrmes operacionit policor \u201cNd\u00ebshkimi i \u201cT\u00eb fort\u00ebve\u201d nuk do t\u00eb ndalet k\u00ebtu, por do t\u00eb vijoj\u00eb dit\u00eb pas dite, jav\u00eb pas jave, duke nd\u00ebshkuar ashp\u00ebr me autoritetin dhe forc\u00ebn e ligjit \u00e7do individ shkel\u00ebs t\u00eb ligjit dhe sfidues t\u00eb autoritetit t\u00eb shtetit q\u00eb do t\u00eb guxoj\u00eb t\u00eb cenoj\u00eb jetes\u00ebn normale t\u00eb qytetar\u00ebve, rendin e qet\u00ebsin\u00eb publike.<\/span><\/p>\n<p><span style=\"color: #000000;\">Policia e Shtetit u b\u00ebn apel qytetar\u00ebve t\u00eb kontribuojn\u00eb p\u00ebr rritjen e parametrave t\u00eb siguris\u00eb, mbrojtjen e rendit, qet\u00ebsin\u00eb publike, respektimin e ligjit nga t\u00eb gjith\u00eb, p\u00ebr vendosjen e autoritetit t\u00eb shtetit. Kjo duke njoftuar strukturat e Policis\u00eb s\u00eb Shtetit p\u00ebr \u00e7do incident apo problematik\u00eb tjet\u00ebr q\u00eb mund t\u00eb konstatojn\u00eb, p\u00ebrmes telefonatave falas n\u00eb numrin 112.<\/span><\/p>\n<p><iframe loading=\"lazy\" style=\"border: none; overflow: hidden;\" src=\"https:\/\/www.facebook.com\/plugins\/video.php?href=https%3A%2F%2Fwww.facebook.com%2F1502420603377639%2Fvideos%2F1051745965007738%2F&amp;show_text=0&amp;width=560\" width=\"560\" height=\"315\" frameborder=\"0\" scrolling=\"no\" allowfullscreen=\"allowfullscreen\"><\/iframe><\/p>\n","protected":false,"gt_translate_keys":[{"key":"rendered","format":"html"}]},"excerpt":{"rendered":"<p>&nbsp; N\u00eb nj\u00eb deklarat\u00eb p\u00ebr mediat Policia e Shtetit njoftoi se gjat\u00eb nj\u00eb jave jan\u00eb arrestuar 36 persona\u00a0n\u00eb kuad\u00ebr t\u00eb operacionit \u201cNd\u00ebshkimi i \u2018t\u00eb fort\u00ebve\u201d. N\u00eb lidhje me arestin e Enver Bajrit n\u00eb Spanj\u00eb, policia njofton se ky arrestim erdhi fal\u00eb bashk\u00ebpunimit me partner\u00ebt spanjoll\u00eb e italian\u00eb. &#8220;Fal\u00eb bashk\u00ebpunimit me partner\u00ebt spanjoll\u00eb e italian\u00eb, si\u00e7 [&hellip;]<\/p>\n","protected":false,"gt_translate_keys":[{"key":"rendered","format":"html"}]},"author":30,"featured_media":245407,"comment_status":"open","ping_status":"open","sticky":false,"template":"","format":"standard","meta":{"footnotes":""},"categories":[65],"tags":[],"class_list":["post-245406","post","type-post","status-publish","format-standard","has-post-thumbnail","hentry","category-lajme"],"gt_translate_keys":[{"key":"link","format":"url"}],"_links":{"self":[{"href":"https:\/\/www.hashtag.al\/index.php\/wp-json\/wp\/v2\/posts\/245406","targetHints":{"allow":["GET"]}}],"collection":[{"href":"https:\/\/www.hashtag.al\/index.php\/wp-json\/wp\/v2\/posts"}],"about":[{"href":"https:\/\/www.hashtag.al\/index.php\/wp-json\/wp\/v2\/types\/post"}],"author":[{"embeddable":true,"href":"https:\/\/www.hashtag.al\/index.php\/wp-json\/wp\/v2\/users\/30"}],"replies":[{"embeddable":true,"href":"https:\/\/www.hashtag.al\/index.php\/wp-json\/wp\/v2\/comments?post=245406"}],"version-history":[{"count":0,"href":"https:\/\/www.hashtag.al\/index.php\/wp-json\/wp\/v2\/posts\/245406\/revisions"}],"wp:featuredmedia":[{"embeddable":true,"href":"https:\/\/www.hashtag.al\/index.php\/wp-json\/wp\/v2\/media\/245407"}],"wp:attachment":[{"href":"https:\/\/www.hashtag.al\/index.php\/wp-json\/wp\/v2\/media?parent=245406"}],"wp:term":[{"taxonomy":"category","embeddable":true,"href":"https:\/\/www.hashtag.al\/index.php\/wp-json\/wp\/v2\/categories?post=245406"},{"taxonomy":"post_tag","embeddable":true,"href":"https:\/\/www.hashtag.al\/index.php\/wp-json\/wp\/v2\/tags?post=245406"}],"curies":[{"name":"wp","href":"https:\/\/api.w.org\/{rel}","templated":true}]}}