{"id":245369,"date":"2018-10-29T14:59:18","date_gmt":"2018-10-29T13:59:18","guid":{"rendered":"https:\/\/hashtag.al\/?p=245369"},"modified":"2018-10-29T15:06:36","modified_gmt":"2018-10-29T14:06:36","slug":"dorezimi-i-gjoja-provave-te-reja-nga-tahiri-pjese-e-skenarit-te-rames-per-te-pergatitur-opinionin-publik-per-mbylljen-e-ceshtjes","status":"publish","type":"post","link":"https:\/\/www.hashtag.al\/index.php\/2018\/10\/29\/dorezimi-i-gjoja-provave-te-reja-nga-tahiri-pjese-e-skenarit-te-rames-per-te-pergatitur-opinionin-publik-per-mbylljen-e-ceshtjes\/","title":{"rendered":"\u201cDor\u00ebzimi i gjoja provave t\u00eb reja nga Tahiri, pjes\u00eb e skenarit t\u00eb Ram\u00ebs p\u00ebr mbylljen e \u00e7\u00ebshtjes\u201d\u00a0","gt_translate_keys":[{"key":"rendered","format":"text"}]},"content":{"rendered":"<p><img loading=\"lazy\" decoding=\"async\" class=\"aligncenter wp-image-193613 size-full\" src=\"https:\/\/hashtag.al\/wp-content\/uploads\/2018\/05\/ediramasaimirtahiri.jpg\" alt=\"\" width=\"601\" height=\"456\" \/><\/p>\n<p>\u201cDor\u00ebzimi i gjoja provave t\u00eb reja nga Saimir Tahiri \u00ebsht\u00eb pjes\u00eb e skenarit t\u00eb Edi Ram\u00ebs p\u00ebr t\u00eb p\u00ebrgatitur opinionin publik p\u00ebr mbylljen e \u00e7\u00ebshtjes s\u00eb Saimir Tahirit. \u201c, k\u00ebshtu deklaron n\u00ebnkryetari i PD-s\u00eb, Edi Paloka, pas daljes para medieve t\u00eb ish-ministrit \u00a0t\u00eb Brendsh\u00ebm Saimir Tahiri.<\/p>\n<p>Sipas Palok\u00ebs kjo \u00ebsht\u00eb alibia q\u00eb Rama i dha Tahirit dhe sipas tij pas saj fshihet presioni q\u00eb po i b\u00ebhet prokuroris\u00eb p\u00ebr t\u00eb mbyllur \u00e7\u00ebshtjen.<\/p>\n<p>\u201cPra, e ashtuquajtura prov\u00eb e re q\u00eb paraqiti sot si lajm Saimir Tahiri \u00ebsht\u00eb fakti se n\u00eb Itali ai nuk \u00ebsht\u00eb n\u00ebn hetim. Kjo \u00ebsht\u00eb alibia q\u00eb Edi Rama i dha Saimir Tahirit dhe pas s\u00eb cil\u00ebs fshihet presioni q\u00eb po i b\u00ebh\u00ebt prokuroris\u00eb p\u00ebr t\u00eb mbyllur \u00e7\u00ebshtjen.<\/p>\n<p>-\u00cbsht\u00eb fakt se Saimir Tahiri po hetohet nga Prokuroria shqiptare p\u00ebr krime t\u00eb kryera n\u00eb territorin shqiptar.<\/p>\n<p>-\u00cbsht\u00eb fakt s\u00eb shteti Italian nuk mund t\u00eb hetoj\u00eb nj\u00eb shtetas shqiptar q\u00eb kryen krim n\u00eb territorin shqiptar.<\/p>\n<p>-\u00cbsht\u00eb fakt q\u00eb grupi kriminal Habilaj p\u00ebr 4 vjet n\u00ebn drejtimin e Ministris\u00eb s\u00eb Brendshme nga Saimir Tahiri organizoi trafikun nd\u00ebrkomb\u00ebtar t\u00eb drog\u00ebs me makin\u00ebn private t\u00eb ministrit t\u00eb brendsh\u00ebm.<\/p>\n<p>-\u00cbsht\u00eb fakt se pavar\u00ebsisht denoncimeve t\u00eb p\u00ebrditshme t\u00eb Partis\u00eb Demokratike p\u00ebr 3 vjet me rradh\u00eb p\u00ebr trafikun e drog\u00ebs nga grupi i Habilajve me audin AA 003 GB, Edi Rama dhe Saimir Tahiri mohuan t\u00eb v\u00ebrtet\u00ebn, sulmuan denoncuesit dhe mor\u00ebn n\u00eb mbrojtje trafikant\u00ebt e drog\u00ebs. \u201c, thekson Paloka.<\/p>\n<p>Tahiri pas daljes sot nga prokuroria tha se paraqiti di\u00e7ka q\u00eb ka r\u00ebnd\u00ebsi de\u00e7izive p\u00ebr procesin.<\/p>\n<p><img loading=\"lazy\" decoding=\"async\" class=\"aligncenter wp-image-214904 size-full\" src=\"https:\/\/hashtag.al\/wp-content\/uploads\/2018\/07\/artamarkuedipaloka.jpg\" alt=\"\" width=\"2367\" height=\"943\" \/><\/p>\n","protected":false,"gt_translate_keys":[{"key":"rendered","format":"html"}]},"excerpt":{"rendered":"<p>\u201cDor\u00ebzimi i gjoja provave t\u00eb reja nga Saimir Tahiri \u00ebsht\u00eb pjes\u00eb e skenarit t\u00eb Edi Ram\u00ebs p\u00ebr t\u00eb p\u00ebrgatitur opinionin publik p\u00ebr mbylljen e \u00e7\u00ebshtjes s\u00eb Saimir Tahirit. \u201c, k\u00ebshtu deklaron n\u00ebnkryetari i PD-s\u00eb, Edi Paloka, pas daljes para medieve t\u00eb ish-ministrit \u00a0t\u00eb Brendsh\u00ebm Saimir Tahiri. Sipas Palok\u00ebs kjo \u00ebsht\u00eb alibia q\u00eb Rama i dha [&hellip;]<\/p>\n","protected":false,"gt_translate_keys":[{"key":"rendered","format":"html"}]},"author":30,"featured_media":193616,"comment_status":"open","ping_status":"open","sticky":false,"template":"","format":"standard","meta":{"footnotes":""},"categories":[65],"tags":[],"class_list":["post-245369","post","type-post","status-publish","format-standard","has-post-thumbnail","hentry","category-lajme"],"gt_translate_keys":[{"key":"link","format":"url"}],"_links":{"self":[{"href":"https:\/\/www.hashtag.al\/index.php\/wp-json\/wp\/v2\/posts\/245369","targetHints":{"allow":["GET"]}}],"collection":[{"href":"https:\/\/www.hashtag.al\/index.php\/wp-json\/wp\/v2\/posts"}],"about":[{"href":"https:\/\/www.hashtag.al\/index.php\/wp-json\/wp\/v2\/types\/post"}],"author":[{"embeddable":true,"href":"https:\/\/www.hashtag.al\/index.php\/wp-json\/wp\/v2\/users\/30"}],"replies":[{"embeddable":true,"href":"https:\/\/www.hashtag.al\/index.php\/wp-json\/wp\/v2\/comments?post=245369"}],"version-history":[{"count":0,"href":"https:\/\/www.hashtag.al\/index.php\/wp-json\/wp\/v2\/posts\/245369\/revisions"}],"wp:featuredmedia":[{"embeddable":true,"href":"https:\/\/www.hashtag.al\/index.php\/wp-json\/"}],"wp:attachment":[{"href":"https:\/\/www.hashtag.al\/index.php\/wp-json\/wp\/v2\/media?parent=245369"}],"wp:term":[{"taxonomy":"category","embeddable":true,"href":"https:\/\/www.hashtag.al\/index.php\/wp-json\/wp\/v2\/categories?post=245369"},{"taxonomy":"post_tag","embeddable":true,"href":"https:\/\/www.hashtag.al\/index.php\/wp-json\/wp\/v2\/tags?post=245369"}],"curies":[{"name":"wp","href":"https:\/\/api.w.org\/{rel}","templated":true}]}}