{"id":245148,"date":"2018-10-28T19:01:32","date_gmt":"2018-10-28T18:01:32","guid":{"rendered":"https:\/\/hashtag.al\/?p=245148"},"modified":"2018-10-28T19:02:58","modified_gmt":"2018-10-28T18:02:58","slug":"pergjimi-i-bisedave-te-dakos-zedhenesi-i-arta-markut-do-hetohet-kush-e-ka-nxjerre-ne-media-ishin-te-dhena-sekrete","status":"publish","type":"post","link":"https:\/\/www.hashtag.al\/index.php\/2018\/10\/28\/pergjimi-i-bisedave-te-dakos-zedhenesi-i-arta-markut-do-hetohet-kush-e-ka-nxjerre-ne-media-ishin-te-dhena-sekrete\/","title":{"rendered":"P\u00ebrgjimi i bisedave t\u00eb Dakos, z\u00ebdh\u00ebn\u00ebsi i Arta Markut: Do hetohet kush e ka nxjerr\u00eb n\u00eb media, ishin t\u00eb dh\u00ebna sekrete","gt_translate_keys":[{"key":"rendered","format":"text"}]},"content":{"rendered":"<p><img loading=\"lazy\" decoding=\"async\" class=\"aligncenter size-full wp-image-245149\" src=\"https:\/\/hashtag.al\/wp-content\/uploads\/2018\/10\/marku-2.jpg\" alt=\"\" width=\"960\" height=\"480\" srcset=\"https:\/\/www.hashtag.al\/wp-content\/uploads\/2018\/10\/marku-2.jpg 960w, https:\/\/www.hashtag.al\/wp-content\/uploads\/2018\/10\/marku-2-300x150.jpg 300w, https:\/\/www.hashtag.al\/wp-content\/uploads\/2018\/10\/marku-2-768x384.jpg 768w\" sizes=\"auto, (max-width: 960px) 100vw, 960px\" \/><\/p>\n<p>Pas publikimit t\u00eb p\u00ebrgjimeve t\u00eb bisedave t\u00eb kryebashkiakut t\u00eb Durr\u00ebsit Vangjush Dako, z\u00ebdh\u00ebn\u00ebsi i Prokuroris\u00eb s\u00eb P\u00ebrgjithshme, Denion Ndrenika, ka th\u00ebn\u00eb se do t\u00eb ket\u00eb nj\u00eb hetim tjet\u00ebr p\u00ebr ata q\u00eb kan\u00eb nxjerr\u00eb fashikuj t\u00eb k\u00ebsaj dosjeje n\u00eb media, duke e konsideruar k\u00ebt\u00eb si thyerje e sekretit hetimor.<\/p>\n<p>\u201cNatyrisht q\u00eb ne duhet t\u00eb kemi nj\u00eb informim t\u00eb plot\u00eb p\u00ebr t\u00eb zbul<span class=\"text_exposed_show\">uar se kur dhe nga kush kan\u00eb dal\u00eb materialet e p\u00ebrgjimet n\u00eb t\u00eb cilat p\u00ebrmendet kreu i Bashkis\u00eb Durr\u00ebs, Vangjush Dako apo edhe t\u00eb dh\u00ebna t\u00eb tjera q\u00eb i p\u00ebrkasin hetimeve t\u00eb fundit. \u00cbsht\u00eb regjistruar nj\u00eb procedim p\u00ebr nxjerrjen e t\u00eb dh\u00ebnave sekrete parashikuar nga Neni 295\/a i Kodit Penal.<br \/>\nNuk e di se nga rrjedhin informacionet, por them se do t\u00eb ket\u00eb nj\u00eb hetim t\u00eb plot\u00eb dhe ligji \u00ebsht\u00eb shum\u00eb i qart\u00eb. Ne kemi nd\u00ebrhyr\u00eb n\u00eb pak raste n\u00eb emisione televizive kur na \u00ebsht\u00eb k\u00ebrkuar duke respektuar element\u00ebt hetimor\u00eb. \u00c7\u00ebshtja \u00ebsht\u00eb shum\u00eb e thjesht\u00eb: kjo \u00ebsht\u00eb nj\u00eb \u00e7\u00ebshtje n\u00ebn hetim dhe nuk ka asgj\u00eb tjet\u00ebr q\u00eb mund t\u00eb them\u201d, tha Ndrenika n\u00eb nj\u00eb lidhje telefonike n\u00eb emisionin Java n\u00eb RTSH, nd\u00ebrsa fliste p\u00ebr \u201cdosjen 339\u201d.<\/span><\/p>\n<div class=\"text_exposed_show\">\n<p>Nga ana tjet\u00ebr, z\u00ebdh\u00ebn\u00ebsi i Arta Markut shtoi se dosja \u00ebsht\u00eb mbajtur p\u00ebr muaj me radh\u00eb pa kryer asnj\u00eb veprim.<\/p>\n<p>Ndrenika tha se ishte largimi rast\u00ebsor i prokuror\u00ebve q\u00eb solli nj\u00eb zhbllokim t\u00eb \u00e7\u00ebshtjes dhe rezultatet e dit\u00ebve t\u00eb fundi.<\/p>\n<p>\u201cLargimi rast\u00ebsor i prokurorit ka sjell\u00eb zhbllokimin e dosjes. Nuk \u00ebsht\u00eb fjala p\u00ebr Anton Martinin, pasi \u00ebsht\u00eb larguar prej shum\u00eb koh\u00ebsh. Prokurori i fundit q\u00eb e kishte n\u00ebn hetim dhe \u00ebsht\u00eb ngarkuar p\u00ebr k\u00ebt\u00eb hetim me nj\u00eb dyshe prokuror\u00ebsh t\u00eb tjer\u00eb. Theksojm\u00eb se materiali \u00ebsht\u00eb shum\u00eb voluminoz dhe hetimi vijon deri na zbardhjen e plot\u00eb. Theksoj se dosja rrinte p\u00ebr shum\u00eb muaj pa asnj\u00eb veprim dhe shum\u00eb kush mund ta kuptoj\u00eb se \u00e7far\u00eb solli largimi i prokurorit,\u201d tha Ndrenika.<\/p>\n<\/div>\n","protected":false,"gt_translate_keys":[{"key":"rendered","format":"html"}]},"excerpt":{"rendered":"<p>Pas publikimit t\u00eb p\u00ebrgjimeve t\u00eb bisedave t\u00eb kryebashkiakut t\u00eb Durr\u00ebsit Vangjush Dako, z\u00ebdh\u00ebn\u00ebsi i Prokuroris\u00eb s\u00eb P\u00ebrgjithshme, Denion Ndrenika, ka th\u00ebn\u00eb se do t\u00eb ket\u00eb nj\u00eb hetim tjet\u00ebr p\u00ebr ata q\u00eb kan\u00eb nxjerr\u00eb fashikuj t\u00eb k\u00ebsaj dosjeje n\u00eb media, duke e konsideruar k\u00ebt\u00eb si thyerje e sekretit hetimor. \u201cNatyrisht q\u00eb ne duhet t\u00eb kemi nj\u00eb [&hellip;]<\/p>\n","protected":false,"gt_translate_keys":[{"key":"rendered","format":"html"}]},"author":32,"featured_media":245149,"comment_status":"open","ping_status":"open","sticky":false,"template":"","format":"standard","meta":{"footnotes":""},"categories":[65],"tags":[],"class_list":["post-245148","post","type-post","status-publish","format-standard","has-post-thumbnail","hentry","category-lajme"],"gt_translate_keys":[{"key":"link","format":"url"}],"_links":{"self":[{"href":"https:\/\/www.hashtag.al\/index.php\/wp-json\/wp\/v2\/posts\/245148","targetHints":{"allow":["GET"]}}],"collection":[{"href":"https:\/\/www.hashtag.al\/index.php\/wp-json\/wp\/v2\/posts"}],"about":[{"href":"https:\/\/www.hashtag.al\/index.php\/wp-json\/wp\/v2\/types\/post"}],"author":[{"embeddable":true,"href":"https:\/\/www.hashtag.al\/index.php\/wp-json\/wp\/v2\/users\/32"}],"replies":[{"embeddable":true,"href":"https:\/\/www.hashtag.al\/index.php\/wp-json\/wp\/v2\/comments?post=245148"}],"version-history":[{"count":0,"href":"https:\/\/www.hashtag.al\/index.php\/wp-json\/wp\/v2\/posts\/245148\/revisions"}],"wp:featuredmedia":[{"embeddable":true,"href":"https:\/\/www.hashtag.al\/index.php\/wp-json\/wp\/v2\/media\/245149"}],"wp:attachment":[{"href":"https:\/\/www.hashtag.al\/index.php\/wp-json\/wp\/v2\/media?parent=245148"}],"wp:term":[{"taxonomy":"category","embeddable":true,"href":"https:\/\/www.hashtag.al\/index.php\/wp-json\/wp\/v2\/categories?post=245148"},{"taxonomy":"post_tag","embeddable":true,"href":"https:\/\/www.hashtag.al\/index.php\/wp-json\/wp\/v2\/tags?post=245148"}],"curies":[{"name":"wp","href":"https:\/\/api.w.org\/{rel}","templated":true}]}}