{"id":244728,"date":"2018-10-26T08:26:41","date_gmt":"2018-10-26T06:26:41","guid":{"rendered":"https:\/\/hashtag.al\/?p=244728"},"modified":"2018-10-26T09:06:27","modified_gmt":"2018-10-26T07:06:27","slug":"viza-e-refuzuar-mosdhenia-e-doreheqjes-dhe-justifikimet-e-vangjush-dakos","status":"publish","type":"post","link":"https:\/\/www.hashtag.al\/index.php\/2018\/10\/26\/viza-e-refuzuar-mosdhenia-e-doreheqjes-dhe-justifikimet-e-vangjush-dakos\/","title":{"rendered":"Viza e refuzuar, mosdh\u00ebnia e dor\u00ebheqjes dhe justifikimet e Vangjush Dakos","gt_translate_keys":[{"key":"rendered","format":"text"}]},"content":{"rendered":"<p><span style=\"color: #000000;\"><img loading=\"lazy\" decoding=\"async\" class=\"aligncenter size-full wp-image-244555\" src=\"https:\/\/hashtag.al\/wp-content\/uploads\/2018\/10\/dako25tetor.jpg\" alt=\"\" width=\"1024\" height=\"784\" srcset=\"https:\/\/www.hashtag.al\/wp-content\/uploads\/2018\/10\/dako25tetor.jpg 1024w, https:\/\/www.hashtag.al\/wp-content\/uploads\/2018\/10\/dako25tetor-300x230.jpg 300w, https:\/\/www.hashtag.al\/wp-content\/uploads\/2018\/10\/dako25tetor-768x588.jpg 768w\" sizes=\"auto, (max-width: 1024px) 100vw, 1024px\" \/><\/span><\/p>\n<p><span style=\"color: #000000;\">Mbr\u00ebmjen e kaluar kryetari i Bashkis\u00eb s\u00eb Durr\u00ebsit Vangjush Dako, ka folur p\u00ebr her\u00eb t\u00eb par\u00eb\u00a0 lidhur me p\u00ebrgjigjimet e publikuara dit\u00ebn e djeshme, mbi nj\u00eb komunikim me nj\u00eb person me rekorde kriminale.<\/span><\/p>\n<p><span style=\"color: #000000;\">I ftuar n\u00eb emisionin \u2018Opinion\u2019 t\u00eb Blendi Fevziut, Dako pranoi se ka folur me Ni\u00e7en dhe ka treguar se \u00ebsht\u00eb v\u00ebllai i Astrit Avdylajt i arrestuar nga policia si koka e band\u00ebs s\u00eb Shijakut.<\/span><\/p>\n<p><strong><span style=\"color: #000000;\">Viza e refuzuar nga Ambasada Amerikane<\/span><\/strong><\/p>\n<p><span style=\"color: #000000;\">Por p\u00ebrve\u00e7 k\u00ebsaj pjese, Dako foli edhe p\u00ebr viz\u00ebn e refuzuar nga Ambasada Amerikane. Dako pranoi se viza i \u00ebsht\u00eb refuzuar p\u00ebrkoh\u00ebsisht, por p\u00ebr shkak se ai nuk kishte dor\u00ebzuar dokumentacionin t\u00eb plot\u00eb dhe s\u2019e nuk kishte aplikuar s\u00ebrisht p\u00ebr t\u00eb mos u p\u00ebrfolur nga mediat.<\/span><\/p>\n<p><span style=\"color: #000000;\"><em>\u201cAjo p\u00ebrtej sporteleve atje pasi mora shenjat e gishtave tha sa sht\u00ebpi ke? U pam\u00eb n\u00eb sy me nusen, i tham\u00eb 2 sht\u00ebpi. Sa makina ke? 3. Tha kthehuni mbrapsht dhe do merrni nj\u00eb p\u00ebrgjigje. M\u00eb erdhi brenda 24 or\u00ebve me DHL nj\u00eb shkres\u00eb dhe thoshte: Refuzim i p\u00ebrkohsh\u00ebm, shikoni nenin 233 G. Thoshte Refuzim i pjessh\u00ebm, mund t\u00eb aplikoni brenda 6 muajve pa pages\u00eb p\u00ebr arsye q\u00eb nuk keni qen\u00eb korrekt me dokumentet e sjella. Nuk shkova prap sepse thash\u00eb do dalin tani k\u00ebta do fillojn\u00eb: \u2018Yy s\u2019i dhan\u00eb viz\u00eb s\u2019i dhan\u00eb viz\u00eb\u2019. Dhe nuk e di, po t\u00eb shkoj m\u00eb japin viz\u00eb apo s\u2019m\u00eb japin viz\u00eb. Kjo \u00ebsht\u00eb e v\u00ebrteta.\u201d<\/em>, deklaroi Dako.<\/span><\/p>\n<p><iframe loading=\"lazy\" title=\"DAKO PER VIZEN AMERIKANE\" width=\"1170\" height=\"658\" src=\"https:\/\/www.youtube.com\/embed\/koU1ZJ7r_Pg?feature=oembed\" frameborder=\"0\" allow=\"accelerometer; autoplay; clipboard-write; encrypted-media; gyroscope; picture-in-picture\" allowfullscreen><\/iframe><\/p>\n<p><strong><span style=\"color: #000000;\">Nuk jep dor\u00ebheqje edhe n\u00ebse akuzohet<\/span><\/strong><\/p>\n<p><span style=\"color: #000000;\">I pyetur nga Blendi Fevziu n\u00ebse do vazhdonte s\u00ebrish si kryetar bashkia apo do jepte dor\u00ebheqjen n\u00ebse Prokuroria do ngrinte akuz\u00eb ndaj tij, Dako tha se nuk kishte arsye p\u00ebr t\u00eb dh\u00ebn\u00eb dor\u00ebheqjen.<\/span><\/p>\n<p><span style=\"color: #000000;\"><em>\u201cDo i respektojm\u00eb institucionet, prokurori gjykat\u00eb. Patjet\u00ebr q\u00eb do vazhdoj. Po pse?! Akuza nuk \u00ebsht\u00eb asnj\u00eb gj\u00eb mor vlla. \u00cbsht\u00eb gjykata q\u00eb vendos. N\u00ebse Gjykata t\u00eb fut n\u00eb burg automatikisht hiqesh nga kryetar bashkie. N\u00ebse je i pafajsh\u00ebm vazhdon detyr\u00ebn. \u201c,<\/em> deklaroi Dako.<\/span><\/p>\n<p><iframe loading=\"lazy\" title=\"DAKO- NESE AKUZOHEM NUK DO E JAP DOREHEQJEN\" width=\"1170\" height=\"658\" src=\"https:\/\/www.youtube.com\/embed\/N4KB2OmHCwE?feature=oembed\" frameborder=\"0\" allow=\"accelerometer; autoplay; clipboard-write; encrypted-media; gyroscope; picture-in-picture\" allowfullscreen><\/iframe><\/p>\n<p><strong><span style=\"color: #000000;\">Mund\u00ebsia p\u00ebr t\u00eb mos rikandiduar<\/span><\/strong><\/p>\n<p><span style=\"color: #000000;\">Vangjush Dako u pyet nga Fevziu n\u00ebse do t\u00eb rikandidonte p\u00ebrs\u00ebri, apo \u00ebsht\u00eb lodhur duke qen\u00eb p\u00ebr shum\u00eb vite me radh\u00eb n\u00eb t\u00eb nj\u00ebjt\u00ebn detyr\u00eb. K\u00ebsaj Dako iu p\u00ebrgjigj duke pranuar se ekziston mund\u00ebsia t\u00eb mos rikandidoj\u00eb.<\/span><\/p>\n<p><span style=\"color: #000000;\"><em>\u201cJo, n\u00eb radh\u00eb t\u00eb par\u00eb nuk e vendos un\u00eb p\u00ebr t\u00eb qen\u00eb kandidat, e vendosin strukturat e partis\u00eb. Un\u00eb si Vangjush nuk e ndjej veten fare t\u00eb lodhur, por un\u00eb mund ta shoh veten n\u00eb nj\u00eb pozicion tjet\u00ebr duke mos qen\u00eb kryetar i Bashkis\u00eb s\u00eb Durr\u00ebsit. Por n\u00eb t\u00eb dyja rastet nuk di zgjedhje, t\u00eb vazhdoj si kryetar bashkie apo t\u00eb merrem me ndodnj\u00eb gj\u00eb tjet\u00ebr sepse nuk mund t\u00eb largohem nga ky qytet se e dua shum\u00eb dhe e dua k\u00ebt\u00eb pun\u00eb. Por duke qen\u00eb 12 n\u00eb t\u00eb nj\u00ebjt\u00ebn pun\u00eb nuk ke \u00e7t\u00eb b\u00ebsh ndonj\u00eb gj\u00eb t\u00eb re, por n\u00ebse jepet mund\u00ebsia p\u00ebr t\u00eb b\u00ebr\u00eb nj\u00eb pun\u00eb tjet\u00ebr, t\u00eb jap\u00ebsh kontributin t\u00ebnd diku tjet\u00ebr ndoshta do jet\u00eb m\u00eb mir\u00eb. Por nj\u00eb gj\u00eb di t\u00eb them, q\u00eb un\u00eb p\u00ebrs\u00ebri do t\u00eb drejtoj fushat\u00ebn jam apo sjam kryetar bashkie n\u00eb t\u00eb tre bashkit\u00eb e qarkut, Kruj\u00eb, Shijak dhe Durr\u00ebs. Dhe t\u00eb garantoj q\u00eb jan\u00eb t\u00eb treja t\u00eb fituara.\u201d,<\/em> tha Dako.<strong> \/ Hashtag.al<\/strong><\/span><\/p>\n<p><iframe loading=\"lazy\" title=\"DAKO- A DO KANDIDONI PRAP? ZGJEDHJET I KEMI TE FITUARA\" width=\"1170\" height=\"658\" src=\"https:\/\/www.youtube.com\/embed\/YaX1lXUS9vk?feature=oembed\" frameborder=\"0\" allow=\"accelerometer; autoplay; clipboard-write; encrypted-media; gyroscope; picture-in-picture\" allowfullscreen><\/iframe><\/p>\n<p>&nbsp;<\/p>\n","protected":false,"gt_translate_keys":[{"key":"rendered","format":"html"}]},"excerpt":{"rendered":"<p>Mbr\u00ebmjen e kaluar kryetari i Bashkis\u00eb s\u00eb Durr\u00ebsit Vangjush Dako, ka folur p\u00ebr her\u00eb t\u00eb par\u00eb\u00a0 lidhur me p\u00ebrgjigjimet e publikuara dit\u00ebn e djeshme, mbi nj\u00eb komunikim me nj\u00eb person me rekorde kriminale. I ftuar n\u00eb emisionin \u2018Opinion\u2019 t\u00eb Blendi Fevziut, Dako pranoi se ka folur me Ni\u00e7en dhe ka treguar se \u00ebsht\u00eb v\u00ebllai i [&hellip;]<\/p>\n","protected":false,"gt_translate_keys":[{"key":"rendered","format":"html"}]},"author":30,"featured_media":241938,"comment_status":"open","ping_status":"open","sticky":false,"template":"","format":"standard","meta":{"footnotes":""},"categories":[22,65],"tags":[],"class_list":["post-244728","post","type-post","status-publish","format-standard","has-post-thumbnail","hentry","category-ballina","category-lajme"],"gt_translate_keys":[{"key":"link","format":"url"}],"_links":{"self":[{"href":"https:\/\/www.hashtag.al\/index.php\/wp-json\/wp\/v2\/posts\/244728","targetHints":{"allow":["GET"]}}],"collection":[{"href":"https:\/\/www.hashtag.al\/index.php\/wp-json\/wp\/v2\/posts"}],"about":[{"href":"https:\/\/www.hashtag.al\/index.php\/wp-json\/wp\/v2\/types\/post"}],"author":[{"embeddable":true,"href":"https:\/\/www.hashtag.al\/index.php\/wp-json\/wp\/v2\/users\/30"}],"replies":[{"embeddable":true,"href":"https:\/\/www.hashtag.al\/index.php\/wp-json\/wp\/v2\/comments?post=244728"}],"version-history":[{"count":0,"href":"https:\/\/www.hashtag.al\/index.php\/wp-json\/wp\/v2\/posts\/244728\/revisions"}],"wp:featuredmedia":[{"embeddable":true,"href":"https:\/\/www.hashtag.al\/index.php\/wp-json\/wp\/v2\/media\/241938"}],"wp:attachment":[{"href":"https:\/\/www.hashtag.al\/index.php\/wp-json\/wp\/v2\/media?parent=244728"}],"wp:term":[{"taxonomy":"category","embeddable":true,"href":"https:\/\/www.hashtag.al\/index.php\/wp-json\/wp\/v2\/categories?post=244728"},{"taxonomy":"post_tag","embeddable":true,"href":"https:\/\/www.hashtag.al\/index.php\/wp-json\/wp\/v2\/tags?post=244728"}],"curies":[{"name":"wp","href":"https:\/\/api.w.org\/{rel}","templated":true}]}}