{"id":244390,"date":"2018-10-24T20:34:35","date_gmt":"2018-10-24T18:34:35","guid":{"rendered":"https:\/\/hashtag.al\/?p=244390"},"modified":"2018-10-24T20:52:26","modified_gmt":"2018-10-24T18:52:26","slug":"me-foto-cfare-kishte-brenda-pakos-se-dyshimte-qe-zbrazi-sot-godinen-e-cnn","status":"publish","type":"post","link":"https:\/\/www.hashtag.al\/index.php\/2018\/10\/24\/me-foto-cfare-kishte-brenda-pakos-se-dyshimte-qe-zbrazi-sot-godinen-e-cnn\/","title":{"rendered":"ME FOTO\/ \u00c7far\u00eb kishte brenda pakos s\u00eb dyshimt\u00eb, q\u00eb zbrazi sot godin\u00ebn e CNN","gt_translate_keys":[{"key":"rendered","format":"text"}]},"content":{"rendered":"<p><img loading=\"lazy\" decoding=\"async\" class=\"alignnone size-full wp-image-244391\" src=\"https:\/\/hashtag.al\/wp-content\/uploads\/2018\/10\/SHTEPIA.jpg\" alt=\"\" width=\"624\" height=\"351\" srcset=\"https:\/\/www.hashtag.al\/wp-content\/uploads\/2018\/10\/SHTEPIA.jpg 624w, https:\/\/www.hashtag.al\/wp-content\/uploads\/2018\/10\/SHTEPIA-300x169.jpg 300w\" sizes=\"auto, (max-width: 624px) 100vw, 624px\" \/><\/p>\n<p>Kryebashkiaku i New Yorkut,\u00a0\u00a0Bill de Blasio ka deklaruar s\u00eb fundmi se kutit\u00eb postare me bomba q\u00eb i jan\u00eb d\u00ebrguar figurave t\u00eb njohura, p\u00ebrfshir\u00eb Bill dhe Hillary Clinton jan\u00eb n\u00eb m\u00ebnyr\u00eb t\u00eb qart\u00eb nj\u00eb akt terrori.<\/p>\n<p>Nd\u00ebrsa guvernatori i New Yorkut Andrew Cuomo konfirmoi gjat\u00eb konferenc\u00ebs p\u00ebr shtyp se nj\u00eb pako q\u00eb p\u00ebrmbante nj\u00eb pajisje eksplozivi ishte d\u00ebrguar n\u00eb zyr\u00ebn e tij n\u00eb Manhatan.<\/p>\n<p><strong>\u00c7far\u00eb u gjet\u00a0n\u00eb pakon q\u00eb zbrazi sot gonin\u00ebn e CNN?<\/strong><\/p>\n<p>Pajisjet dyshohet t\u00eb jen\u00eb bomba. Zyrtar\u00ebt e zbatimit t\u00eb ligjit tregojn\u00eb p\u00ebr mediat amerikane se pajisja q\u00eb u\u00a0 zbulua n\u00eb CNN t\u00eb m\u00ebrkur\u00ebn duket t\u00eb jet\u00eb e ngjashme me at\u00eb q\u00eb u gjend n\u00eb sht\u00ebpin\u00eb e\u00a0 Sorosit t\u00eb h\u00ebn\u00ebn. Komisari i policis\u00eb z. O&#8217;Neill tha gjithashtu se u gjet edhe nj\u00eb &#8220;zarf q\u00eb p\u00ebrmban pluhur t\u00eb bardh\u00eb&#8221; n\u00eb pakon me pajisje q\u00eb iu d\u00ebrgua CNN.<\/p>\n<p><strong>Burimi<\/strong>: <a href=\"https:\/\/www.bbc.com\/news\/world-us-canada-45969100\">BBC<\/a><\/p>\n<p><img loading=\"lazy\" decoding=\"async\" class=\"alignnone size-full wp-image-244392\" src=\"https:\/\/hashtag.al\/wp-content\/uploads\/2018\/10\/CNN.jpg\" alt=\"\" width=\"624\" height=\"351\" srcset=\"https:\/\/www.hashtag.al\/wp-content\/uploads\/2018\/10\/CNN.jpg 624w, https:\/\/www.hashtag.al\/wp-content\/uploads\/2018\/10\/CNN-300x169.jpg 300w\" sizes=\"auto, (max-width: 624px) 100vw, 624px\" \/><\/p>\n<p><img loading=\"lazy\" decoding=\"async\" class=\"alignnone size-full wp-image-244393\" src=\"https:\/\/hashtag.al\/wp-content\/uploads\/2018\/10\/BOMB.jpg\" alt=\"\" width=\"624\" height=\"287\" srcset=\"https:\/\/www.hashtag.al\/wp-content\/uploads\/2018\/10\/BOMB.jpg 624w, https:\/\/www.hashtag.al\/wp-content\/uploads\/2018\/10\/BOMB-300x138.jpg 300w\" sizes=\"auto, (max-width: 624px) 100vw, 624px\" \/><\/p>\n<p>&nbsp;<\/p>\n","protected":false,"gt_translate_keys":[{"key":"rendered","format":"html"}]},"excerpt":{"rendered":"<p>Kryebashkiaku i New Yorkut,\u00a0\u00a0Bill de Blasio ka deklaruar s\u00eb fundmi se kutit\u00eb postare me bomba q\u00eb i jan\u00eb d\u00ebrguar figurave t\u00eb njohura, p\u00ebrfshir\u00eb Bill dhe Hillary Clinton jan\u00eb n\u00eb m\u00ebnyr\u00eb t\u00eb qart\u00eb nj\u00eb akt terrori. Nd\u00ebrsa guvernatori i New Yorkut Andrew Cuomo konfirmoi gjat\u00eb konferenc\u00ebs p\u00ebr shtyp se nj\u00eb pako q\u00eb p\u00ebrmbante nj\u00eb pajisje eksplozivi [&hellip;]<\/p>\n","protected":false,"gt_translate_keys":[{"key":"rendered","format":"html"}]},"author":30,"featured_media":244393,"comment_status":"open","ping_status":"open","sticky":false,"template":"","format":"standard","meta":{"footnotes":""},"categories":[6],"tags":[],"class_list":["post-244390","post","type-post","status-publish","format-standard","has-post-thumbnail","hentry","category-nderkombetare"],"gt_translate_keys":[{"key":"link","format":"url"}],"_links":{"self":[{"href":"https:\/\/www.hashtag.al\/index.php\/wp-json\/wp\/v2\/posts\/244390","targetHints":{"allow":["GET"]}}],"collection":[{"href":"https:\/\/www.hashtag.al\/index.php\/wp-json\/wp\/v2\/posts"}],"about":[{"href":"https:\/\/www.hashtag.al\/index.php\/wp-json\/wp\/v2\/types\/post"}],"author":[{"embeddable":true,"href":"https:\/\/www.hashtag.al\/index.php\/wp-json\/wp\/v2\/users\/30"}],"replies":[{"embeddable":true,"href":"https:\/\/www.hashtag.al\/index.php\/wp-json\/wp\/v2\/comments?post=244390"}],"version-history":[{"count":0,"href":"https:\/\/www.hashtag.al\/index.php\/wp-json\/wp\/v2\/posts\/244390\/revisions"}],"wp:featuredmedia":[{"embeddable":true,"href":"https:\/\/www.hashtag.al\/index.php\/wp-json\/wp\/v2\/media\/244393"}],"wp:attachment":[{"href":"https:\/\/www.hashtag.al\/index.php\/wp-json\/wp\/v2\/media?parent=244390"}],"wp:term":[{"taxonomy":"category","embeddable":true,"href":"https:\/\/www.hashtag.al\/index.php\/wp-json\/wp\/v2\/categories?post=244390"},{"taxonomy":"post_tag","embeddable":true,"href":"https:\/\/www.hashtag.al\/index.php\/wp-json\/wp\/v2\/tags?post=244390"}],"curies":[{"name":"wp","href":"https:\/\/api.w.org\/{rel}","templated":true}]}}