{"id":244368,"date":"2018-10-24T19:05:42","date_gmt":"2018-10-24T17:05:42","guid":{"rendered":"https:\/\/hashtag.al\/?p=244368"},"modified":"2018-10-24T19:29:59","modified_gmt":"2018-10-24T17:29:59","slug":"ne-jemi-kurbanet-e-integrimit-si-u-perplasen","status":"publish","type":"post","link":"https:\/\/www.hashtag.al\/index.php\/2018\/10\/24\/ne-jemi-kurbanet-e-integrimit-si-u-perplasen\/","title":{"rendered":"&#8220;Ne jemi kurban\u00ebt e integrimit&#8221;, si u p\u00ebrplas\u00ebn me organin e akuz\u00ebs t\u00eb arrestuarit e &#8220;Vol-vo 4&#8221;","gt_translate_keys":[{"key":"rendered","format":"text"}]},"content":{"rendered":"<p><img loading=\"lazy\" decoding=\"async\" class=\"alignnone size-full wp-image-244370\" src=\"https:\/\/hashtag.al\/wp-content\/uploads\/2018\/10\/haxhia.jpg\" alt=\"\" width=\"705\" height=\"450\" srcset=\"https:\/\/www.hashtag.al\/wp-content\/uploads\/2018\/10\/haxhia.jpg 705w, https:\/\/www.hashtag.al\/wp-content\/uploads\/2018\/10\/haxhia-300x191.jpg 300w\" sizes=\"auto, (max-width: 705px) 100vw, 705px\" \/><\/p>\n<p><span style=\"color: #000000;\">Momente tensionesh, debate ka pasur n\u00eb seanc\u00ebn maraton\u00eb prej 10 or\u00ebsh n\u00eb Gjykat\u00ebn e Krimeve t\u00eb R\u00ebnda ku pritej t\u00eb jepej masa p\u00ebr t\u00eb arrestuarit e\u00a0 aksionit policor \u201cVol-Vo 4\u201d.<\/span><\/p>\n<p><span style=\"color: #000000;\">Detaje nga brenda seanc\u00ebs, pasi u zhvillua me dyer t\u00eb mbyllura tregoi avokati Maks Haxhia. Ai u shpreh para gazetar\u00ebve se t\u00eb arrestuarit e quanin gjith\u00eb k\u00ebt\u00eb si politike.\u00a0<\/span><\/p>\n<p><span style=\"color: #000000;\">&#8220;Procesi i monutar nga oragani i akuz\u00ebs. Procesi \u00ebsht\u00eb i paligjsh\u00ebm. P\u00ebrgjigjmet flasin p\u00ebr nj\u00eb periudh\u00eb me muaj, ata e b\u00ebjn\u00eb sikur e jan\u00eb b\u00ebr\u00eb brenda 10 dit\u00ebve. N\u00eb revoltim e sip\u00ebr u hodh\u00ebn edhe deklarata n\u00eb seanc\u00eb, q\u00eb u tha nga\u00a0 t\u00eb arrestuarit se jan\u00eb \u2018kurban\u00ebt e integrimit\u2019 apo &#8220;politika \u00ebsht\u00eb n\u00eb mes&#8221;.\u00a0<\/span><\/p>\n<p><span style=\"color: #000000;\"> N\u00eb 13 fashikujt e prokuroris\u00eb nuk p\u00ebrfshihen emra deputet\u00ebsh dhe zyrtar\u00ebsh t\u00eb lart\u00eb. Akuzat jan\u00eb skandaloze,lidhen persona q\u00eb s\u2019kan\u00eb lidhje me nj\u00ebri-tjetrin. Dosja nuk \u00ebsht\u00eb studiuar. <\/span><\/p>\n<p><span style=\"color: #000000;\">Ka 13 fashikuj, s\u2019mund t\u00eb merret vendimi p\u00ebr 1 dit\u00eb. Jan\u00eb montuar fakte q\u00eb s\u2019kan\u00eb t\u00eb b\u00ebjn\u00eb me t\u00eb v\u00ebrtet\u00ebn dhe p\u00ebrgjimet. Po ta shikoni dhe vet\u00eb procesin q\u00eb \u00ebsht\u00eb i montuar nga organi i prokuroris\u00eb. \u201d, u shpreh Maks Haxhia, avokati\u00a0i ish-deputet\u00ebve socialist\u00eb, Arben Ndok\u00ebs dhe Arben \u00c7ukos<\/span>.<\/p>\n<p><img loading=\"lazy\" decoding=\"async\" class=\"alignnone size-full wp-image-244362\" src=\"https:\/\/hashtag.al\/wp-content\/uploads\/2018\/10\/88888.jpg\" alt=\"\" width=\"480\" height=\"360\" srcset=\"https:\/\/www.hashtag.al\/wp-content\/uploads\/2018\/10\/88888.jpg 480w, https:\/\/www.hashtag.al\/wp-content\/uploads\/2018\/10\/88888-300x225.jpg 300w\" sizes=\"auto, (max-width: 480px) 100vw, 480px\" \/><\/p>\n","protected":false,"gt_translate_keys":[{"key":"rendered","format":"html"}]},"excerpt":{"rendered":"<p>Momente tensionesh, debate ka pasur n\u00eb seanc\u00ebn maraton\u00eb prej 10 or\u00ebsh n\u00eb Gjykat\u00ebn e Krimeve t\u00eb R\u00ebnda ku pritej t\u00eb jepej masa p\u00ebr t\u00eb arrestuarit e\u00a0 aksionit policor \u201cVol-Vo 4\u201d. Detaje nga brenda seanc\u00ebs, pasi u zhvillua me dyer t\u00eb mbyllura tregoi avokati Maks Haxhia. Ai u shpreh para gazetar\u00ebve se t\u00eb arrestuarit e quanin [&hellip;]<\/p>\n","protected":false,"gt_translate_keys":[{"key":"rendered","format":"html"}]},"author":30,"featured_media":244370,"comment_status":"open","ping_status":"open","sticky":false,"template":"","format":"standard","meta":{"footnotes":""},"categories":[65],"tags":[],"class_list":["post-244368","post","type-post","status-publish","format-standard","has-post-thumbnail","hentry","category-lajme"],"gt_translate_keys":[{"key":"link","format":"url"}],"_links":{"self":[{"href":"https:\/\/www.hashtag.al\/index.php\/wp-json\/wp\/v2\/posts\/244368","targetHints":{"allow":["GET"]}}],"collection":[{"href":"https:\/\/www.hashtag.al\/index.php\/wp-json\/wp\/v2\/posts"}],"about":[{"href":"https:\/\/www.hashtag.al\/index.php\/wp-json\/wp\/v2\/types\/post"}],"author":[{"embeddable":true,"href":"https:\/\/www.hashtag.al\/index.php\/wp-json\/wp\/v2\/users\/30"}],"replies":[{"embeddable":true,"href":"https:\/\/www.hashtag.al\/index.php\/wp-json\/wp\/v2\/comments?post=244368"}],"version-history":[{"count":0,"href":"https:\/\/www.hashtag.al\/index.php\/wp-json\/wp\/v2\/posts\/244368\/revisions"}],"wp:featuredmedia":[{"embeddable":true,"href":"https:\/\/www.hashtag.al\/index.php\/wp-json\/wp\/v2\/media\/244370"}],"wp:attachment":[{"href":"https:\/\/www.hashtag.al\/index.php\/wp-json\/wp\/v2\/media?parent=244368"}],"wp:term":[{"taxonomy":"category","embeddable":true,"href":"https:\/\/www.hashtag.al\/index.php\/wp-json\/wp\/v2\/categories?post=244368"},{"taxonomy":"post_tag","embeddable":true,"href":"https:\/\/www.hashtag.al\/index.php\/wp-json\/wp\/v2\/tags?post=244368"}],"curies":[{"name":"wp","href":"https:\/\/api.w.org\/{rel}","templated":true}]}}