{"id":244273,"date":"2018-10-24T13:20:06","date_gmt":"2018-10-24T11:20:06","guid":{"rendered":"https:\/\/hashtag.al\/?p=244273"},"modified":"2018-10-24T13:24:27","modified_gmt":"2018-10-24T11:24:27","slug":"julian-assange-mund-te-ekstradohet-ne-shba-ish-presidenti-i-ekuadorit","status":"publish","type":"post","link":"https:\/\/www.hashtag.al\/index.php\/2018\/10\/24\/julian-assange-mund-te-ekstradohet-ne-shba-ish-presidenti-i-ekuadorit\/","title":{"rendered":"&#8216;Julian Assange mund t\u00eb ekstradohet n\u00eb SHBA&#8217; &#8211; Ish-presidenti i Ekuadorit","gt_translate_keys":[{"key":"rendered","format":"text"}]},"content":{"rendered":"<p><img loading=\"lazy\" decoding=\"async\" class=\"aligncenter size-full wp-image-244274\" src=\"https:\/\/hashtag.al\/wp-content\/uploads\/2018\/10\/jualianassange24tetor.jpg\" alt=\"\" width=\"1200\" height=\"800\" srcset=\"https:\/\/www.hashtag.al\/wp-content\/uploads\/2018\/10\/jualianassange24tetor.jpg 1200w, https:\/\/www.hashtag.al\/wp-content\/uploads\/2018\/10\/jualianassange24tetor-300x200.jpg 300w, https:\/\/www.hashtag.al\/wp-content\/uploads\/2018\/10\/jualianassange24tetor-768x512.jpg 768w, https:\/\/www.hashtag.al\/wp-content\/uploads\/2018\/10\/jualianassange24tetor-1024x683.jpg 1024w\" sizes=\"auto, (max-width: 1200px) 100vw, 1200px\" \/><\/p>\n<p><span style=\"color: #000000;\">Qeveria e Ekuadorit mund t\u00eb dor\u00ebzoj\u00eb bashk\u00ebthemeluesin e \u2018WikiLeaks\u2019, Julian Assange n\u00eb SHBA, edhe pse \u00ebsht\u00eb e detyruar ligj\u00ebrisht ta mbroj\u00eb at\u00eb, tha ish-presidenti ekuadorian, Rafael Correa.<\/span><\/p>\n<p><span style=\"color: #000000;\"><em>&#8220;Un\u00eb besoj se ata do e dor\u00ebzojn\u00eb Assange te qeveria amerikane,&#8221;<\/em> tha Correa, i cili ishte n\u00eb krye t\u00eb Ekuadorit n\u00eb koh\u00ebn kur iu dha azili bashk\u00ebthemeluesit t\u00eb \u2018WikiLeaks\u2019. Ai e quajti politik\u00ebn e qeveris\u00eb aktuale ekuadoriane nj\u00eb \u2018turp\u2019.<\/span><\/p>\n<p><span style=\"color: #000000;\"><em>&#8220;Shteti ekuadorian duhet t\u00eb mbroj\u00eb t\u00eb drejtat e Assange. Ai nuk \u00ebsht\u00eb vet\u00ebm nj\u00eb azilk\u00ebrkues, ai \u00ebsht\u00eb nj\u00eb qytetar,&#8221;<\/em> tha Correa. Edhe pse i \u00ebsht\u00eb dh\u00ebn\u00eb shtet\u00ebsia ekuadoriane n\u00eb vitin 2017, tani Assange duhet t\u00eb mbrohet nga kushtetuta ekuadoriane.<\/span><\/p>\n<p><span style=\"color: #000000;\">Bashk\u00ebthemeluesi i \u2018WikiLeaks\u2019 mund t\u00eb dor\u00ebzohet te autoritetet amerikane si pasoj\u00eb e nj\u00eb marr\u00ebveshjeje mes autoriteteve ekuadoriane dhe z\u00ebvend\u00ebspresidentit amerikan, Mike Pence, i cili vizitoi vendin e Amerik\u00ebs Latine dhe u takua me presidentin Lenin Moreno m\u00eb her\u00ebt k\u00ebt\u00eb vit.<\/span><\/p>\n<p><span style=\"color: #000000;\">Assange ka jetuar n\u00eb Ambasad\u00ebn e Ekuadorit n\u00eb Lond\u00ebr q\u00eb nga qershori 2012, n\u00eb nj\u00eb p\u00ebrpjekje p\u00ebr t\u00eb shmangur ekstradimin n\u00eb SHBA p\u00ebr publikimin e mij\u00ebra informacioneve sekrete amerikane.<\/span><\/p>\n<p><img loading=\"lazy\" decoding=\"async\" class=\"aligncenter size-full wp-image-244276\" src=\"https:\/\/hashtag.al\/wp-content\/uploads\/2018\/10\/ambasadaekuadorit24tetor-1.jpg\" alt=\"\" width=\"900\" height=\"738\" srcset=\"https:\/\/www.hashtag.al\/wp-content\/uploads\/2018\/10\/ambasadaekuadorit24tetor-1.jpg 900w, https:\/\/www.hashtag.al\/wp-content\/uploads\/2018\/10\/ambasadaekuadorit24tetor-1-300x246.jpg 300w, https:\/\/www.hashtag.al\/wp-content\/uploads\/2018\/10\/ambasadaekuadorit24tetor-1-768x630.jpg 768w\" sizes=\"auto, (max-width: 900px) 100vw, 900px\" \/><\/p>\n","protected":false,"gt_translate_keys":[{"key":"rendered","format":"html"}]},"excerpt":{"rendered":"<p>Qeveria e Ekuadorit mund t\u00eb dor\u00ebzoj\u00eb bashk\u00ebthemeluesin e \u2018WikiLeaks\u2019, Julian Assange n\u00eb SHBA, edhe pse \u00ebsht\u00eb e detyruar ligj\u00ebrisht ta mbroj\u00eb at\u00eb, tha ish-presidenti ekuadorian, Rafael Correa. &#8220;Un\u00eb besoj se ata do e dor\u00ebzojn\u00eb Assange te qeveria amerikane,&#8221; tha Correa, i cili ishte n\u00eb krye t\u00eb Ekuadorit n\u00eb koh\u00ebn kur iu dha azili bashk\u00ebthemeluesit t\u00eb [&hellip;]<\/p>\n","protected":false,"gt_translate_keys":[{"key":"rendered","format":"html"}]},"author":51,"featured_media":244275,"comment_status":"open","ping_status":"open","sticky":false,"template":"","format":"standard","meta":{"footnotes":""},"categories":[6],"tags":[],"class_list":["post-244273","post","type-post","status-publish","format-standard","has-post-thumbnail","hentry","category-nderkombetare"],"gt_translate_keys":[{"key":"link","format":"url"}],"_links":{"self":[{"href":"https:\/\/www.hashtag.al\/index.php\/wp-json\/wp\/v2\/posts\/244273","targetHints":{"allow":["GET"]}}],"collection":[{"href":"https:\/\/www.hashtag.al\/index.php\/wp-json\/wp\/v2\/posts"}],"about":[{"href":"https:\/\/www.hashtag.al\/index.php\/wp-json\/wp\/v2\/types\/post"}],"author":[{"embeddable":true,"href":"https:\/\/www.hashtag.al\/index.php\/wp-json\/wp\/v2\/users\/51"}],"replies":[{"embeddable":true,"href":"https:\/\/www.hashtag.al\/index.php\/wp-json\/wp\/v2\/comments?post=244273"}],"version-history":[{"count":0,"href":"https:\/\/www.hashtag.al\/index.php\/wp-json\/wp\/v2\/posts\/244273\/revisions"}],"wp:featuredmedia":[{"embeddable":true,"href":"https:\/\/www.hashtag.al\/index.php\/wp-json\/wp\/v2\/media\/244275"}],"wp:attachment":[{"href":"https:\/\/www.hashtag.al\/index.php\/wp-json\/wp\/v2\/media?parent=244273"}],"wp:term":[{"taxonomy":"category","embeddable":true,"href":"https:\/\/www.hashtag.al\/index.php\/wp-json\/wp\/v2\/categories?post=244273"},{"taxonomy":"post_tag","embeddable":true,"href":"https:\/\/www.hashtag.al\/index.php\/wp-json\/wp\/v2\/tags?post=244273"}],"curies":[{"name":"wp","href":"https:\/\/api.w.org\/{rel}","templated":true}]}}