{"id":244218,"date":"2018-10-24T10:40:49","date_gmt":"2018-10-24T08:40:49","guid":{"rendered":"https:\/\/hashtag.al\/?p=244218"},"modified":"2018-10-24T10:45:01","modified_gmt":"2018-10-24T08:45:01","slug":"lul-berisha-paraqitet-ne-sherbimin-e-proves-ne-durres","status":"publish","type":"post","link":"https:\/\/www.hashtag.al\/index.php\/2018\/10\/24\/lul-berisha-paraqitet-ne-sherbimin-e-proves-ne-durres\/","title":{"rendered":"Lul Berisha paraqitet n\u00eb Sh\u00ebrbimin e Prov\u00ebs n\u00eb Durr\u00ebs","gt_translate_keys":[{"key":"rendered","format":"text"}]},"content":{"rendered":"<p><img loading=\"lazy\" decoding=\"async\" class=\"aligncenter size-full wp-image-243463\" src=\"https:\/\/hashtag.al\/wp-content\/uploads\/2018\/10\/lulberisha.jpg\" alt=\"\" width=\"640\" height=\"484\" srcset=\"https:\/\/www.hashtag.al\/wp-content\/uploads\/2018\/10\/lulberisha.jpg 640w, https:\/\/www.hashtag.al\/wp-content\/uploads\/2018\/10\/lulberisha-300x227.jpg 300w\" sizes=\"auto, (max-width: 640px) 100vw, 640px\" \/><\/p>\n<p><span style=\"color: #000000;\">Lulzim Berisha, \u00ebsht\u00eb paraqitur sot n\u00eb Sh\u00ebrbimin e Prov\u00ebs n\u00eb Durr\u00ebs.<\/span><\/p>\n<p><span style=\"color: #000000;\"> Dy dit\u00eb m\u00eb par\u00eb, policia b\u00ebri nj\u00eb kontroll n\u00eb banes\u00ebn e ish-kreut t\u00eb band\u00ebs s\u00eb Durr\u00ebsit, n\u00eb kuad\u00ebr t\u00eb operacionit \u2018Volvo 4\u2019, p\u00ebr kapjen e disa t\u00eb dyshuarve si an\u00ebtar\u00eb t\u00eb disa bandave q\u00eb bashk\u00ebpunonin me nj\u00ebra-tjetr\u00ebn n\u00eb trafikun nd\u00ebrkomb\u00ebtar t\u00eb drog\u00ebs dhe jo vet\u00ebm. <\/span><\/p>\n<p><span style=\"color: #000000;\">Berisha u lirua me kusht para rreth dy vitesh nga burgu, p\u00ebr shkaqe sh\u00ebndet\u00ebsore. Gjat\u00eb operacxionit t\u00eb patra pak dit\u00ebve, as Lulzim Berisha dhe as ndonj\u00eb prej familjar\u00ebve e tij nuk ndodheshin n\u00eb banes\u00eb nd\u00ebrsa gjat\u00eb kontrollit nuk u gjet asnj\u00eb e dyshimt\u00eb.<\/span><\/p>\n<p><span style=\"color: #000000;\">Berisha ka qen\u00eb i d\u00ebnuar me 25 vite burg por iu fal\u00ebn 5 vitet e fundit duke e l\u00ebn\u00eb n\u00eb liri me kusht.<\/span><\/p>\n<p><span style=\"color: #000000;\">Kushtet q\u00eb duhet t\u00eb plot\u00ebsoj\u00eb Berisha gjat\u00eb periudh\u00ebs s\u00eb liris\u00eb \u00ebsht\u00eb mbajtja e kontakteve me sh\u00ebrbimin e prov\u00ebs, moskryerja e veprave penale dhe mosshoq\u00ebrimi me persona me precent\u00eb penal\u00eb.<\/span><\/p>\n<p><img loading=\"lazy\" decoding=\"async\" class=\"aligncenter size-full wp-image-243464\" src=\"https:\/\/hashtag.al\/wp-content\/uploads\/2018\/10\/lul-berisha.jpg21tetor.jpg\" alt=\"\" width=\"700\" height=\"457\" srcset=\"https:\/\/www.hashtag.al\/wp-content\/uploads\/2018\/10\/lul-berisha.jpg21tetor.jpg 700w, https:\/\/www.hashtag.al\/wp-content\/uploads\/2018\/10\/lul-berisha.jpg21tetor-300x196.jpg 300w\" sizes=\"auto, (max-width: 700px) 100vw, 700px\" \/><\/p>\n","protected":false,"gt_translate_keys":[{"key":"rendered","format":"html"}]},"excerpt":{"rendered":"<p>Lulzim Berisha, \u00ebsht\u00eb paraqitur sot n\u00eb Sh\u00ebrbimin e Prov\u00ebs n\u00eb Durr\u00ebs. Dy dit\u00eb m\u00eb par\u00eb, policia b\u00ebri nj\u00eb kontroll n\u00eb banes\u00ebn e ish-kreut t\u00eb band\u00ebs s\u00eb Durr\u00ebsit, n\u00eb kuad\u00ebr t\u00eb operacionit \u2018Volvo 4\u2019, p\u00ebr kapjen e disa t\u00eb dyshuarve si an\u00ebtar\u00eb t\u00eb disa bandave q\u00eb bashk\u00ebpunonin me nj\u00ebra-tjetr\u00ebn n\u00eb trafikun nd\u00ebrkomb\u00ebtar t\u00eb drog\u00ebs dhe jo [&hellip;]<\/p>\n","protected":false,"gt_translate_keys":[{"key":"rendered","format":"html"}]},"author":51,"featured_media":243462,"comment_status":"open","ping_status":"open","sticky":false,"template":"","format":"standard","meta":{"footnotes":""},"categories":[65],"tags":[],"class_list":["post-244218","post","type-post","status-publish","format-standard","has-post-thumbnail","hentry","category-lajme"],"gt_translate_keys":[{"key":"link","format":"url"}],"_links":{"self":[{"href":"https:\/\/www.hashtag.al\/index.php\/wp-json\/wp\/v2\/posts\/244218","targetHints":{"allow":["GET"]}}],"collection":[{"href":"https:\/\/www.hashtag.al\/index.php\/wp-json\/wp\/v2\/posts"}],"about":[{"href":"https:\/\/www.hashtag.al\/index.php\/wp-json\/wp\/v2\/types\/post"}],"author":[{"embeddable":true,"href":"https:\/\/www.hashtag.al\/index.php\/wp-json\/wp\/v2\/users\/51"}],"replies":[{"embeddable":true,"href":"https:\/\/www.hashtag.al\/index.php\/wp-json\/wp\/v2\/comments?post=244218"}],"version-history":[{"count":0,"href":"https:\/\/www.hashtag.al\/index.php\/wp-json\/wp\/v2\/posts\/244218\/revisions"}],"wp:featuredmedia":[{"embeddable":true,"href":"https:\/\/www.hashtag.al\/index.php\/wp-json\/wp\/v2\/media\/243462"}],"wp:attachment":[{"href":"https:\/\/www.hashtag.al\/index.php\/wp-json\/wp\/v2\/media?parent=244218"}],"wp:term":[{"taxonomy":"category","embeddable":true,"href":"https:\/\/www.hashtag.al\/index.php\/wp-json\/wp\/v2\/categories?post=244218"},{"taxonomy":"post_tag","embeddable":true,"href":"https:\/\/www.hashtag.al\/index.php\/wp-json\/wp\/v2\/tags?post=244218"}],"curies":[{"name":"wp","href":"https:\/\/api.w.org\/{rel}","templated":true}]}}