{"id":244038,"date":"2018-10-23T18:23:02","date_gmt":"2018-10-23T16:23:02","guid":{"rendered":"https:\/\/hashtag.al\/?p=244038"},"modified":"2018-10-23T18:24:23","modified_gmt":"2018-10-23T16:24:23","slug":"kryemadhi-rama-ka-instaluar-ne-vend-krimin-deklaratat-e-opozites-po-dalin-te-verteta","status":"publish","type":"post","link":"https:\/\/www.hashtag.al\/index.php\/2018\/10\/23\/kryemadhi-rama-ka-instaluar-ne-vend-krimin-deklaratat-e-opozites-po-dalin-te-verteta\/","title":{"rendered":"Kryemadhi: Rama ka instaluar n\u00eb vend krimin, deklaratat e opozit\u00ebs po dalin t\u00eb v\u00ebrteta","gt_translate_keys":[{"key":"rendered","format":"text"}]},"content":{"rendered":"<div class=\"_3_bl\">\n<div class=\"_5w1r _3_om _5wdf\">\n<div class=\"_4gx_\">\n<div>\n<p><span style=\"color: #000000;\"><img loading=\"lazy\" decoding=\"async\" class=\"alignnone size-full wp-image-244040\" src=\"https:\/\/hashtag.al\/wp-content\/uploads\/2018\/10\/kryemadhi-1.jpg\" alt=\"\" width=\"1280\" height=\"852\" srcset=\"https:\/\/www.hashtag.al\/wp-content\/uploads\/2018\/10\/kryemadhi-1.jpg 1280w, https:\/\/www.hashtag.al\/wp-content\/uploads\/2018\/10\/kryemadhi-1-300x200.jpg 300w, https:\/\/www.hashtag.al\/wp-content\/uploads\/2018\/10\/kryemadhi-1-768x511.jpg 768w, https:\/\/www.hashtag.al\/wp-content\/uploads\/2018\/10\/kryemadhi-1-1024x682.jpg 1024w\" sizes=\"auto, (max-width: 1280px) 100vw, 1280px\" \/><\/span><\/p>\n<p><span style=\"color: #000000;\">Kryetarja e LSI-s\u00eb Monika Kryemadhi deklaroi se Rama gjat\u00eb k\u00ebtyre viteve qeverisje ka instaluar n\u00eb vend krimin. N\u00eb nj\u00eb takim me t\u00eb rinjt\u00eb e Vlor\u00ebs, Kryemadhi tha se sot Partia Socialiste \u00ebsht\u00eb kthyer n\u00eb sekt kriminal.<\/span><\/p>\n<p><span style=\"color: #000000;\">N\u00eb lidhje me arrestimet fundit Kryemadhi theksoi se deklarat e opozit\u00ebs jan\u00eb t\u00eb v\u00ebrteta kur denoncon t\u00eb inkriminuar pushtetar\u00eb.\u00a0<\/span><\/p>\n<\/div>\n<div class=\"_1aa6\"><\/div>\n<div class=\"_1aa6\"><span style=\"color: #000000;\">&#8220;Nga ajo q\u00eb ne d\u00ebgjojm\u00eb n\u00eb korridoret e politik\u00ebs, thashethemet e saj, ka akoma shum\u00eb t\u00eb p\u00ebrfshir\u00eb, njer\u00ebz q\u00eb jan\u00eb t\u00eb lidhur drejtp\u00ebrdrejt me kryeministrin shqiptar, individ\u00eb, kryetar bashkish apo deputet\u00eb, t\u00eb cil\u00ebt lidhjet e tyre me krimin jan\u00eb shum\u00eb prezente. Pra doli q\u00eb fjal\u00ebt e opozit\u00ebs, t\u00eb cil\u00ebt e ngren\u00eb me z\u00eb t\u00eb lart\u00eb p\u00ebr p\u00ebrfshirjen e segmenteve t\u00eb shtetit, t\u00eb policis\u00eb, t\u00eb politik\u00ebs t\u00eb p\u00ebrfshira me band\u00ebn dhe krimin e organizuar, t\u00eb p\u00ebrfshira me trafikun e drog\u00ebs dhe jo me trafikun e drog\u00ebs t\u00eb kanabisit, por me nj\u00eb trafik droge shum\u00eb t\u00eb r\u00ebnd\u00eb, t\u00eb cil\u00ebt rr\u00ebnj\u00ebt e tyre jan\u00eb shum\u00eb m\u00eb t\u00eb thella, shum\u00eb m\u00eb t\u00eb err\u00ebta dhe shum\u00eb m\u00eb t\u00eb rrezikshme se sa fushat me kanabis q\u00eb kan\u00eb mbjell\u00eb n\u00ebp\u00ebr Shqip\u00ebri.<\/span><\/div>\n<div><\/div>\n<div class=\"_1aa6\"><span style=\"color: #000000;\"> Pra dol\u00ebn q\u00eb fjal\u00ebt e opozit\u00ebs dhe deklaratat e opozit\u00ebs ishin t\u00eb v\u00ebrteta, por kjo nuk do t\u00eb thot\u00eb q\u00eb ne na k\u00ebnaq, kjo ne na m\u00ebrzit, na shqet\u00ebson sepse \u00e7do dit\u00eb edhe m\u00eb shum\u00eb mund\u00ebsit\u00eb p\u00ebr t\u00eb rinjt\u00eb b\u00ebhen sa m\u00eb t\u00eb pakta p\u00ebr shkak t\u00eb krimit q\u00eb ka kapur \u00e7do segment , vet\u00ebm sa ka filluar historia, por akoma m\u00eb tej do t\u00eb vazhdoj\u00eb, sepse akoma dhe m\u00eb e thell\u00eb \u00ebsht\u00eb, sepse n\u00eb k\u00ebto vite q\u00eb Edi Rama qeverisi, instalimin e bandave dhe krimit t\u00eb organizuar e nguliti aq thelle saq\u00eb \u00ebsht\u00eb shum\u00eb e v\u00ebshtir\u00eb p\u00ebr ta \u00e7rr\u00ebnjosur, sepse \u00ebsht\u00eb shum\u00eb e v\u00ebshtir\u00eb sot p\u00ebr t\u00eb gjetur pun\u00eb n\u00eb administrat\u00ebn shtet\u00ebrore, por \u00ebsht\u00eb shum\u00eb m\u00eb e kollajt\u00eb p\u00ebr t\u00eb gjetur pun\u00eb dhe p\u00ebr tu b\u00ebr\u00eb sh\u00ebrb\u00ebtor i bandave t\u00eb krimit, \u00ebsht\u00eb shum\u00eb e v\u00ebshtir\u00eb p\u00ebr nj\u00eb polic, i cili sakrifikon jet\u00ebn e tij p\u00ebr t\u00eb ushqyer f\u00ebmij\u00ebt me nj\u00eb rrog\u00eb minimale, por \u00ebsht\u00eb shum\u00eb e kollajshme q\u00eb nj\u00eb polic t\u00eb shitet tek bandat dhe krimi i organizuar sepse ka 10-fishin e pages\u00ebs s\u00eb rrog\u00ebs s\u00eb nj\u00eb polici dhe si mund t\u00eb luftoj\u00eb policia e shtetit krimin e organizuar&#8221;, u shpreh Kryemadhi.\u00a0<\/span><\/div>\n<div><img loading=\"lazy\" decoding=\"async\" class=\"alignnone wp-image-238912\" src=\"https:\/\/hashtag.al\/wp-content\/uploads\/2018\/10\/monika.png\" alt=\"\" width=\"849\" height=\"574\" \/><\/div>\n<\/div>\n<\/div>\n<\/div>\n<p>&nbsp;<\/p>\n","protected":false,"gt_translate_keys":[{"key":"rendered","format":"html"}]},"excerpt":{"rendered":"<p>Kryetarja e LSI-s\u00eb Monika Kryemadhi deklaroi se Rama gjat\u00eb k\u00ebtyre viteve qeverisje ka instaluar n\u00eb vend krimin. N\u00eb nj\u00eb takim me t\u00eb rinjt\u00eb e Vlor\u00ebs, Kryemadhi tha se sot Partia Socialiste \u00ebsht\u00eb kthyer n\u00eb sekt kriminal. N\u00eb lidhje me arrestimet fundit Kryemadhi theksoi se deklarat e opozit\u00ebs jan\u00eb t\u00eb v\u00ebrteta kur denoncon t\u00eb inkriminuar pushtetar\u00eb.\u00a0 [&hellip;]<\/p>\n","protected":false,"gt_translate_keys":[{"key":"rendered","format":"html"}]},"author":30,"featured_media":244040,"comment_status":"open","ping_status":"open","sticky":false,"template":"","format":"standard","meta":{"footnotes":""},"categories":[65],"tags":[],"class_list":["post-244038","post","type-post","status-publish","format-standard","has-post-thumbnail","hentry","category-lajme"],"gt_translate_keys":[{"key":"link","format":"url"}],"_links":{"self":[{"href":"https:\/\/www.hashtag.al\/index.php\/wp-json\/wp\/v2\/posts\/244038","targetHints":{"allow":["GET"]}}],"collection":[{"href":"https:\/\/www.hashtag.al\/index.php\/wp-json\/wp\/v2\/posts"}],"about":[{"href":"https:\/\/www.hashtag.al\/index.php\/wp-json\/wp\/v2\/types\/post"}],"author":[{"embeddable":true,"href":"https:\/\/www.hashtag.al\/index.php\/wp-json\/wp\/v2\/users\/30"}],"replies":[{"embeddable":true,"href":"https:\/\/www.hashtag.al\/index.php\/wp-json\/wp\/v2\/comments?post=244038"}],"version-history":[{"count":0,"href":"https:\/\/www.hashtag.al\/index.php\/wp-json\/wp\/v2\/posts\/244038\/revisions"}],"wp:featuredmedia":[{"embeddable":true,"href":"https:\/\/www.hashtag.al\/index.php\/wp-json\/wp\/v2\/media\/244040"}],"wp:attachment":[{"href":"https:\/\/www.hashtag.al\/index.php\/wp-json\/wp\/v2\/media?parent=244038"}],"wp:term":[{"taxonomy":"category","embeddable":true,"href":"https:\/\/www.hashtag.al\/index.php\/wp-json\/wp\/v2\/categories?post=244038"},{"taxonomy":"post_tag","embeddable":true,"href":"https:\/\/www.hashtag.al\/index.php\/wp-json\/wp\/v2\/tags?post=244038"}],"curies":[{"name":"wp","href":"https:\/\/api.w.org\/{rel}","templated":true}]}}