{"id":244004,"date":"2018-10-23T17:04:11","date_gmt":"2018-10-23T15:04:11","guid":{"rendered":"https:\/\/hashtag.al\/?p=244004"},"modified":"2018-10-23T17:07:03","modified_gmt":"2018-10-23T15:07:03","slug":"denimi-per-shpifje-ndaj-akil-krajes-basha-kamikazja-e-rames-regleta-panajoti-nuk-na-mbyll-dot-gojen","status":"publish","type":"post","link":"https:\/\/www.hashtag.al\/index.php\/2018\/10\/23\/denimi-per-shpifje-ndaj-akil-krajes-basha-kamikazja-e-rames-regleta-panajoti-nuk-na-mbyll-dot-gojen\/","title":{"rendered":"D\u00ebnimi p\u00ebr shpifje ndaj Akil Kraj\u00ebs, Basha: Kamikazja e Ram\u00ebs, Regleta Panajoti nuk na mbyll dot goj\u00ebn","gt_translate_keys":[{"key":"rendered","format":"text"}]},"content":{"rendered":"<p><img loading=\"lazy\" decoding=\"async\" class=\"alignnone size-full wp-image-229992\" src=\"https:\/\/hashtag.al\/wp-content\/uploads\/2018\/09\/lulbasha-e1536175180884.jpg\" alt=\"\" width=\"960\" height=\"540\" \/><\/p>\n<p>Vendimi i gjykat\u00ebs p\u00ebr d\u00ebnimin e Akil Kraj\u00ebs p\u00ebr shpifje ndaj Erion Veliajt ka b\u00ebr\u00eb q\u00eb t\u00eb reagoj\u00eb edhe kreu i PD-s\u00eb Lulzim Basha. Basha \u00ebsht\u00eb shprehur se as Rama, as kamikazja e tij e korruptuar Regleta Panajoti q\u00eb d\u00ebnon p\u00ebr shpifje opozitarin Akil Kraja sepse denoncoi rritjen e \u00e7mimit t\u00eb ujit nga vras\u00ebsi i Ardit Gjoklajt, nuk do na e mbyllin dot goj\u00ebn.<\/p>\n<p>&#8220;As Edi Rama as kamikazja e tij e korruptuar Regleta Panajoti q\u00eb d\u00ebnon p\u00ebr shpifje opozitarin Akil Kraja sepse denoncoi rritjen e \u00e7mimit t\u00eb ujit nga vras\u00ebsi i Ardit Gjoklajt, nuk do na e mbyllin dot goj\u00ebn. Fundi i tyre \u00ebsht\u00eb i af\u00ebrt dhe i ngjash\u00ebm me at\u00eb t\u00eb diktatur\u00ebs.&#8221; shprehet Basha.<\/p>\n<div class=\"article-introtext\">\n<p>Gjykata e rrethit gjyq\u00ebsor Tiran\u00eb d\u00ebnoi sot Partin\u00eb Demokratike p\u00ebr akuz\u00ebn e shpifjes ndaj kryebashkiakut t\u00eb Tiran\u00ebs, Erion Veliaj.<\/p>\n<\/div>\n<div class=\"article-fulltext\">\n<p>Sipas verdiktit t\u00eb gjykat\u00ebs, k\u00ebshillari i PD-s\u00eb Akil Kraja i detyrohet t\u2019i paguaj\u00eb nj\u00eb d\u00ebmshp\u00ebrblim moral prej 1 milion lek\u00ebsh kryetarit t\u00eb Bashkis\u00eb s\u00eb Tiran\u00ebs. Veliaj kishte hedhur n\u00eb gjyq p\u00ebr shpifje k\u00ebshilltarin bashkiak t\u00eb PD, Akil Kraja.<\/p>\n<p><img loading=\"lazy\" decoding=\"async\" class=\"alignnone size-full wp-image-244005\" src=\"https:\/\/hashtag.al\/wp-content\/uploads\/2018\/10\/basha.jpg\" alt=\"\" width=\"327\" height=\"494\" srcset=\"https:\/\/www.hashtag.al\/wp-content\/uploads\/2018\/10\/basha.jpg 327w, https:\/\/www.hashtag.al\/wp-content\/uploads\/2018\/10\/basha-199x300.jpg 199w\" sizes=\"auto, (max-width: 327px) 100vw, 327px\" \/><\/p>\n<\/div>\n","protected":false,"gt_translate_keys":[{"key":"rendered","format":"html"}]},"excerpt":{"rendered":"<p>Vendimi i gjykat\u00ebs p\u00ebr d\u00ebnimin e Akil Kraj\u00ebs p\u00ebr shpifje ndaj Erion Veliajt ka b\u00ebr\u00eb q\u00eb t\u00eb reagoj\u00eb edhe kreu i PD-s\u00eb Lulzim Basha. Basha \u00ebsht\u00eb shprehur se as Rama, as kamikazja e tij e korruptuar Regleta Panajoti q\u00eb d\u00ebnon p\u00ebr shpifje opozitarin Akil Kraja sepse denoncoi rritjen e \u00e7mimit t\u00eb ujit nga vras\u00ebsi i [&hellip;]<\/p>\n","protected":false,"gt_translate_keys":[{"key":"rendered","format":"html"}]},"author":30,"featured_media":229992,"comment_status":"open","ping_status":"open","sticky":false,"template":"","format":"standard","meta":{"footnotes":""},"categories":[65],"tags":[],"class_list":["post-244004","post","type-post","status-publish","format-standard","has-post-thumbnail","hentry","category-lajme"],"gt_translate_keys":[{"key":"link","format":"url"}],"_links":{"self":[{"href":"https:\/\/www.hashtag.al\/index.php\/wp-json\/wp\/v2\/posts\/244004","targetHints":{"allow":["GET"]}}],"collection":[{"href":"https:\/\/www.hashtag.al\/index.php\/wp-json\/wp\/v2\/posts"}],"about":[{"href":"https:\/\/www.hashtag.al\/index.php\/wp-json\/wp\/v2\/types\/post"}],"author":[{"embeddable":true,"href":"https:\/\/www.hashtag.al\/index.php\/wp-json\/wp\/v2\/users\/30"}],"replies":[{"embeddable":true,"href":"https:\/\/www.hashtag.al\/index.php\/wp-json\/wp\/v2\/comments?post=244004"}],"version-history":[{"count":0,"href":"https:\/\/www.hashtag.al\/index.php\/wp-json\/wp\/v2\/posts\/244004\/revisions"}],"wp:featuredmedia":[{"embeddable":true,"href":"https:\/\/www.hashtag.al\/index.php\/wp-json\/"}],"wp:attachment":[{"href":"https:\/\/www.hashtag.al\/index.php\/wp-json\/wp\/v2\/media?parent=244004"}],"wp:term":[{"taxonomy":"category","embeddable":true,"href":"https:\/\/www.hashtag.al\/index.php\/wp-json\/wp\/v2\/categories?post=244004"},{"taxonomy":"post_tag","embeddable":true,"href":"https:\/\/www.hashtag.al\/index.php\/wp-json\/wp\/v2\/tags?post=244004"}],"curies":[{"name":"wp","href":"https:\/\/api.w.org\/{rel}","templated":true}]}}