{"id":243982,"date":"2018-10-23T16:18:36","date_gmt":"2018-10-23T14:18:36","guid":{"rendered":"https:\/\/hashtag.al\/?p=243982"},"modified":"2018-10-23T16:19:17","modified_gmt":"2018-10-23T14:19:17","slug":"rama-opozita-si-liza-ne-boten-e-cudirave-me-parate-e-shpifjes-do-investojme-ne-nje-bibloteke","status":"publish","type":"post","link":"https:\/\/www.hashtag.al\/index.php\/2018\/10\/23\/rama-opozita-si-liza-ne-boten-e-cudirave-me-parate-e-shpifjes-do-investojme-ne-nje-bibloteke\/","title":{"rendered":"Rama: Opozita si Liza n\u00eb bot\u00ebn e \u00e7udirave, me parat\u00eb e shpifjes do investojm\u00eb n\u00eb nj\u00eb biblotek\u00eb","gt_translate_keys":[{"key":"rendered","format":"text"}]},"content":{"rendered":"<p><img loading=\"lazy\" decoding=\"async\" class=\"alignnone size-full wp-image-242821\" src=\"https:\/\/hashtag.al\/wp-content\/uploads\/2018\/10\/Edi-Rama-para-g-e1539938605864.jpg\" alt=\"\" width=\"900\" height=\"540\" srcset=\"https:\/\/www.hashtag.al\/wp-content\/uploads\/2018\/10\/Edi-Rama-para-g-e1539938605864.jpg 900w, https:\/\/www.hashtag.al\/wp-content\/uploads\/2018\/10\/Edi-Rama-para-g-e1539938605864-300x180.jpg 300w, https:\/\/www.hashtag.al\/wp-content\/uploads\/2018\/10\/Edi-Rama-para-g-e1539938605864-768x461.jpg 768w\" sizes=\"auto, (max-width: 900px) 100vw, 900px\" \/><\/p>\n<p><span style=\"color: #000000;\">Kryeministri Edi Rama \u00ebsht\u00eb duke vijuar me propagand\u00ebn e tij dhe s\u00eb fundmi \u00ebsht\u00eb shprehur se me parat\u00eb q\u00eb do merren nga shpifja e PD-s\u00eb p\u00ebr Erion Veliajn do t\u00eb investohet p\u00ebr nj\u00eb bibliotek\u00eb shkolle n\u00eb Kod\u00ebr-Kam\u00ebz.\u00a0<\/span><\/p>\n<p><span style=\"color: #000000;\">&#8220;Inaugurohet Fondi i Edukimit nga nj\u00eb shpifje e PD p\u00ebr Erion Veliaj. Kontributi i par\u00eb p\u00ebr nj\u00eb bibliotek\u00eb shkolle n\u00eb Kod\u00ebr-Kam\u00ebz. Gati 12 padit\u00eb e para Antishpifje nga ana ime.N\u00eb p\u00ebrpunim nja dy duzina t\u00eb tjera. Kjo opozit\u00eb si Liza n\u00eb bot\u00ebn e \u00e7udirave do ler\u00eb dhe \u00e7izmet gjyqeve&#8221;, shkruan Rama n\u00eb Twitter.\u00a0<\/span><\/p>\n<div class=\"article-introtext\">\n<p><span style=\"color: #000000;\">Gjykata e rrethit gjyq\u00ebsor Tiran\u00eb d\u00ebnoi sot Partin\u00eb Demokratike p\u00ebr akuz\u00ebn e shpifjes ndaj kryebashkiakut t\u00eb Tiran\u00ebs, Erion Veliaj.<\/span><\/p>\n<\/div>\n<div class=\"article-fulltext\">\n<p><span style=\"color: #000000;\">Sipas verdiktit t\u00eb gjykat\u00ebs, PD-ja i detyrohet t\u2019i paguaj\u00eb nj\u00eb d\u00ebmshp\u00ebrblim moral prej 1 milion lek\u00ebsh kryetarit t\u00eb Bashkis\u00eb s\u00eb Tiran\u00ebs. Veliaj kishte hedhur n\u00eb gjyq p\u00ebr shpifje k\u00ebshilltarin bashkiak t\u00eb PD, Akil Kraja.<\/span><\/p>\n<p><img loading=\"lazy\" decoding=\"async\" class=\"alignnone size-full wp-image-235460\" src=\"https:\/\/hashtag.al\/wp-content\/uploads\/2018\/09\/Erion-veliaj-compressor-1.jpg\" alt=\"\" width=\"766\" height=\"440\" \/><\/p>\n<p>&nbsp;<\/p>\n<\/div>\n","protected":false,"gt_translate_keys":[{"key":"rendered","format":"html"}]},"excerpt":{"rendered":"<p>Kryeministri Edi Rama \u00ebsht\u00eb duke vijuar me propagand\u00ebn e tij dhe s\u00eb fundmi \u00ebsht\u00eb shprehur se me parat\u00eb q\u00eb do merren nga shpifja e PD-s\u00eb p\u00ebr Erion Veliajn do t\u00eb investohet p\u00ebr nj\u00eb bibliotek\u00eb shkolle n\u00eb Kod\u00ebr-Kam\u00ebz.\u00a0 &#8220;Inaugurohet Fondi i Edukimit nga nj\u00eb shpifje e PD p\u00ebr Erion Veliaj. Kontributi i par\u00eb p\u00ebr nj\u00eb bibliotek\u00eb [&hellip;]<\/p>\n","protected":false,"gt_translate_keys":[{"key":"rendered","format":"html"}]},"author":30,"featured_media":238619,"comment_status":"open","ping_status":"open","sticky":false,"template":"","format":"standard","meta":{"footnotes":""},"categories":[65],"tags":[],"class_list":["post-243982","post","type-post","status-publish","format-standard","has-post-thumbnail","hentry","category-lajme"],"gt_translate_keys":[{"key":"link","format":"url"}],"_links":{"self":[{"href":"https:\/\/www.hashtag.al\/index.php\/wp-json\/wp\/v2\/posts\/243982","targetHints":{"allow":["GET"]}}],"collection":[{"href":"https:\/\/www.hashtag.al\/index.php\/wp-json\/wp\/v2\/posts"}],"about":[{"href":"https:\/\/www.hashtag.al\/index.php\/wp-json\/wp\/v2\/types\/post"}],"author":[{"embeddable":true,"href":"https:\/\/www.hashtag.al\/index.php\/wp-json\/wp\/v2\/users\/30"}],"replies":[{"embeddable":true,"href":"https:\/\/www.hashtag.al\/index.php\/wp-json\/wp\/v2\/comments?post=243982"}],"version-history":[{"count":0,"href":"https:\/\/www.hashtag.al\/index.php\/wp-json\/wp\/v2\/posts\/243982\/revisions"}],"wp:featuredmedia":[{"embeddable":true,"href":"https:\/\/www.hashtag.al\/index.php\/wp-json\/"}],"wp:attachment":[{"href":"https:\/\/www.hashtag.al\/index.php\/wp-json\/wp\/v2\/media?parent=243982"}],"wp:term":[{"taxonomy":"category","embeddable":true,"href":"https:\/\/www.hashtag.al\/index.php\/wp-json\/wp\/v2\/categories?post=243982"},{"taxonomy":"post_tag","embeddable":true,"href":"https:\/\/www.hashtag.al\/index.php\/wp-json\/wp\/v2\/tags?post=243982"}],"curies":[{"name":"wp","href":"https:\/\/api.w.org\/{rel}","templated":true}]}}