{"id":243646,"date":"2018-10-22T15:50:20","date_gmt":"2018-10-22T13:50:20","guid":{"rendered":"https:\/\/hashtag.al\/?p=243646"},"modified":"2018-10-22T15:55:59","modified_gmt":"2018-10-22T13:55:59","slug":"tri-heret-kur-politikanet-kane-pasur-frike-qytetaret-video","status":"publish","type":"post","link":"https:\/\/www.hashtag.al\/index.php\/2018\/10\/22\/tri-heret-kur-politikanet-kane-pasur-frike-qytetaret-video\/","title":{"rendered":"Tri her\u00ebt kur politikan\u00ebt kan\u00eb pasur frik\u00eb qytetar\u00ebt (VIDEO)","gt_translate_keys":[{"key":"rendered","format":"text"}]},"content":{"rendered":"<div class=\"clear\"><span style=\"color: #000000;\">\u00a0<\/span><\/div>\n<div class=\"entry\">\n<p><span style=\"color: #000000;\"><img loading=\"lazy\" decoding=\"async\" class=\"aligncenter size-full wp-image-205489\" src=\"https:\/\/hashtag.al\/wp-content\/uploads\/2018\/06\/BeFunky-collage-4.jpg\" sizes=\"auto, (max-width: 3264px) 100vw, 3264px\" srcset=\"https:\/\/hashtag.al\/wp-content\/uploads\/2018\/06\/BeFunky-collage-4.jpg 3264w, https:\/\/hashtag.al\/wp-content\/uploads\/2018\/06\/BeFunky-collage-4-300x164.jpg 300w, https:\/\/hashtag.al\/wp-content\/uploads\/2018\/06\/BeFunky-collage-4-768x420.jpg 768w, https:\/\/hashtag.al\/wp-content\/uploads\/2018\/06\/BeFunky-collage-4-1024x559.jpg 1024w\" alt=\"\" width=\"3264\" height=\"1783\" \/><\/span><\/p>\n<p><span style=\"color: #000000;\">Erion Veliaj, Edi Rama dhe Lindita Nikolla nuk iu kan\u00eb shp\u00ebtuar dot gjuajtjeve me vez\u00eb dhe salc\u00eb t\u00eb kuqe. Student\u00eb dhe aktivist\u00eb n\u00eb shenj\u00eb proteste kan\u00eb goditur Veliajn dhe Ram\u00ebn me vez\u00eb vitet e fundit. Nd\u00ebrsa Nikoll\u00ebn me salc\u00eb t\u00eb kuqe, t\u00eb cil\u00ebn ia kan\u00eb hedhur n\u00eb kok\u00eb.<\/span><\/p>\n<p><span style=\"color: #000000;\"><strong>Erion Veliaj<\/strong><\/span><\/p>\n<p><span style=\"color: #000000;\">Kreu i Bashkis\u00eb s\u00eb Tiran\u00ebs Erion Veliaj u q\u00ebllua me vez\u00eb para disa muajsh, teksa po futej n\u00eb hotel \u2018Plaza\u2019 ku do t\u00eb zhvillohej d\u00ebgjesa publike p\u00ebr \u00e7\u00ebshtjen e Teatrit Komb\u00ebtar.<\/span><\/p>\n<p><span style=\"color: #000000;\"><img loading=\"lazy\" decoding=\"async\" class=\"aligncenter size-full wp-image-205471\" src=\"https:\/\/hashtag.al\/wp-content\/uploads\/2018\/06\/55-1.png\" sizes=\"auto, (max-width: 479px) 100vw, 479px\" srcset=\"https:\/\/hashtag.al\/wp-content\/uploads\/2018\/06\/55-1.png 479w, https:\/\/hashtag.al\/wp-content\/uploads\/2018\/06\/55-1-300x293.png 300w\" alt=\"\" width=\"479\" height=\"468\" \/><\/span><\/p>\n<p><span style=\"color: #000000;\">T\u00eb rinjt\u00eb e FRPD-s\u00eb i iu afruan Veliajt dhe e godit\u00ebn me vez\u00eb, nd\u00ebrsa kryebashkiaku u p\u00ebrkul p\u00ebr t\u2019u shmangur. M\u00eb pas\u00a0 nd\u00ebrhyn\u00eb shoq\u00ebruesit e Veliajt q\u00eb u p\u00ebrplas\u00ebn me t\u00eb rinjt\u00eb.<\/span><\/p>\n<p><iframe loading=\"lazy\" src=\"https:\/\/www.facebook.com\/plugins\/video.php?href=https%3A%2F%2Fwww.facebook.com%2Fwww.hashtag.al%2Fvideos%2F955059967988329%2F&amp;show_text=0&amp;width=261\" width=\"261\" height=\"476\" frameborder=\"0\" scrolling=\"no\" allowfullscreen=\"allowfullscreen\" data-mce-fragment=\"1\"><\/iframe><\/p>\n<p><span style=\"color: #000000;\"><em>\u201cJa lali Eri me krimin e vet. Oligark\u00eb, Plehra. Barbar\u00eb. Dil k\u00ebtu trimi i fort\u00eb.\u201d, <\/em>\u00a0ishin thirrjet q\u00eb\u00a0t\u00eb rinjt\u00eb iu drejtuan Veliajt. Por ajo q\u00eb u vu re \u00ebsht\u00eb se Veliaj mundi t\u2019ju shmangej vez\u00ebve.<\/span><\/p>\n<p><span style=\"color: #000000;\"><img loading=\"lazy\" decoding=\"async\" class=\"aligncenter size-full wp-image-205463\" src=\"https:\/\/hashtag.al\/wp-content\/uploads\/2018\/06\/edi-rmaa.jpg\" sizes=\"auto, (max-width: 812px) 100vw, 812px\" srcset=\"https:\/\/hashtag.al\/wp-content\/uploads\/2018\/06\/edi-rmaa.jpg 812w, https:\/\/hashtag.al\/wp-content\/uploads\/2018\/06\/edi-rmaa-300x162.jpg 300w, https:\/\/hashtag.al\/wp-content\/uploads\/2018\/06\/edi-rmaa-768x414.jpg 768w\" alt=\"\" width=\"812\" height=\"438\" \/><img loading=\"lazy\" decoding=\"async\" class=\"aligncenter wp-image-205469\" src=\"https:\/\/hashtag.al\/wp-content\/uploads\/2018\/06\/edi-rama.jpg\" sizes=\"auto, (max-width: 615px) 100vw, 615px\" srcset=\"https:\/\/hashtag.al\/wp-content\/uploads\/2018\/06\/edi-rama.jpg 380w, https:\/\/hashtag.al\/wp-content\/uploads\/2018\/06\/edi-rama-300x229.jpg 300w\" alt=\"\" width=\"615\" height=\"469\" \/><img loading=\"lazy\" decoding=\"async\" class=\"aligncenter wp-image-205470\" src=\"https:\/\/hashtag.al\/wp-content\/uploads\/2018\/06\/veliaj-44.png\" sizes=\"auto, (max-width: 680px) 100vw, 680px\" srcset=\"https:\/\/hashtag.al\/wp-content\/uploads\/2018\/06\/veliaj-44.png 485w, https:\/\/hashtag.al\/wp-content\/uploads\/2018\/06\/veliaj-44-300x216.png 300w\" alt=\"\" width=\"680\" height=\"489\" \/><\/span><\/p>\n<p><span style=\"color: #000000;\"><strong>Lindita Nikolla<\/strong><\/span><\/p>\n<p><span style=\"color: #000000;\">N\u00eb N\u00ebntor t\u00eb 2016 aktivistja e L\u00ebvizjes \u201cP\u00ebr Universitetin\u201d, Mirela Ruko, nuk hezitoi, por i derdhi nj\u00eb shishe me salc\u00eb n\u00eb kok\u00eb ministres s\u00eb Arsimit, Lindita Nikoll\u00ebs. Sipas studentes kjo ishte\u00a0shenj\u00eb e protest\u00ebs n\u00eb lidhje politikat q\u00eb Nikolla po ndiqte p\u00ebr univeristetin.<\/span><\/p>\n<div class=\"wp-video\">\n<div style=\"width: 1170px;\" class=\"wp-video\"><video class=\"wp-video-shortcode\" id=\"video-243646-1\" width=\"1170\" height=\"658\" preload=\"metadata\" controls=\"controls\"><source type=\"video\/mp4\" src=\"https:\/\/hashtag.al\/wp-content\/uploads\/2018\/10\/nikolla.mp4?_=1\" \/><a href=\"https:\/\/hashtag.al\/wp-content\/uploads\/2018\/10\/nikolla.mp4\">https:\/\/hashtag.al\/wp-content\/uploads\/2018\/10\/nikolla.mp4<\/a><\/video><\/div>\n<div id=\"mep_0\" class=\"mejs-container mejs-container-keyboard-inactive wp-video-shortcode mejs-video\" tabindex=\"0\" role=\"application\" aria-label=\"Video Player\">\n<div class=\"mejs-inner\">\n<div class=\"mejs-mediaelement\"><span style=\"color: #000000;\">\u00a0<\/span><\/div>\n<div class=\"mejs-layers\">\n<div class=\"mejs-overlay mejs-layer mejs-overlay-play\">\n<div class=\"mejs-overlay-button\" tabindex=\"0\" role=\"button\" aria-label=\"Play\" aria-pressed=\"false\"><span style=\"color: #000000;\">\u00a0<\/span><\/div>\n<\/div>\n<\/div>\n<div class=\"mejs-controls\">\n<div class=\"mejs-button mejs-playpause-button mejs-play\"><span style=\"color: #000000;\">\u00a0<strong>Edi Rama<\/strong><\/span><\/div>\n<\/div>\n<\/div>\n<\/div>\n<\/div>\n<p><span style=\"color: #000000;\">N\u00eb 2017 kryeministrit Edi Rama u godit me vez\u00eb n\u00eb Universitetin e Shkencave Sociale, teksa ky i fundit ishte n\u00eb nj\u00eb takim me pedagog\u00ebt. Pas \u201csulmit\u201d, policia arrestoi 8 student\u00ebt q\u00eb q\u00eblluan me vez\u00eb. Ata protestonin n\u00eb kuad\u00ebr t\u00eb \u201cL\u00ebvizjes s\u00eb Universtietit\u201d p\u00ebr rritjen e tarifave t\u00eb studimit.<\/span><\/p>\n<p><span style=\"color: #000000;\">Dit\u00ebn e sotme aktivist\u00ebt kan\u00eb kund\u00ebrshtuar s\u00ebrish kryeministri Rama n\u00eb lidhje me tarifat e studimit. &#8220;Boll i zhvat\u00ebt student\u00ebt\u2019, ishte thirrja e studenteve. M\u00eb pas truproj\u00ebt e Ram\u00ebs u afruan tek vajzat dhe i mor\u00ebn me forc\u00eb p\u00ebr t\u2019i nxjerr\u00eb jasht\u00eb sall\u00ebs s\u00eb mbledhjes.\/<strong>Hashtag.al<\/strong><\/span><\/p>\n<p><span style=\"color: #000000;\"><img loading=\"lazy\" decoding=\"async\" class=\"aligncenter wp-image-205462\" src=\"https:\/\/hashtag.al\/wp-content\/uploads\/2018\/06\/rama-5.jpg\" sizes=\"auto, (max-width: 608px) 100vw, 608px\" srcset=\"https:\/\/hashtag.al\/wp-content\/uploads\/2018\/06\/rama-5.jpg 380w, https:\/\/hashtag.al\/wp-content\/uploads\/2018\/06\/rama-5-300x229.jpg 300w\" alt=\"\" width=\"608\" height=\"464\" \/><\/span><\/p>\n<\/div>\n","protected":false,"gt_translate_keys":[{"key":"rendered","format":"html"}]},"excerpt":{"rendered":"<p>\u00a0 Erion Veliaj, Edi Rama dhe Lindita Nikolla nuk iu kan\u00eb shp\u00ebtuar dot gjuajtjeve me vez\u00eb dhe salc\u00eb t\u00eb kuqe. Student\u00eb dhe aktivist\u00eb n\u00eb shenj\u00eb proteste kan\u00eb goditur Veliajn dhe Ram\u00ebn me vez\u00eb vitet e fundit. Nd\u00ebrsa Nikoll\u00ebn me salc\u00eb t\u00eb kuqe, t\u00eb cil\u00ebn ia kan\u00eb hedhur n\u00eb kok\u00eb. Erion Veliaj Kreu i Bashkis\u00eb s\u00eb [&hellip;]<\/p>\n","protected":false,"gt_translate_keys":[{"key":"rendered","format":"html"}]},"author":30,"featured_media":243647,"comment_status":"open","ping_status":"open","sticky":false,"template":"","format":"standard","meta":{"footnotes":""},"categories":[65],"tags":[],"class_list":["post-243646","post","type-post","status-publish","format-standard","has-post-thumbnail","hentry","category-lajme"],"gt_translate_keys":[{"key":"link","format":"url"}],"_links":{"self":[{"href":"https:\/\/www.hashtag.al\/index.php\/wp-json\/wp\/v2\/posts\/243646","targetHints":{"allow":["GET"]}}],"collection":[{"href":"https:\/\/www.hashtag.al\/index.php\/wp-json\/wp\/v2\/posts"}],"about":[{"href":"https:\/\/www.hashtag.al\/index.php\/wp-json\/wp\/v2\/types\/post"}],"author":[{"embeddable":true,"href":"https:\/\/www.hashtag.al\/index.php\/wp-json\/wp\/v2\/users\/30"}],"replies":[{"embeddable":true,"href":"https:\/\/www.hashtag.al\/index.php\/wp-json\/wp\/v2\/comments?post=243646"}],"version-history":[{"count":0,"href":"https:\/\/www.hashtag.al\/index.php\/wp-json\/wp\/v2\/posts\/243646\/revisions"}],"wp:featuredmedia":[{"embeddable":true,"href":"https:\/\/www.hashtag.al\/index.php\/wp-json\/wp\/v2\/media\/243647"}],"wp:attachment":[{"href":"https:\/\/www.hashtag.al\/index.php\/wp-json\/wp\/v2\/media?parent=243646"}],"wp:term":[{"taxonomy":"category","embeddable":true,"href":"https:\/\/www.hashtag.al\/index.php\/wp-json\/wp\/v2\/categories?post=243646"},{"taxonomy":"post_tag","embeddable":true,"href":"https:\/\/www.hashtag.al\/index.php\/wp-json\/wp\/v2\/tags?post=243646"}],"curies":[{"name":"wp","href":"https:\/\/api.w.org\/{rel}","templated":true}]}}