{"id":243592,"date":"2018-10-22T12:21:46","date_gmt":"2018-10-22T10:21:46","guid":{"rendered":"https:\/\/hashtag.al\/?p=243592"},"modified":"2018-10-22T12:24:25","modified_gmt":"2018-10-22T10:24:25","slug":"socialisti-ndreu-fshikullon-prokurorine-e-policine-per-arrestimet-me-dy-standarte","status":"publish","type":"post","link":"https:\/\/www.hashtag.al\/index.php\/2018\/10\/22\/socialisti-ndreu-fshikullon-prokurorine-e-policine-per-arrestimet-me-dy-standarte\/","title":{"rendered":"Socialisti Ndreu fshikullon prokurorin\u00eb e policin\u00eb p\u00ebr arrestimet: Me dy standarte","gt_translate_keys":[{"key":"rendered","format":"text"}]},"content":{"rendered":"<p><img loading=\"lazy\" decoding=\"async\" class=\"aligncenter size-full wp-image-243593\" src=\"https:\/\/hashtag.al\/wp-content\/uploads\/2018\/10\/ndreu22tetor.jpg\" alt=\"\" width=\"1092\" height=\"909\" srcset=\"https:\/\/www.hashtag.al\/wp-content\/uploads\/2018\/10\/ndreu22tetor.jpg 1092w, https:\/\/www.hashtag.al\/wp-content\/uploads\/2018\/10\/ndreu22tetor-300x250.jpg 300w, https:\/\/www.hashtag.al\/wp-content\/uploads\/2018\/10\/ndreu22tetor-1024x852.jpg 1024w, https:\/\/www.hashtag.al\/wp-content\/uploads\/2018\/10\/ndreu22tetor-768x639.jpg 768w\" sizes=\"auto, (max-width: 1092px) 100vw, 1092px\" \/><\/p>\n<p><span style=\"color: #000000;\">Deputeti i Partis\u00eb Socialiste, Ndreu, ka shprehur kritikat e tij ndaj operacionit t\u00eb djesh\u00ebm t\u00eb prokuroris\u00eb dhe policis\u00eb, pasi sipas tij jan\u00eb p\u00ebrdorur dy standarte. <\/span><\/p>\n<p><span style=\"color: #000000;\">Ai e ka b\u00ebr\u00eb deklarat\u00ebn pas daljes nga mbledhja e grupit parlamentar t\u00eb PS-s\u00eb, ku ka th\u00ebn\u00eb se ndalimet ishin b\u00ebr\u00eb me dy standarte.<\/span><\/p>\n<p><span style=\"color: #000000;\"><em>\u201cNuk marr p\u00ebrsip\u00ebr t\u00eb gjykoj provat, por kam rezerva p\u00ebr m\u00ebnyr\u00ebn skandaloze t\u00eb veprim, sjelljen i t\u00eb policis\u00eb. M\u00ebnyr\u00ebn se si kan\u00eb vepruar me m\u00ebnyr\u00ebn e arrestimit si dhe praktikimin e dy standardeve. Nj\u00eb grup q\u00eb quhet i par\u00ebnd\u00ebsish\u00ebm dhe m, t\u00eb merret prokuroria lokale dhe nj\u00eb grup tjet\u00ebr, me t\u00eb cilin merret prokuroria e Krimeve t\u00eb R\u00ebnda. Duhet t\u00eb shihen me qet\u00ebsi k\u00ebto gjera. Ne si force politik\u00eb nuk mb\u00ebshtesim asnj\u00eb veprim t\u00eb paligjsh\u00ebm, por m\u00ebnyra e te vepruarit t\u00eb prokuroris\u00eb dhe policis\u00eb n\u00eb dy raste t\u00eb ndryshme n\u00eb Lezh\u00eb \u00ebsht\u00eb e habitshme. T\u00eb presim verdiktin e drejt\u00ebsis\u00eb e t\u00eb flasim p\u00ebr t\u00eb tjerat\u201d<\/em>&#8211; deklaroi Ndreu.<\/span><\/p>\n<p><img loading=\"lazy\" decoding=\"async\" class=\"aligncenter size-full wp-image-243595\" src=\"https:\/\/hashtag.al\/wp-content\/uploads\/2018\/10\/Ndoka23tetor.jpg\" alt=\"\" width=\"3620\" height=\"1545\" \/><\/p>\n","protected":false,"gt_translate_keys":[{"key":"rendered","format":"html"}]},"excerpt":{"rendered":"<p>Deputeti i Partis\u00eb Socialiste, Ndreu, ka shprehur kritikat e tij ndaj operacionit t\u00eb djesh\u00ebm t\u00eb prokuroris\u00eb dhe policis\u00eb, pasi sipas tij jan\u00eb p\u00ebrdorur dy standarte. Ai e ka b\u00ebr\u00eb deklarat\u00ebn pas daljes nga mbledhja e grupit parlamentar t\u00eb PS-s\u00eb, ku ka th\u00ebn\u00eb se ndalimet ishin b\u00ebr\u00eb me dy standarte. \u201cNuk marr p\u00ebrsip\u00ebr t\u00eb gjykoj provat, [&hellip;]<\/p>\n","protected":false,"gt_translate_keys":[{"key":"rendered","format":"html"}]},"author":51,"featured_media":243594,"comment_status":"open","ping_status":"open","sticky":false,"template":"","format":"standard","meta":{"footnotes":""},"categories":[65],"tags":[],"class_list":["post-243592","post","type-post","status-publish","format-standard","has-post-thumbnail","hentry","category-lajme"],"gt_translate_keys":[{"key":"link","format":"url"}],"_links":{"self":[{"href":"https:\/\/www.hashtag.al\/index.php\/wp-json\/wp\/v2\/posts\/243592","targetHints":{"allow":["GET"]}}],"collection":[{"href":"https:\/\/www.hashtag.al\/index.php\/wp-json\/wp\/v2\/posts"}],"about":[{"href":"https:\/\/www.hashtag.al\/index.php\/wp-json\/wp\/v2\/types\/post"}],"author":[{"embeddable":true,"href":"https:\/\/www.hashtag.al\/index.php\/wp-json\/wp\/v2\/users\/51"}],"replies":[{"embeddable":true,"href":"https:\/\/www.hashtag.al\/index.php\/wp-json\/wp\/v2\/comments?post=243592"}],"version-history":[{"count":0,"href":"https:\/\/www.hashtag.al\/index.php\/wp-json\/wp\/v2\/posts\/243592\/revisions"}],"wp:featuredmedia":[{"embeddable":true,"href":"https:\/\/www.hashtag.al\/index.php\/wp-json\/wp\/v2\/media\/243594"}],"wp:attachment":[{"href":"https:\/\/www.hashtag.al\/index.php\/wp-json\/wp\/v2\/media?parent=243592"}],"wp:term":[{"taxonomy":"category","embeddable":true,"href":"https:\/\/www.hashtag.al\/index.php\/wp-json\/wp\/v2\/categories?post=243592"},{"taxonomy":"post_tag","embeddable":true,"href":"https:\/\/www.hashtag.al\/index.php\/wp-json\/wp\/v2\/tags?post=243592"}],"curies":[{"name":"wp","href":"https:\/\/api.w.org\/{rel}","templated":true}]}}