{"id":243576,"date":"2018-10-22T11:15:32","date_gmt":"2018-10-22T09:15:32","guid":{"rendered":"https:\/\/hashtag.al\/?p=243576"},"modified":"2018-10-22T14:49:19","modified_gmt":"2018-10-22T12:49:19","slug":"prela-veliu-bejne-permbledhjen-e-operacionit-volvo-4-me-44-te-arrestuar-video","status":"publish","type":"post","link":"https:\/\/www.hashtag.al\/index.php\/2018\/10\/22\/prela-veliu-bejne-permbledhjen-e-operacionit-volvo-4-me-44-te-arrestuar-video\/","title":{"rendered":"Prela-Veliu b\u00ebjn\u00eb p\u00ebrmbledhjen e operacionit &#8216;Volvo 4&#8217; me 44 t\u00eb arrestuar (Video)","gt_translate_keys":[{"key":"rendered","format":"text"}]},"content":{"rendered":"<p><img loading=\"lazy\" decoding=\"async\" class=\"aligncenter size-full wp-image-243577\" src=\"https:\/\/hashtag.al\/wp-content\/uploads\/2018\/10\/veliuprela22tetor.png\" alt=\"\" width=\"771\" height=\"481\" srcset=\"https:\/\/www.hashtag.al\/wp-content\/uploads\/2018\/10\/veliuprela22tetor.png 771w, https:\/\/www.hashtag.al\/wp-content\/uploads\/2018\/10\/veliuprela22tetor-300x187.png 300w, https:\/\/www.hashtag.al\/wp-content\/uploads\/2018\/10\/veliuprela22tetor-768x479.png 768w\" sizes=\"auto, (max-width: 771px) 100vw, 771px\" \/><\/p>\n<p><span style=\"color: #000000;\">Shefja e Krimeve t\u00eb R\u00ebnda, Prela dhe drejtori i P\u00ebrgjithsh\u00ebm i Policis\u00eb, Veliu, laboratori i drog\u00ebs i kapur n\u00eb Brenog t\u00eb Hasit kan\u00eb dh\u00ebn\u00eb nj\u00eb deklarat\u00eb p\u00ebr mediat, p\u00ebr t\u00eb sqaruar operacionin e mbr\u00ebmsh\u00ebm policor n\u00eb disa qytete.\u00a0<\/span><\/p>\n<p><span style=\"color: #000000;\">Sipas dyshes Prela-Veliu, operacioni i policis\u00eb dhe prokuroris\u00eb s\u00eb Krimeve t\u00eb R\u00ebnda ka pasur n\u00eb fokus goditjen e 4 grupeve kriminale n\u00eb vend, t\u00eb cil\u00ebt po hetohen p\u00ebr trafik nd\u00ebrkomb\u00ebtar droge, korrupsiion, falsifikim, kalim t\u00eb paligjsh\u00ebm kufiri etj.<\/span><\/p>\n<p><span style=\"color: #000000;\">N\u00eb k\u00ebt\u00eb operacion jan\u00eb arrestuar 44 persona nd\u00ebrsa jan\u00eb angazhuar rreth 1500 forca policie.<\/span><\/p>\n<p><span style=\"color: #000000;\">Hetimi p\u00ebr goditjen e grupit kriminale ka nisur q\u00eb n\u00eb dhjetor t\u00eb vitit 2016 dhe gjat\u00eb hetimit kan\u00eb dal\u00eb edhe emrat e dy ish-deputet\u00ebve t\u00eb Partis\u00eb Socialiste, \u00c7uko e Ndoka.<\/span><\/p>\n<p><span style=\"color: #000000;\"><strong>Deklarata e Drejtorit t\u00eb P\u00ebrgjithsh\u00ebm t\u00eb Policis\u00eb s\u00eb Shtetit Ardi Veliu<\/strong><\/span><\/p>\n<p><span style=\"color: #000000;\">Policia e Shtetit n\u00ebn drejtimin e Prokuroris\u00eb p\u00ebr Krimet e R\u00ebnda dhe n\u00eb bashk\u00ebpunim me agjenci t\u00eb tjera ligjzbatuese kan\u00eb finalizuar p\u00ebrgjat\u00eb or\u00ebve t\u00eb fundit nj\u00eb Mega Operacion t\u00eb koduar \u201cVOL-VO 4\u201d, t\u00eb shtir\u00eb n\u00eb 12 qytete nga Hasi deri n\u00eb Sarand\u00eb ku jan\u00eb goditur an\u00ebtar\u00eb nga 4 grupe t\u00eb skeduara kriminale, n\u00eb kuad\u00ebr t\u00eb operacionit \u201dForca e Ligjit\u201d.<\/span><\/p>\n<p><span style=\"color: #000000;\">Forcat policore, RENEA, FNSH, ato operacionale n\u00eb bashk\u00ebpunim me Drejtorit\u00eb Vendore t\u00eb Policis\u00eb kan\u00eb ushtruar kontrolle n\u00eb qytetet Shkod\u00ebr, Has, Lezh\u00eb, Shijak, Elbasan, Durr\u00ebs, Fier, Vlor\u00eb, Tiran\u00eb, Patos, Sarand\u00eb dhe Delvin\u00eb.<\/span><\/p>\n<p><span style=\"color: #000000;\">Gjat\u00eb k\u00ebtij mega operacioni jan\u00eb arrestuar 27 shtetas dhe 6 u shpall\u00ebn n\u00eb k\u00ebrkim. Gjithashtu u godit nj\u00eb laborator i p\u00ebrpunimit t\u00eb heroin\u00ebs n\u00eb fshatin Brenog n\u00eb Has, ku nd\u00ebr t\u00eb tjera jan\u00eb sekuestruar 182.5 kg morfin\u00eb, e ndar\u00eb n\u00eb 175 pako, 22 litra l\u00ebnd\u00eb e l\u00ebngshme, t\u00eb cilat p\u00ebrdoreshin p\u00ebr prodhimin e heroin\u00ebs.<\/span><\/p>\n<p><span style=\"color: #000000;\">Procedimi p\u00ebr k\u00ebt\u00eb operacion ka nisur pas nj\u00eb referimi t\u00eb Policis\u00eb s\u00eb Shtetit n\u00eb Prokurorin\u00eb e Krimeve t\u00eb R\u00ebnda.<\/span><\/p>\n<p><span style=\"color: #000000;\">Gjat\u00eb k\u00ebsaj periudhe, ve\u00e7an\u00ebrisht me intensitet n\u00eb muajt e fundit, p\u00ebr dokumentimin e k\u00ebsaj dosjeje, jan\u00eb p\u00ebrdorur metoda speciale t\u00eb hetimit. N\u00eb k\u00ebt\u00eb procedim penal jan\u00eb me mij\u00ebra or\u00eb p\u00ebrgjime, filmime, p\u00ebrgjime ambientale, v\u00ebzhgime me dron, mij\u00ebra faqe me shkresa dhe k\u00ebmbim informacioni e korrespodenc\u00eb me agjenci ligjzbatuese brenda e jasht\u00eb vendit.<\/span><\/p>\n<p><span style=\"color: #000000;\">Goditja e k\u00ebsaj veprimtarie kriminale \u00ebsht\u00eb b\u00ebr\u00eb n\u00eb periudha t\u00eb ndryshme, duke u finalizuar k\u00ebt\u00eb fundjav\u00eb.\u00a0<\/span><\/p>\n<p><span style=\"color: #000000;\">N\u00eb goditjen finale mor\u00ebn pjes\u00eb rreth 1.500 forca policore operacionale, FNSH, RENEA dhe nga efektiv\u00eb nga Policia lokale.<\/span><\/p>\n<p><span style=\"color: #000000;\">N\u00eb dat\u00eb 18 tetor n\u00eb m\u00ebngjes u ushtrua kontroll n\u00eb banes\u00ebn e shtetasit Mustaf Shuti n\u00eb fshatin Brenog\u00eb, Has, ku u gjet\u00ebn prekursor\u00eb p\u00ebr prodhimin e l\u00ebnd\u00ebs narkotike.<\/span><\/p>\n<p><span style=\"color: #000000;\">T\u00eb arrestuar n\u00eb flagranc\u00eb jan\u00eb 5 shtetas p\u00ebr veprat penale &#8220;Prodhimi dhe shitja e narkotik\u00ebve&#8221;, &#8220;Trafikim i narkotik\u00ebve\u201d, &#8220;Prodhimi dhe fabrikimi i l\u00ebnd\u00ebve narkotike\u201d, n\u00eb bashk\u00ebpunim, n\u00eb form\u00ebn e posa\u00e7me t\u00eb grupit t\u00eb strukturuar kriminal dhe organizat\u00eb kriminale:<\/span><\/p>\n<ol>\n<li><span style=\"color: #000000;\">Vehbi Berushi, 57 vje\u00e7<\/span><\/li>\n<li><span style=\"color: #000000;\">Flamur \u00c7ela, 48 vje\u00e7<\/span><\/li>\n<li><span style=\"color: #000000;\">Xhevit Shuti, 48 vje\u00e7<\/span><\/li>\n<li><span style=\"color: #000000;\">Mustaf Shuti, 76 vje\u00e7<\/span><\/li>\n<li><span style=\"color: #000000;\">Anila Shuti, 42 vje\u00e7<\/span><\/li>\n<\/ol>\n<p><span style=\"color: #000000;\">U shpall\u00ebn n\u00eb k\u00ebrkim 4 persona: 2 shtetas turq, 1 kosovar dhe 1 shqiptar.<\/span><\/p>\n<p><span style=\"color: #000000;\">N\u00eb zbatim t\u00eb vendimeve t\u00eb Gjykat\u00ebs s\u00eb Shkall\u00ebs s\u00eb Par\u00eb t\u00eb Krimeve t\u00eb R\u00ebnda, jan\u00eb ekzekutuar vendime penale n\u00eb disa qytete, si dhe jan\u00eb ushtruar rreth 100 kontrolle banesash dhe ambientesh t\u00eb tjera.<\/span><\/p>\n<p><span style=\"color: #000000;\">T\u00eb arrestuar p\u00ebr veprat penale \u201dProdhimi dhe shitja e narkotik\u00ebve\u201d, \u201dTrafikim i narkotik\u00ebve\u201d, n\u00eb bashk\u00ebpunim n\u00eb form\u00ebn e posa\u00e7me t\u00eb grupit t\u00eb strukturuar kriminal dhe organizat\u00eb kriminale, si dhe pastrim i produkteve t\u00eb vepr\u00ebs penale jan\u00eb 18 persona:<\/span><\/p>\n<ol>\n<li><span style=\"color: #000000;\">Jasin Kala, alias Jasin Avdyli, me pseudonimin\u201cCine\u201d, nga Shijaku;<\/span><\/li>\n<li><span style=\"color: #000000;\">Shk\u00eblqim Avdyli, me pseudonimin\u201cKi\u00e7i\u201d, nga Shijaku;<\/span><\/li>\n<li><span style=\"color: #000000;\">Denis Llaftiu, nga Shijaku;<\/span><\/li>\n<li><span style=\"color: #000000;\">Fatos Llaftiu, nga Shijaku;<\/span><\/li>\n<li><span style=\"color: #000000;\">Hajri Seferi, nga Shijaku;<\/span><\/li>\n<li><span style=\"color: #000000;\">Petro Kuci, alias Abedin Ku\u00e7i, nga Delvina;<\/span><\/li>\n<li><span style=\"color: #000000;\">Ilirjan Prifti, nga Fieri;<\/span><\/li>\n<li><span style=\"color: #000000;\">Elton Shehaj, nga Tirana;<\/span><\/li>\n<li><span style=\"color: #000000;\">Armand Spiro, nga Tirana;<\/span><\/li>\n<li><span style=\"color: #000000;\">Astrit Balliu, alias Avdyli, Sulejmani, me pseudonimin \u201cTiti\u201d, nga Shijaku;<\/span><\/li>\n<li><span style=\"color: #000000;\">Altin Avdyli, me pseudonimin\u201cNi\u00e7ja\u201d, nga Shijaku;<\/span><\/li>\n<li><span style=\"color: #000000;\">Saimir Gjepali, nga Shijaku;<\/span><\/li>\n<li><span style=\"color: #000000;\">Gjevi Ndoka, alias Xhevahir, me pseudonimin\u201cXhevi\u201d, nga Lezha;<\/span><\/li>\n<li><span style=\"color: #000000;\">Esat Mehmeti, me pseudonimin\u201c\u00c7akja\u201d, nga Fieri;<\/span><\/li>\n<li><span style=\"color: #000000;\">Saimir Sulejmani, nga Fieri;<\/span><\/li>\n<li><span style=\"color: #000000;\">Orges Jahelezi, alias Artan Elezi, me pseudonimin\u201cNita\u201d, nga Tirana;<\/span><\/li>\n<li><span style=\"color: #000000;\">Elis Bahushi, nga Elbasani;<\/span><\/li>\n<li><span style=\"color: #000000;\">Elis Guri, nga Shkodra.<\/span><\/li>\n<li><span style=\"color: #000000;\">Artur Balla, nga Elbasani.<\/span><\/li>\n<\/ol>\n<p><span style=\"color: #000000;\">Gjithashtu u shpall\u00ebn n\u00eb k\u00ebrkim 2 shtetas: M.Z., dhe P.S.<\/span><\/p>\n<p><span style=\"color: #000000;\">N\u00eb kuad\u00ebr t\u00eb k\u00ebtij mega operacioni, ku u godit\u00ebn k\u00ebto 4 grupe kriminale, \u00ebsht\u00eb zbuluar edhe implikimi i 3 punonj\u00ebsve t\u00eb Policis\u00eb s\u00eb Shtetit. Ata akuzohen p\u00ebr veprat penale \u201cShp\u00ebrdorim detyre\u201d, \u201cNdihm\u00eb p\u00ebr kalimin e paligjsh\u00ebm t\u00eb kufijve\u201d, n\u00eb kuad\u00ebr t\u00eb grupit t\u00eb strukturuar kriminal dhe organizat\u00ebs kriminale:<\/span><\/p>\n<ol>\n<li><span style=\"color: #000000;\">Ardit Gjyriqi, nga Tirana;<\/span><\/li>\n<li><span style=\"color: #000000;\">Jasin Abdul, nga Saranda;<\/span><\/li>\n<li><span style=\"color: #000000;\">Bledar Ko\u00e7i, nga Lushnja;<\/span><\/li>\n<\/ol>\n<p><span style=\"color: #000000;\">Nd\u00ebrkoh\u00eb n\u00eb kuad\u00ebr t\u00eb k\u00ebtij procedimi jan\u00eb arrestuar m\u00eb her\u00ebt edhe 12 persona p\u00ebr vepra t\u00eb ndryshme penale q\u00eb lidhen me fush\u00ebn e narkotik\u00ebve.<\/span><\/p>\n<p><span style=\"color: #000000;\">Gjat\u00eb kontrolleve t\u00eb ushtruara u sekuestruan:<\/span><\/p>\n<ul>\n<li><span style=\"color: #000000;\">3 pistoleta;<\/span><\/li>\n<li><span style=\"color: #000000;\">3 arm\u00eb gjahu, \u00e7ifte dhe fishek\u00eb;<\/span><\/li>\n<li><span style=\"color: #000000;\">1 shotgan;<\/span><\/li>\n<li><span style=\"color: #000000;\">Pres\u00eb p\u00ebr l\u00ebnd\u00eb narkotike t\u00eb llojit heroin\u00eb;<\/span><\/li>\n<li><span style=\"color: #000000;\">Peshore elektronike;<\/span><\/li>\n<li><span style=\"color: #000000;\">Sasi l\u00ebnd\u00eb narkotike heroin\u00eb e kokain\u00eb;<\/span><\/li>\n<li><span style=\"color: #000000;\">13 mjete, nj\u00ebri i blinduar;<\/span><\/li>\n<li><span style=\"color: #000000;\">Sasi e konsiderueshme parash;<\/span><\/li>\n<li><span style=\"color: #000000;\">Rreth 75 telefona celular\u00eb.<\/span><\/li>\n<\/ul>\n<p><span style=\"color: #000000;\">Policia e Shtetit, n\u00ebn drejtimin e Prokuroris\u00eb po vijon veprimet p\u00ebr t\u00eb zbardhur rolin dhe aktivitetin e tyre apo personave t\u00eb tjer\u00eb t\u00eb lidhur me ta.<\/span><\/p>\n<p><span style=\"color: #000000;\">Ne i sigurojm\u00eb qytetar\u00ebt se do t\u00eb vazhdojm\u00eb t\u00eb jemi t\u00eb angazhuar p\u00ebr t\u00eb garantuar qet\u00ebsi, rend e siguri, duke goditur me ashp\u00ebrsin\u00eb e forc\u00ebs s\u00eb ligjit \u00e7do individ t\u00eb p\u00ebrfshir\u00eb n\u00eb aktivitet kriminal. Operacioni \u201cForca e Ligjit\u201d vazhdon.<\/span><\/p>\n<div style=\"width: 640px;\" class=\"wp-video\"><video class=\"wp-video-shortcode\" id=\"video-243576-1\" width=\"640\" height=\"352\" preload=\"metadata\" controls=\"controls\"><source type=\"video\/mp4\" src=\"https:\/\/hashtag.al\/wp-content\/uploads\/2018\/10\/Volvo4.mp4?_=1\" \/><a href=\"https:\/\/hashtag.al\/wp-content\/uploads\/2018\/10\/Volvo4.mp4\">https:\/\/hashtag.al\/wp-content\/uploads\/2018\/10\/Volvo4.mp4<\/a><\/video><\/div>\n","protected":false,"gt_translate_keys":[{"key":"rendered","format":"html"}]},"excerpt":{"rendered":"<p>Shefja e Krimeve t\u00eb R\u00ebnda, Prela dhe drejtori i P\u00ebrgjithsh\u00ebm i Policis\u00eb, Veliu, laboratori i drog\u00ebs i kapur n\u00eb Brenog t\u00eb Hasit kan\u00eb dh\u00ebn\u00eb nj\u00eb deklarat\u00eb p\u00ebr mediat, p\u00ebr t\u00eb sqaruar operacionin e mbr\u00ebmsh\u00ebm policor n\u00eb disa qytete.\u00a0 Sipas dyshes Prela-Veliu, operacioni i policis\u00eb dhe prokuroris\u00eb s\u00eb Krimeve t\u00eb R\u00ebnda ka pasur n\u00eb fokus goditjen [&hellip;]<\/p>\n","protected":false,"gt_translate_keys":[{"key":"rendered","format":"html"}]},"author":51,"featured_media":243578,"comment_status":"open","ping_status":"open","sticky":false,"template":"","format":"standard","meta":{"footnotes":""},"categories":[65],"tags":[],"class_list":["post-243576","post","type-post","status-publish","format-standard","has-post-thumbnail","hentry","category-lajme"],"gt_translate_keys":[{"key":"link","format":"url"}],"_links":{"self":[{"href":"https:\/\/www.hashtag.al\/index.php\/wp-json\/wp\/v2\/posts\/243576","targetHints":{"allow":["GET"]}}],"collection":[{"href":"https:\/\/www.hashtag.al\/index.php\/wp-json\/wp\/v2\/posts"}],"about":[{"href":"https:\/\/www.hashtag.al\/index.php\/wp-json\/wp\/v2\/types\/post"}],"author":[{"embeddable":true,"href":"https:\/\/www.hashtag.al\/index.php\/wp-json\/wp\/v2\/users\/51"}],"replies":[{"embeddable":true,"href":"https:\/\/www.hashtag.al\/index.php\/wp-json\/wp\/v2\/comments?post=243576"}],"version-history":[{"count":0,"href":"https:\/\/www.hashtag.al\/index.php\/wp-json\/wp\/v2\/posts\/243576\/revisions"}],"wp:featuredmedia":[{"embeddable":true,"href":"https:\/\/www.hashtag.al\/index.php\/wp-json\/wp\/v2\/media\/243578"}],"wp:attachment":[{"href":"https:\/\/www.hashtag.al\/index.php\/wp-json\/wp\/v2\/media?parent=243576"}],"wp:term":[{"taxonomy":"category","embeddable":true,"href":"https:\/\/www.hashtag.al\/index.php\/wp-json\/wp\/v2\/categories?post=243576"},{"taxonomy":"post_tag","embeddable":true,"href":"https:\/\/www.hashtag.al\/index.php\/wp-json\/wp\/v2\/tags?post=243576"}],"curies":[{"name":"wp","href":"https:\/\/api.w.org\/{rel}","templated":true}]}}