{"id":243530,"date":"2018-10-22T09:28:06","date_gmt":"2018-10-22T07:28:06","guid":{"rendered":"https:\/\/hashtag.al\/?p=243530"},"modified":"2018-10-22T12:13:37","modified_gmt":"2018-10-22T10:13:37","slug":"arrestohet-vellai-i-arben-isarajt-drejtorit-te-transportit-rrugor","status":"publish","type":"post","link":"https:\/\/www.hashtag.al\/index.php\/2018\/10\/22\/arrestohet-vellai-i-arben-isarajt-drejtorit-te-transportit-rrugor\/","title":{"rendered":"Arrestohet v\u00ebllai i Arben Isarajt, drejtorit t\u00eb Transportit Rrugor","gt_translate_keys":[{"key":"rendered","format":"text"}]},"content":{"rendered":"<p><span style=\"color: #000000;\"><img loading=\"lazy\" decoding=\"async\" class=\"aligncenter size-full wp-image-243531\" src=\"https:\/\/hashtag.al\/wp-content\/uploads\/2018\/10\/policia22tetor2.jpg\" alt=\"\" width=\"720\" height=\"546\" srcset=\"https:\/\/www.hashtag.al\/wp-content\/uploads\/2018\/10\/policia22tetor2.jpg 720w, https:\/\/www.hashtag.al\/wp-content\/uploads\/2018\/10\/policia22tetor2-300x228.jpg 300w\" sizes=\"auto, (max-width: 720px) 100vw, 720px\" \/><\/span><\/p>\n<p class=\"MsoNormal\"><span style=\"color: #000000;\"><span lang=\"SQ\">Arrestohet Altin Isaraj, v\u00ebllai i drejtorit t\u00eb Transportit Rrugor, Arben Isaraj.\u00a0\u00a0<\/span><span lang=\"SQ\">Ai akuzohet p\u00ebr arm\u00ebmbajtje pa leje dhe p\u00ebr shitje e prodhim narkotik\u00ebsh.<\/span><\/span><\/p>\n<p class=\"MsoNormal\"><span style=\"color: #000000;\">Altin Isaraj me precent\u00eb t\u00eb m\u00ebparsh\u00ebm penal\u00eb p\u00ebr trafik kokaine.<\/span><\/p>\n<p><span style=\"color: #000000;\">N\u00eb fillim t\u00eb muajit n\u00ebntor t\u00eb vitit 2011, Drejtori i P\u00ebrgjithshm\u00eb i Policis\u00eb n\u00eb at\u00eb koh\u00eb, Hysni Burgaj, konfirmonte p\u00ebr median se n\u00eb Greqi \u00ebsht\u00eb arrestuar v\u00ebllai i ish-deputetit socialist Arben Isaraj, Altin Isaraj. <\/span><\/p>\n<p><span style=\"color: #000000;\">Sipas atyre pak t\u00eb dh\u00ebnave, prangosja e tij erdhi pas goditjes s\u00eb nj\u00eb organizate p\u00ebr trafik kokaine.<\/span><\/p>\n<p><span style=\"color: #000000;\">Gjat\u00eb fushat\u00eb elektorale p\u00ebr zgjedhjet e vitit t\u00eb shkuar, L\u00ebvizja Socialiste p\u00ebr Integrim denoncoi publikisht v\u00ebllan\u00eb e zv\/ministrit t\u00eb Drejt\u00ebsis\u00eb n\u00eb at\u00eb periudh\u00eb, se po ushtronte terror dhe presion nga Vlora p\u00ebr n\u00eb Gjirokast\u00ebr, ndaj votuesve n\u00eb favor t\u00eb Partis\u00eb Socialiste.<\/span><\/p>\n<p><span style=\"color: #000000;\">N\u00eb t\u00eb gjitha rastet q\u00eb Altin Isaraj ka r\u00ebn\u00eb n\u00eb duart e organeve ligj-zbatuese dhe t\u00eb drejt\u00ebsis\u00eb, ai ka shp\u00ebtuar si i s\u00ebmur\u00eb psikik dhe zot\u00ebron ende nj\u00eb kartel\u00eb t\u00eb till\u00eb.\u00a0\u00a0<em><strong>\/Hashtag.al<\/strong><\/em><\/span><\/p>\n<p><span style=\"color: #000000;\"><img loading=\"lazy\" decoding=\"async\" class=\"aligncenter size-full wp-image-240781\" src=\"https:\/\/hashtag.al\/wp-content\/uploads\/2018\/10\/policiadurres.png\" alt=\"\" width=\"775\" height=\"457\" srcset=\"https:\/\/www.hashtag.al\/wp-content\/uploads\/2018\/10\/policiadurres.png 775w, https:\/\/www.hashtag.al\/wp-content\/uploads\/2018\/10\/policiadurres-300x177.png 300w, https:\/\/www.hashtag.al\/wp-content\/uploads\/2018\/10\/policiadurres-768x453.png 768w\" sizes=\"auto, (max-width: 775px) 100vw, 775px\" \/><\/span><\/p>\n","protected":false,"gt_translate_keys":[{"key":"rendered","format":"html"}]},"excerpt":{"rendered":"<p>Arrestohet Altin Isaraj, v\u00ebllai i drejtorit t\u00eb Transportit Rrugor, Arben Isaraj.\u00a0\u00a0Ai akuzohet p\u00ebr arm\u00ebmbajtje pa leje dhe p\u00ebr shitje e prodhim narkotik\u00ebsh. Altin Isaraj me precent\u00eb t\u00eb m\u00ebparsh\u00ebm penal\u00eb p\u00ebr trafik kokaine. N\u00eb fillim t\u00eb muajit n\u00ebntor t\u00eb vitit 2011, Drejtori i P\u00ebrgjithshm\u00eb i Policis\u00eb n\u00eb at\u00eb koh\u00eb, Hysni Burgaj, konfirmonte p\u00ebr median se n\u00eb [&hellip;]<\/p>\n","protected":false,"gt_translate_keys":[{"key":"rendered","format":"html"}]},"author":51,"featured_media":243539,"comment_status":"open","ping_status":"open","sticky":false,"template":"","format":"standard","meta":{"footnotes":""},"categories":[22],"tags":[],"class_list":["post-243530","post","type-post","status-publish","format-standard","has-post-thumbnail","hentry","category-ballina"],"gt_translate_keys":[{"key":"link","format":"url"}],"_links":{"self":[{"href":"https:\/\/www.hashtag.al\/index.php\/wp-json\/wp\/v2\/posts\/243530","targetHints":{"allow":["GET"]}}],"collection":[{"href":"https:\/\/www.hashtag.al\/index.php\/wp-json\/wp\/v2\/posts"}],"about":[{"href":"https:\/\/www.hashtag.al\/index.php\/wp-json\/wp\/v2\/types\/post"}],"author":[{"embeddable":true,"href":"https:\/\/www.hashtag.al\/index.php\/wp-json\/wp\/v2\/users\/51"}],"replies":[{"embeddable":true,"href":"https:\/\/www.hashtag.al\/index.php\/wp-json\/wp\/v2\/comments?post=243530"}],"version-history":[{"count":0,"href":"https:\/\/www.hashtag.al\/index.php\/wp-json\/wp\/v2\/posts\/243530\/revisions"}],"wp:featuredmedia":[{"embeddable":true,"href":"https:\/\/www.hashtag.al\/index.php\/wp-json\/wp\/v2\/media\/243539"}],"wp:attachment":[{"href":"https:\/\/www.hashtag.al\/index.php\/wp-json\/wp\/v2\/media?parent=243530"}],"wp:term":[{"taxonomy":"category","embeddable":true,"href":"https:\/\/www.hashtag.al\/index.php\/wp-json\/wp\/v2\/categories?post=243530"},{"taxonomy":"post_tag","embeddable":true,"href":"https:\/\/www.hashtag.al\/index.php\/wp-json\/wp\/v2\/tags?post=243530"}],"curies":[{"name":"wp","href":"https:\/\/api.w.org\/{rel}","templated":true}]}}