{"id":243376,"date":"2018-10-21T15:39:32","date_gmt":"2018-10-21T13:39:32","guid":{"rendered":"https:\/\/hashtag.al\/?p=243376"},"modified":"2018-10-21T15:41:06","modified_gmt":"2018-10-21T13:41:06","slug":"banoret-e-librazhdit-kunder-dhenies-me-koncesion-te-pyjeve-prokuroria-i-con-ne-gjykate","status":"publish","type":"post","link":"https:\/\/www.hashtag.al\/index.php\/2018\/10\/21\/banoret-e-librazhdit-kunder-dhenies-me-koncesion-te-pyjeve-prokuroria-i-con-ne-gjykate\/","title":{"rendered":"Banor\u00ebt e Librazhdit kund\u00ebr dh\u00ebnies me koncesion t\u00eb pyjeve, prokuroria i \u00e7on n\u00eb gjykat\u00eb","gt_translate_keys":[{"key":"rendered","format":"text"}]},"content":{"rendered":"<p><img loading=\"lazy\" decoding=\"async\" class=\"aligncenter size-full wp-image-243377\" src=\"https:\/\/hashtag.al\/wp-content\/uploads\/2018\/10\/Elbasanlibrazhd20tetor.jpg\" alt=\"\" width=\"2000\" height=\"1368\" srcset=\"https:\/\/www.hashtag.al\/wp-content\/uploads\/2018\/10\/Elbasanlibrazhd20tetor.jpg 2000w, https:\/\/www.hashtag.al\/wp-content\/uploads\/2018\/10\/Elbasanlibrazhd20tetor-300x205.jpg 300w, https:\/\/www.hashtag.al\/wp-content\/uploads\/2018\/10\/Elbasanlibrazhd20tetor-1024x700.jpg 1024w, https:\/\/www.hashtag.al\/wp-content\/uploads\/2018\/10\/Elbasanlibrazhd20tetor-768x525.jpg 768w, https:\/\/www.hashtag.al\/wp-content\/uploads\/2018\/10\/Elbasanlibrazhd20tetor-1536x1051.jpg 1536w\" sizes=\"auto, (max-width: 2000px) 100vw, 2000px\" \/><\/p>\n<p><span style=\"color: #000000;\">Nj\u00eb qytetar nga Librazhdi ka denoncuar prerjen masive dhe shkat\u00ebrrimin e pyjeve n\u00eb zon\u00ebn e Rrajc\u00ebs. <\/span><\/p>\n<p><span style=\"color: #000000;\">Sipas tij, pyjet e zon\u00ebs i jan\u00eb dh\u00ebn\u00eb me koncesion nj\u00eb kompania private, gj\u00eb q\u00eb \u00ebsht\u00eb kund\u00ebrshtuar nga banor\u00ebt t\u00eb cil\u00ebt kan\u00eb zhvilluar protesta dhe nj\u00eb peticion kryeministrit Rama. <\/span><\/p>\n<p><span style=\"color: #000000;\">Pas k\u00ebsaj, firma ka hedhur n\u00eb gjyq banor\u00ebt dhe prokuroria i ka \u00e7uar n\u00eb gjykat\u00eb. <\/span><\/p>\n<p><span style=\"color: #000000;\">Ata k\u00ebrkojn\u00eb nd\u00ebrprerjen e kontrat\u00ebs pasi kjo sipas tyre shkat\u00ebrron pyjet e zon\u00ebs. Denoncimi \u00ebsht\u00eb publikuar nga deputeti i PD-s\u00eb, Spahoi n\u00eb faqen e tij n\u00eb \u201cFacebook\u201d.<\/span><\/p>\n<p><span style=\"color: #000000;\"><em>\u201cNje qytetar nga Librazhdi me shkruan per prerjen e pyjeve dhe rrembimin e pronave te banoreve ne zonen e Rrajces nga nje firme private. Banoret e zones e kane kundershtuar duke organizuar protesta por firma i ka hedhur ata ne gjyq. Prokuroria menjehere i dergon ne gjykate ata te cilet kane dale ne mbrojtje te pyjeve dhe pronave te tyre. Me daten 14 Tetor banoret i kane derguar nje peticion Kryeministrit por ai nuk ka denjuar te pergjigjet. Me poshte eshte kontrata e dhenjes se zones ne shfrytezim nje firme private ngs DZM Elbasan, pamje te cpyllezimit masiv, protesta e banoreve, thirrja per tu paraqitur ne gjyq per njerin nga banoret e zones si dhe peticioni derguar Kryeministrit.\u201d<\/em> &#8211; shkruan Spaho.<\/span><\/p>\n<p><img loading=\"lazy\" decoding=\"async\" class=\"aligncenter size-full wp-image-243379\" src=\"https:\/\/hashtag.al\/wp-content\/uploads\/2018\/10\/Librazhd20tetor.jpg5_.jpg\" alt=\"\" width=\"826\" height=\"960\" srcset=\"https:\/\/www.hashtag.al\/wp-content\/uploads\/2018\/10\/Librazhd20tetor.jpg5_.jpg 826w, https:\/\/www.hashtag.al\/wp-content\/uploads\/2018\/10\/Librazhd20tetor.jpg5_-258x300.jpg 258w, https:\/\/www.hashtag.al\/wp-content\/uploads\/2018\/10\/Librazhd20tetor.jpg5_-768x893.jpg 768w\" sizes=\"auto, (max-width: 826px) 100vw, 826px\" \/> <img loading=\"lazy\" decoding=\"async\" class=\"aligncenter size-full wp-image-243380\" src=\"https:\/\/hashtag.al\/wp-content\/uploads\/2018\/10\/Librazhd20tetor.jpg4_.jpg\" alt=\"\" width=\"640\" height=\"960\" srcset=\"https:\/\/www.hashtag.al\/wp-content\/uploads\/2018\/10\/Librazhd20tetor.jpg4_.jpg 640w, https:\/\/www.hashtag.al\/wp-content\/uploads\/2018\/10\/Librazhd20tetor.jpg4_-200x300.jpg 200w\" sizes=\"auto, (max-width: 640px) 100vw, 640px\" \/> <img loading=\"lazy\" decoding=\"async\" class=\"aligncenter size-full wp-image-243381\" src=\"https:\/\/hashtag.al\/wp-content\/uploads\/2018\/10\/Librazhd20tetor.jpg3_.jpg\" alt=\"\" width=\"640\" height=\"960\" srcset=\"https:\/\/www.hashtag.al\/wp-content\/uploads\/2018\/10\/Librazhd20tetor.jpg3_.jpg 640w, https:\/\/www.hashtag.al\/wp-content\/uploads\/2018\/10\/Librazhd20tetor.jpg3_-200x300.jpg 200w\" sizes=\"auto, (max-width: 640px) 100vw, 640px\" \/> <img loading=\"lazy\" decoding=\"async\" class=\"aligncenter size-full wp-image-243382\" src=\"https:\/\/hashtag.al\/wp-content\/uploads\/2018\/10\/Librazhd20tetor.jpg2_.jpg\" alt=\"\" width=\"720\" height=\"960\" srcset=\"https:\/\/www.hashtag.al\/wp-content\/uploads\/2018\/10\/Librazhd20tetor.jpg2_.jpg 720w, https:\/\/www.hashtag.al\/wp-content\/uploads\/2018\/10\/Librazhd20tetor.jpg2_-225x300.jpg 225w\" sizes=\"auto, (max-width: 720px) 100vw, 720px\" \/> <img loading=\"lazy\" decoding=\"async\" class=\"aligncenter size-full wp-image-243383\" src=\"https:\/\/hashtag.al\/wp-content\/uploads\/2018\/10\/Librazhd20tetor.jpg\" alt=\"\" width=\"720\" height=\"960\" srcset=\"https:\/\/www.hashtag.al\/wp-content\/uploads\/2018\/10\/Librazhd20tetor.jpg 720w, https:\/\/www.hashtag.al\/wp-content\/uploads\/2018\/10\/Librazhd20tetor-225x300.jpg 225w\" sizes=\"auto, (max-width: 720px) 100vw, 720px\" \/><\/p>\n","protected":false,"gt_translate_keys":[{"key":"rendered","format":"html"}]},"excerpt":{"rendered":"<p>Nj\u00eb qytetar nga Librazhdi ka denoncuar prerjen masive dhe shkat\u00ebrrimin e pyjeve n\u00eb zon\u00ebn e Rrajc\u00ebs. Sipas tij, pyjet e zon\u00ebs i jan\u00eb dh\u00ebn\u00eb me koncesion nj\u00eb kompania private, gj\u00eb q\u00eb \u00ebsht\u00eb kund\u00ebrshtuar nga banor\u00ebt t\u00eb cil\u00ebt kan\u00eb zhvilluar protesta dhe nj\u00eb peticion kryeministrit Rama. Pas k\u00ebsaj, firma ka hedhur n\u00eb gjyq banor\u00ebt dhe prokuroria [&hellip;]<\/p>\n","protected":false,"gt_translate_keys":[{"key":"rendered","format":"html"}]},"author":51,"featured_media":243378,"comment_status":"open","ping_status":"open","sticky":false,"template":"","format":"standard","meta":{"footnotes":""},"categories":[65],"tags":[],"class_list":["post-243376","post","type-post","status-publish","format-standard","has-post-thumbnail","hentry","category-lajme"],"gt_translate_keys":[{"key":"link","format":"url"}],"_links":{"self":[{"href":"https:\/\/www.hashtag.al\/index.php\/wp-json\/wp\/v2\/posts\/243376","targetHints":{"allow":["GET"]}}],"collection":[{"href":"https:\/\/www.hashtag.al\/index.php\/wp-json\/wp\/v2\/posts"}],"about":[{"href":"https:\/\/www.hashtag.al\/index.php\/wp-json\/wp\/v2\/types\/post"}],"author":[{"embeddable":true,"href":"https:\/\/www.hashtag.al\/index.php\/wp-json\/wp\/v2\/users\/51"}],"replies":[{"embeddable":true,"href":"https:\/\/www.hashtag.al\/index.php\/wp-json\/wp\/v2\/comments?post=243376"}],"version-history":[{"count":0,"href":"https:\/\/www.hashtag.al\/index.php\/wp-json\/wp\/v2\/posts\/243376\/revisions"}],"wp:featuredmedia":[{"embeddable":true,"href":"https:\/\/www.hashtag.al\/index.php\/wp-json\/wp\/v2\/media\/243378"}],"wp:attachment":[{"href":"https:\/\/www.hashtag.al\/index.php\/wp-json\/wp\/v2\/media?parent=243376"}],"wp:term":[{"taxonomy":"category","embeddable":true,"href":"https:\/\/www.hashtag.al\/index.php\/wp-json\/wp\/v2\/categories?post=243376"},{"taxonomy":"post_tag","embeddable":true,"href":"https:\/\/www.hashtag.al\/index.php\/wp-json\/wp\/v2\/tags?post=243376"}],"curies":[{"name":"wp","href":"https:\/\/api.w.org\/{rel}","templated":true}]}}